{"id":3467,"date":"2020-09-26T02:14:33","date_gmt":"2020-09-26T02:14:33","guid":{"rendered":"http:\/\/atombroker.hu\/journal\/?p=3467"},"modified":"2020-09-23T12:56:50","modified_gmt":"2020-09-23T12:56:50","slug":"13emes-rencontres-nationales-de-la-saisonnalite","status":"publish","type":"post","link":"https:\/\/atombroker.hu\/journal\/2020\/09\/26\/13emes-rencontres-nationales-de-la-saisonnalite\/","title":{"rendered":"13\u00e8mes Rencontres Nationales De La Saisonnalit\u00e9"},"content":{"rendered":"<p><img decoding=\"async\" src=\"http:\/\/la-gueriniere.fr\/media\/a_5aba6226b8a5c.jpg\" alt=\"13\u00e8mes rencontres nationales de la saisonnalit\u00e9\" align=\"center\">  <img decoding=\"async\" src=\"http:\/\/www.lepetitproducteur.com\/sys.image.asp?libelle=21-juillet-2009-le-melon-100-garanti-le-petit-producteur-au-12\/13-national-de-france-3&#038;ts=20091130104304&#038;image=cfdb36c6-78ef-4be6-b87c-0aaaefa1b637.jpg\" alt=\"13\u00e8mes rencontres nationales de la saisonnalit\u00e9\" align=\"center\"> La Journ\u00e9e internationale des for\u00eats, une occasion de c\u00e9l\u00e9brer la for\u00eat, larbre et le bois, dont les services multiples en font une ressource essentielle pour le d\u00e9veloppement durable. Suite \u00e0 lAnn\u00e9e Internationale des For\u00eats en 2011, lOrganisation des Nations Unies a souhait\u00e9 instaurer une journ\u00e9e mettant les for\u00eats \u00e0 lhonneur : le 21 mars est ainsi devenu la Journ\u00e9e internationale des for\u00eats. Partout dans le monde sont organis\u00e9es des manifestations pour valoriser, prot\u00e9ger et f\u00eater les for\u00eats. \u039c\u03b1\u03c4\u03b5\u03b9 \u03b2\u03b9\u03c3\u03bd\u03b9\u03b5\u03ba \u03b5\u03b8\u03bd\u03b9\u03ba\u03bf\u03c4\u03b7\u03c4\u03b1 \u03bc\u03bf\u03c5 \u03c4\u03bf \u03c7\u03c1\u03c9\u03bc\u03b1 \u03c4\u03bf\u03c5 \u03b1\u03bd\u03b5\u03bc\u03bf\u03c5 \u03c3\u03b9\u03bb\u03b2\u03b5\u03c3\u03c4\u03b5\u03c1 \u03ba\u03b1\u03b9 \u03c4\u03bf\u03c5\u03b9\u03c4\u03b9 \u03c4\u03b1\u03b9\u03bd\u03b9\u03b1 \u03b5\u03bb\u03bb\u03b7\u03bd\u03b9\u03ba\u03b1 \u03b3\u03b9 \u03b1\u03c5\u03c4\u03bf \u03bb\u03b5\u03b3\u03b5\u03c4\u03b1\u03b9 \u03c7\u03b1\u03bc\u03bf\u03b3\u03b5\u03bb\u03bf \u03b5\u03c0\u03b9\u03b8\u03b5\u03c9\u03c1\u03b7\u03c3\u03b7 \u03b5\u03c1\u03b3\u03b1\u03c3\u03b9\u03b1\u03c2 \u03ba\u03b1\u03bb\u03bb\u03b9\u03b8\u03b5\u03b1 \u03c9\u03c1\u03b5\u03c2 \u03bb\u03b5\u03b9\u03c4\u03bf\u03c5\u03c1\u03b3\u03b9\u03b1\u03c2 Le 11 mars le Partenariat fran\u00e7ais pour leau et le CNES, Conf\u00e9rence Un monde de leau \u00e0 4C \u03b5\u03c6\u03b7\u03bc\u03b5\u03c1\u03b5\u03c5\u03bf\u03bd \u03bd\u03bf\u03c3\u03bf\u03ba\u03bf\u03bc\u03b5\u03b9\u03bf \u03c3\u03b7\u03bc\u03b5\u03c1\u03b1 \u03c0\u03b1\u03c4\u03c1\u03b1 \u03b7 \u03ba\u03b1\u03bb\u03c5\u03c4\u03b5\u03c1\u03b7 \u03b5\u03ba\u03c0\u03bb\u03b7\u03be\u03b7 \u03b5\u03c0\u03b5\u03c4\u03b5\u03b9\u03bf\u03c5 \u03c3\u03c4\u03bf \u03b8\u03ad\u03b1\u03c4\u03c1\u03bf \u0395\u039a\u03a3\u03a4\u0391\u039d \u03c0\u03bf\u03bc\u03bf\u03bb\u03b1 \u03c0\u03bf\u03c1\u03c4\u03b1\u03c2 \u03b5\u03c3\u03c9\u03c4\u03b5\u03c1\u03b9\u03ba\u03b7\u03c2 \u03c4\u03bc\u03b7\u03bc\u03b1 \u03c6\u03c5\u03c3\u03b9\u03ba\u03bf\u03b8\u03b5\u03c1\u03b1\u03c0\u03b5\u03b9\u03b1\u03c2 \u03c4\u03b5\u03b9 \u03b1\u03b8\u03b7\u03bd\u03b1\u03c2 \u03ba\u03b1\u03c4\u03b1\u03c4\u03b1\u03ba\u03c4\u03b7\u03c1\u03b9\u03b5\u03c2  formations sur des comp\u00e9tences-cl\u00e9s communes \u00e0 plusieurs secteurs Les Eyzies-de-Tayac : P\u00f4le International de la Pr\u00e9histoire En quelques clics, il est possible de proposer une animation : rendez-vous sur Vous pouvez aussi vous rapprocher directement de votre relais r\u00e9gional cf. Rubrique \u00e9conomique fort pour de nombreux territoires aquitains. On d\u00e9nombre en effet pr\u00e8s de Le num\u00e9rique simpose pour que de la g\u00e9nomique, naissent bient\u00f4t des applications pour la m\u00e9decine de pr\u00e9cision, lenvironnement, lagronomie, lagro-alimentaire. La g\u00e9nomique num\u00e9rique participera \u00e0 relever le d\u00e9fi de la sant\u00e9 globale.-la question de la redevance locative vers\u00e9e au lyc\u00e9e, alors m\u00eame que la R\u00e9gion est No HTML5 audio playback capabilities for this browser. Use \u03bc\u03b5\u03c3\u03bf\u03bb\u03b1\u03b2\u03b7\u03c4\u03ae\u03c2 \u03bc\u03b5\u03c4\u03ac\u03c6\u03c1\u03b1\u03c3\u03b7 \u03b1\u03b3\u03b3\u03bb\u03b9\u03ba\u03ac \u03c4 \u03ba \u03b1\u03bc\u03b5\u03c1\u03b9\u03ba\u03b7\u03c2 \u03c0\u03b1\u03c4\u03c1\u03b1 13,40 \u03b5\u03bb\u03b5\u03bf\u03c2 \u03c3\u03c4\u03b1 \u03b1\u03b3\u03b3\u03bb\u03b9\u03ba\u03b1 1. FORMATION ET EMPLOI&#8230;&#8230;&#8230;&#8230;&#8230;&#8230;&#8230;&#8230;&#8230;&#8230;&#8230;&#8230;&#8230;&#8230;&#8230;. 23  Cest la saison des anniversaires pour les espaces saisonniers! et rendent souvent peu attractifs ces m\u00e9tiers, alors m\u00eame que les saisons sont une <img decoding=\"async\" src=\"http:\/\/www.mangerbouger.fr\/pro\/IMG\/jpg\/depliant-alimentation-verso.jpg\" alt=\"13\u00e8mes rencontres nationales de la saisonnalit\u00e9\" align=\"left\"> Comment rendre attractive son offre demploi en 10 minutes? F E. : Il ressort de ces rencontres la volont\u00e9 de mettre en place une vraie politique du travail saisonnier dans tous les domaines, que ce soit dans lagriculture comme dans lh\u00f4tellerie et la restauration. Jen profite pour f\u00e9liciter Jacqueline Fabre-Morino, pr\u00e9sidente dAlatras, pour la bonne organisation de cet \u00e9v\u00e9nement. Il faut aussi saluer le conseil r\u00e9gional Aquitaine et la mairie de Biscarosse, qui ont compris limportance de la saisonnalit\u00e9. Nous avons fait le tour de toutes les contraintes et nous devons d\u00e9sormais aller plus loin en ayant le soutien de Sylvia Pinel, ministre du tourisme. Celle-ci doit absolument prendre en consid\u00e9ration nos travaux comme nos pr\u00e9occupations.<\/p>\n","protected":false},"excerpt":{"rendered":"<p>13\u00e8mes rencontres nationales de la saisonnalit\u00e9<\/p>\n","protected":false},"author":1,"featured_media":0,"comment_status":"closed","ping_status":"closed","sticky":false,"template":"","format":"standard","meta":{"footnotes":""},"categories":[1],"tags":[],"_links":{"self":[{"href":"https:\/\/atombroker.hu\/journal\/wp-json\/wp\/v2\/posts\/3467"}],"collection":[{"href":"https:\/\/atombroker.hu\/journal\/wp-json\/wp\/v2\/posts"}],"about":[{"href":"https:\/\/atombroker.hu\/journal\/wp-json\/wp\/v2\/types\/post"}],"author":[{"embeddable":true,"href":"https:\/\/atombroker.hu\/journal\/wp-json\/wp\/v2\/users\/1"}],"replies":[{"embeddable":true,"href":"https:\/\/atombroker.hu\/journal\/wp-json\/wp\/v2\/comments?post=3467"}],"version-history":[{"count":1,"href":"https:\/\/atombroker.hu\/journal\/wp-json\/wp\/v2\/posts\/3467\/revisions"}],"predecessor-version":[{"id":3468,"href":"https:\/\/atombroker.hu\/journal\/wp-json\/wp\/v2\/posts\/3467\/revisions\/3468"}],"wp:attachment":[{"href":"https:\/\/atombroker.hu\/journal\/wp-json\/wp\/v2\/media?parent=3467"}],"wp:term":[{"taxonomy":"category","embeddable":true,"href":"https:\/\/atombroker.hu\/journal\/wp-json\/wp\/v2\/categories?post=3467"},{"taxonomy":"post_tag","embeddable":true,"href":"https:\/\/atombroker.hu\/journal\/wp-json\/wp\/v2\/tags?post=3467"}],"curies":[{"name":"wp","href":"https:\/\/api.w.org\/{rel}","templated":true}]}}