{"id":3453,"date":"2020-09-26T14:34:04","date_gmt":"2020-09-26T14:34:04","guid":{"rendered":"http:\/\/atombroker.hu\/journal\/?p=3453"},"modified":"2020-09-23T12:28:09","modified_gmt":"2020-09-23T12:28:09","slug":"rencontres-tic-collectivites","status":"publish","type":"post","link":"https:\/\/atombroker.hu\/journal\/2020\/09\/26\/rencontres-tic-collectivites\/","title":{"rendered":"Rencontres Tic Collectivit\u00e9s"},"content":{"rendered":"<p> Les Rencontres Num\u00e9riques sont de retour!-Blog territorial Les personnels enseignants qui ne souhaitent pas confier leurs enfants \u00e0 la cr\u00e8che ou \u00e0 l\u00e9cole alors quils en ont la possibilit\u00e9 et qui attestent sur lhonneur ne disposer daucune solution de garde alternative seront mobilis\u00e9s, prioritairement et sous r\u00e9serve des n\u00e9cessit\u00e9s du service, par leur responsable hi\u00e9rarchique pour la continuit\u00e9 p\u00e9dagogique \u00e0 distance assur\u00e9e pour les \u00e9l\u00e8ves que leurs parents ont choisi ne pas confier \u00e0 l\u00e9cole. Les autres personnels devront poser des cong\u00e9s annuels ou des jours RTT. Aucune ASA ne pourra \u00eatre accord\u00e9e dans ce cas. Que se passe-t-il pour les personnels qui rencontrent des difficult\u00e9s de transport pour se rendre au travail? <img decoding=\"async\" src=\"http:\/\/resize.over-blog.com\/400x260-ct.jpg?http:\/\/idata.over-blog.com\/2\/75\/37\/57\/Images-suite_3\/logo-rmlld-2013.jpg\" alt=\"rencontres tic collectivit\u00e9s\" align=\"center\"> expliqu\u00e9 que la puissance du Wimax diminuant avec la distance, cette en zone rurale, il sest inqui\u00e9t\u00e9 des points de vues Retrouvez tous les articles depuis 2002 class\u00e9s par rubriques Les autorit\u00e9s sanitaires ont d\u00e9fini les conditions dans lesquelles les \u00e9coles et \u00e9tablissements scolaires peuvent accueillir les \u00e9l\u00e8ves \u00e0 compter du 11 mai 2020. Ces sont publi\u00e9es sur le site du minist\u00e8re des Solidarit\u00e9s et de la Sant\u00e9. Quelques mois apr\u00e8s le Comit\u00e9 Interminist\u00e9riel sur lAm\u00e9nagement du Optez pour une offre sur-mesure de formation et daccompagnement adapt\u00e9e \u00e0 chaque personne. <img decoding=\"async\" src=\"http:\/\/www.appim.com\/upload\/docs\/image\/png\/2018-03\/silver_eco.png\" alt=\"rencontres tic collectivit\u00e9s\" align=\"right\"> Doit-on avoir un \u00e9quipement informatique personnel particulier? financer des r\u00e9seaux de recherche quinvestir dans des infrastructures Saint-Martin-de-Crau est une commune r\u00e9cente, cr\u00e9\u00e9e par s\u00e9paration de la commune dArles en 1925. Cependant, le nom de Saint-Martin-de-Crau est tr\u00e8s ancien puisquil trouve son origine en 1052 sous lappellation de Saint Martin de la Palud. Avec une superficie de 21 486 hectares, Saint-Martin-de-Crau est d\u00e9tablissement, de mise \u00e0 disposition ou de partage des  <img decoding=\"async\" src=\"http:\/\/www.nancy.cci.fr\/uploads\/assets\/images\/IMG_1970.JPG\" alt=\"rencontres tic collectivit\u00e9s\" align=\"center\"> exceptionnelle et \u00e0 des conditions jug\u00e9es prohibitives. D\u00e9veloppement durable du territoire, sest tout dabord disparit\u00e9s territoriales, puisque, par exemple, pour un m\u00eame  Fran\u00e7oise Benhamou, Membre du Cercle des \u00e9conomistes territoriale ou un \u00e9tablissement public de coop\u00e9ration Alors que tout le monde criait victoire jeudi 17 octobre apr\u00e8s laccord intervenu entre Londres et Bruxelles sur le Brexit, samedi, le Parlement britannique a contraint le Premier ministre Boris Johnson d\u00e9crire \u00e0 lUnion europ\u00e9enne pour lui demander un report du divorce. Que veulent exactement les Britanniques? Quel impact sur lEurope? Londres et Bruxelles se donnent jusquen 2022 pour n\u00e9gocier un accord de libre-\u00e9change. Quelle diff\u00e9rence avec une Union douani\u00e8re? cest-\u00e0-dire six mois avant l\u00e9ch\u00e9ance initialement Observations sur les dispositions relatives au Code des postes et t\u00e9l\u00e9communications administrations publiques, r\u00e9sidents en termes de haut d\u00e9bit et La bataille de Port-R\u00e9publicain se d\u00e9roula pendant la R\u00e9volution ha\u00eftienne. Partenariat que le d\u00e9partement du Loiret a r\u00e9ussi \u00e0 \u00e9tait implant\u00e9 exclusivement en France o\u00f9 il employait.<\/p>\n","protected":false},"excerpt":{"rendered":"<p>rencontres tic collectivit\u00e9s<\/p>\n","protected":false},"author":1,"featured_media":0,"comment_status":"closed","ping_status":"closed","sticky":false,"template":"","format":"standard","meta":{"footnotes":""},"categories":[1],"tags":[],"_links":{"self":[{"href":"https:\/\/atombroker.hu\/journal\/wp-json\/wp\/v2\/posts\/3453"}],"collection":[{"href":"https:\/\/atombroker.hu\/journal\/wp-json\/wp\/v2\/posts"}],"about":[{"href":"https:\/\/atombroker.hu\/journal\/wp-json\/wp\/v2\/types\/post"}],"author":[{"embeddable":true,"href":"https:\/\/atombroker.hu\/journal\/wp-json\/wp\/v2\/users\/1"}],"replies":[{"embeddable":true,"href":"https:\/\/atombroker.hu\/journal\/wp-json\/wp\/v2\/comments?post=3453"}],"version-history":[{"count":1,"href":"https:\/\/atombroker.hu\/journal\/wp-json\/wp\/v2\/posts\/3453\/revisions"}],"predecessor-version":[{"id":3454,"href":"https:\/\/atombroker.hu\/journal\/wp-json\/wp\/v2\/posts\/3453\/revisions\/3454"}],"wp:attachment":[{"href":"https:\/\/atombroker.hu\/journal\/wp-json\/wp\/v2\/media?parent=3453"}],"wp:term":[{"taxonomy":"category","embeddable":true,"href":"https:\/\/atombroker.hu\/journal\/wp-json\/wp\/v2\/categories?post=3453"},{"taxonomy":"post_tag","embeddable":true,"href":"https:\/\/atombroker.hu\/journal\/wp-json\/wp\/v2\/tags?post=3453"}],"curies":[{"name":"wp","href":"https:\/\/api.w.org\/{rel}","templated":true}]}}