{"id":3389,"date":"2020-09-26T06:09:44","date_gmt":"2020-09-26T06:09:44","guid":{"rendered":"http:\/\/atombroker.hu\/journal\/?p=3389"},"modified":"2020-09-23T08:14:36","modified_gmt":"2020-09-23T08:14:36","slug":"espace-jeunes-rencontre-fougeres","status":"publish","type":"post","link":"https:\/\/atombroker.hu\/journal\/2020\/09\/26\/espace-jeunes-rencontre-fougeres\/","title":{"rendered":"Espace Jeunes Rencontre Fougeres"},"content":{"rendered":"<p>A loccasion de la Journ\u00e9e internationale des droits des femmes le 8 mars, une exposition C\u00f4t\u00e9 PileC\u00f4te Face r\u00e9v\u00e8le des femmes de lUBS. Rencontre avec Sophie Malvoisin. Nouvel accueil de loisirs aux Foug\u00e8res Site officiel de la ville Le Raincy-Le Raincy permettent \u00e0 nos partenaires de vous fournir des offres et publicit\u00e9s selon vos centres dint\u00e9r\u00eat Salon du livre jeunesse de Foug\u00e8res Agglom\u00e9ration-Selle-en-Luitr\u00e9 35133-Exposition-Concert-Gravure-Peinture-Foire-Salon-Spectacle-Lecture-Conte-Po\u00e9sie-Atelier A loccasion de la Journ\u00e9e internationale des droits des femmes le 8 mars, une exposition C\u00f4t\u00e9 PileC\u00f4te Face r\u00e9v\u00e8le des femmes de lUBS. Rencontre avec Virginie Boy. Connaissance de la Suite Adobe In Design, etc. NEWSLETTER DE VOS CYBER-BASES DE LA VALETTE DU VAR JUIN 2012 BONJOUR A TOUS MERCREDI 30 MAI 2012 : ASSEMBLEE GENERALE A PARTIR DE 15H AU PARC SAINTE CLAIRE EN JUIN : MODIFICATION DU PLANNING Du La permanence <img decoding=\"async\" src=\"http:\/\/www.ille-et-vilaine.gouv.fr\/var\/ezwebin_site\/storage\/images\/actualites\/breves\/mes-demarches-en-ligne-a-l-aide-d-un-mediateur-numerique\/carte-ppng-35\/268194-1-fre-FR\/carte-ppng-35.jpg\" alt=\"espace jeunes rencontre fougeres\" align=\"center\"> Tout enfant non inscrit au pr\u00e9alable, ne sera pas accept\u00e9 \u00e0 la garderie. En lien avec le projet p\u00e9dagogique de laccueil de loisirs adolescents, les jeunes peuvent d\u00e9couvrir et sinitier \u00e0 des activit\u00e9s ludiques, sportives, culturelles et de loisirs. 3 Activit\u00e9s les mercredis 14h-16h Lets sing GRATUIT F\u00eate de la 16h-18h 21 JUIN musique just dance DIY musique 28 JUIN 5 JUILLET Molkky Atelier Nail Art Jeu du Loup garou Concours de Palets Chaque semaine, une sortie et deux soir\u00e9es sont organis\u00e9es et des activit\u00e9s en tous genres sont propos\u00e9es aux 1020 ans. Les sorties et les repas sont soumis \u00e0 inscription et une petite participation est demand\u00e9e. Pour le reste des activit\u00e9s, ladh\u00e9sion \u00e0 Familles Actives 5 et une cotisation de 3 par an et par jeune suffisent pour y acc\u00e9der. Signaler votre passage aupr\u00e8s dun biblioth\u00e9caire apr\u00e8s utilisation dun poste. On pouvait par exemple parler, sous, de la foresta des p\u00eaches de la Seine. On trouve dans les de 747-814 lexpression silva forestis pour d\u00e9signer des \u00e9tendues bois\u00e9es relevant du domaine royal. Les termes foresta, ou silva forestis ont alors valeur juridique, d\u00e9signant un territoire soustrait \u00e0 lusage g\u00e9n\u00e9ral zone dans laquelle il est d\u00e9fendu de d\u00e9fricher et o\u00f9 la chasse ou la p\u00eache sont gard\u00e9es. Progressivement, le terme sest sp\u00e9cialis\u00e9 pour ne plus d\u00e9signer que les \u00e9tendues bois\u00e9es relevant du roi ou dun seigneur, tandis que dapr\u00e8s Baudrillart op cit. Apparaissait lexpression les eaux et for\u00eats, ou les eaux-for\u00eats, dans un sens proche du sens initial de forestae. Et\u00e9 2015 \u00e0 Nice Destination Ailleurs! Quelles activit\u00e9s pour vos enfants dans les accueils de loisirs et centres de vacances municipaux de Nice? 1 Du 6 juillet au 25 ao\u00fbt 2015, les 3.200 enfants accueillis D\u00e9couvrez comment nous nous mobilisons aupr\u00e8s des personnes handicap\u00e9es <img decoding=\"async\" src=\"http:\/\/www.louvignedudesert.org\/media\/thumbnails\/kiosquelaposte__027164100_0927_04092018.jpg\" alt=\"espace jeunes rencontre fougeres\" align=\"right\"> Javascript doit \u00eatre activ\u00e9 dans votre navigateur pour que vous puissiez utiliser les fonctionnalit\u00e9s de ce site internet.  H\u00d4TEL RESTAURANT DE CHARME Au c\u0153ur du pays cathare Pour \u00eatre s\u00fbr de r\u00e9ussir votre s\u00e9minaire, r\u00e9union ou \u00e9v\u00e9nement d entreprise Un site unique au bord de l Aude Notre Ch\u00e2teau met \u00e0 votre disposition : 35 \u00c9pid\u00e9mie Coronavirus Covid-19, tout ce quil faut savoir : <img decoding=\"async\" src=\"http:\/\/www.posabitat.com\/wp-content\/uploads\/2013\/10\/FL-FJT-2013-04-16-36604.jpg\" alt=\"espace jeunes rencontre fougeres\" align=\"left\"> Les temp\u00eates, comme en Europe de lOuest, provoquent le d\u00e9racinement et labattage des arbres, qui forment les ou leur cassure par le milieu du tronc, laissant en place les chandeliers et au sol les volis. En France, la temp\u00eate de 1999 a ainsi abattu 146 millions de m de bois.  6 avril 2013 : Dans le cadre de lAgenda 21, participation au Forum Citoyen organis\u00e9 par la Ville de Dinan. Atelier La Vie v\u00e9g\u00e9tale anim\u00e9 par Pascal Lascrompe de lassociation Les Petits D\u00e9brouillards.  If you are on a personal connection, like at home, you can run an anti-virus scan on your device to make sure it is not infected with malware.<\/p>\n","protected":false},"excerpt":{"rendered":"<p>espace jeunes rencontre fougeres<\/p>\n","protected":false},"author":1,"featured_media":0,"comment_status":"closed","ping_status":"closed","sticky":false,"template":"","format":"standard","meta":{"footnotes":""},"categories":[1],"tags":[],"_links":{"self":[{"href":"https:\/\/atombroker.hu\/journal\/wp-json\/wp\/v2\/posts\/3389"}],"collection":[{"href":"https:\/\/atombroker.hu\/journal\/wp-json\/wp\/v2\/posts"}],"about":[{"href":"https:\/\/atombroker.hu\/journal\/wp-json\/wp\/v2\/types\/post"}],"author":[{"embeddable":true,"href":"https:\/\/atombroker.hu\/journal\/wp-json\/wp\/v2\/users\/1"}],"replies":[{"embeddable":true,"href":"https:\/\/atombroker.hu\/journal\/wp-json\/wp\/v2\/comments?post=3389"}],"version-history":[{"count":1,"href":"https:\/\/atombroker.hu\/journal\/wp-json\/wp\/v2\/posts\/3389\/revisions"}],"predecessor-version":[{"id":3390,"href":"https:\/\/atombroker.hu\/journal\/wp-json\/wp\/v2\/posts\/3389\/revisions\/3390"}],"wp:attachment":[{"href":"https:\/\/atombroker.hu\/journal\/wp-json\/wp\/v2\/media?parent=3389"}],"wp:term":[{"taxonomy":"category","embeddable":true,"href":"https:\/\/atombroker.hu\/journal\/wp-json\/wp\/v2\/categories?post=3389"},{"taxonomy":"post_tag","embeddable":true,"href":"https:\/\/atombroker.hu\/journal\/wp-json\/wp\/v2\/tags?post=3389"}],"curies":[{"name":"wp","href":"https:\/\/api.w.org\/{rel}","templated":true}]}}