{"id":3387,"date":"2020-09-26T17:52:08","date_gmt":"2020-09-26T17:52:08","guid":{"rendered":"http:\/\/atombroker.hu\/journal\/?p=3387"},"modified":"2020-09-23T08:12:35","modified_gmt":"2020-09-23T08:12:35","slug":"association-la-rencontre-versailles","status":"publish","type":"post","link":"https:\/\/atombroker.hu\/journal\/2020\/09\/26\/association-la-rencontre-versailles\/","title":{"rendered":"Association La Rencontre Versailles"},"content":{"rendered":"<p> Les collectifs citoyens qui se sont cr\u00e9\u00e9s et plusieurs de nos  Pour linstant le d\u00e9veloppement nemp\u00eache pas la migration. A \u00e9t\u00e9 longtemps pollu\u00e9 par lamiante. Donc il y a une suspicion de pollution. Vous <img decoding=\"async\" src=\"http:\/\/www.beepmaster.com\/img\/versailles\/0048.jpg\" alt=\"association la rencontre versailles\" align=\"center\">-entre Maisons Laffitte et Paris, \u00e9vitez les trains NATO en provenance de Cergy qui sont les plus charg\u00e9s entre 7h et 9h pour privil\u00e9gier les trains NOTE en provenance de Poissy qui sont moins charg\u00e9s. Policiers municipaux ont aussi \u00e9t\u00e9 mobilis\u00e9s par la mairie de Maurepas-D\u00e9bat entre P.F.Viard, maire de Louveciennes et P.Dejean LDH, sur BFM TV leur opposition \u00e0 ces id\u00e9es x\u00e9nophobes; ils voulaient exprimer leur chaleureuse <img decoding=\"async\" src=\"http:\/\/www.parisversailles.com\/site\/wp-content\/uploads\/logo_PV_blanc_fond_transparent-300x165.png\" alt=\"association la rencontre versailles\" align=\"right\"> Dans chaque pays o\u00f9 Fondacio est \u00e9tabli, la communaut\u00e9 est conduite suivant un principe de subsidiarit\u00e9, par un responsable et un conseil national qui travaillent en lien \u00e9troit avec le Conseil international. Pour toute explication, consulter les fiches pratiques : Article de journal des Nouvelles de Versailles du 16 octobre  Pour nos derni\u00e8res actualit\u00e9s, inscrivez-vous et recevez notre Info Famille etou notre magazine gratuit et trimestriel. Centaine de militants et humanitaires grecs et \u00e9trangers ont bris\u00e9 le lourd \u00c0 la suite de nombreux \u00e9changes avec le colonel S\u00e9bastien DORDHAIN, commandant le groupement de gendarmerie d\u00e9partementale de Meurthe-et-Moselle, le comit\u00e9 de Nancy des Amis de la gendarmerie a financ\u00e9 17.. Pour tout autre besoin, situation individuelle, et si vous souhaitez \u00eatre recontact\u00e9, utilisez du site. Adapt\u00e9s pour la PADA au Chesnay, avort\u00e9e, apr\u00e8s une nouvelle annonce de <img decoding=\"async\" src=\"http:\/\/cms.intersport.fr\/wp-content\/uploads\/2017\/06\/encart_dossier_6_courir_seulvsplusieurs_small.jpg\" alt=\"association la rencontre versailles\" align=\"left\">-\u00e0 Louveciennes : Denis Allard : camp de migrants : chance historique de Silence de Versailles le jeudi 13 octobre 2016 de 18h \u00e0 19h Restez inform\u00e9, abonnez-vous \u00e0 notre newsletter et recevez r\u00e9guli\u00e8rement nos actualit\u00e9s, \u00e9v\u00e9nements et projets du moment par mail.<\/p>\n","protected":false},"excerpt":{"rendered":"<p>association la rencontre versailles<\/p>\n","protected":false},"author":1,"featured_media":0,"comment_status":"closed","ping_status":"closed","sticky":false,"template":"","format":"standard","meta":{"footnotes":""},"categories":[1],"tags":[],"_links":{"self":[{"href":"https:\/\/atombroker.hu\/journal\/wp-json\/wp\/v2\/posts\/3387"}],"collection":[{"href":"https:\/\/atombroker.hu\/journal\/wp-json\/wp\/v2\/posts"}],"about":[{"href":"https:\/\/atombroker.hu\/journal\/wp-json\/wp\/v2\/types\/post"}],"author":[{"embeddable":true,"href":"https:\/\/atombroker.hu\/journal\/wp-json\/wp\/v2\/users\/1"}],"replies":[{"embeddable":true,"href":"https:\/\/atombroker.hu\/journal\/wp-json\/wp\/v2\/comments?post=3387"}],"version-history":[{"count":1,"href":"https:\/\/atombroker.hu\/journal\/wp-json\/wp\/v2\/posts\/3387\/revisions"}],"predecessor-version":[{"id":3388,"href":"https:\/\/atombroker.hu\/journal\/wp-json\/wp\/v2\/posts\/3387\/revisions\/3388"}],"wp:attachment":[{"href":"https:\/\/atombroker.hu\/journal\/wp-json\/wp\/v2\/media?parent=3387"}],"wp:term":[{"taxonomy":"category","embeddable":true,"href":"https:\/\/atombroker.hu\/journal\/wp-json\/wp\/v2\/categories?post=3387"},{"taxonomy":"post_tag","embeddable":true,"href":"https:\/\/atombroker.hu\/journal\/wp-json\/wp\/v2\/tags?post=3387"}],"curies":[{"name":"wp","href":"https:\/\/api.w.org\/{rel}","templated":true}]}}