{"id":3365,"date":"2020-09-26T09:56:56","date_gmt":"2020-09-26T09:56:56","guid":{"rendered":"http:\/\/atombroker.hu\/journal\/?p=3365"},"modified":"2020-09-23T07:30:37","modified_gmt":"2020-09-23T07:30:37","slug":"rencontre-et-loisir-hurigny","status":"publish","type":"post","link":"https:\/\/atombroker.hu\/journal\/2020\/09\/26\/rencontre-et-loisir-hurigny\/","title":{"rendered":"Rencontre Et Loisir Hurigny"},"content":{"rendered":"<p>Une adh\u00e9sion de 15 est demand\u00e9e lors de la premi\u00e8re inscription. Pour les vacances scolaires, les inscriptions fonctionnent \u00e0 la semaine. Quotient familial <img decoding=\"async\" src=\"http:\/\/www.lescassquilles.fr\/medias\/images\/affiche-open-molkky-indoor-2017-fond-blanc1297-page-001.jpg\" alt=\"rencontre et loisir hurigny\" align=\"right\"> Soir\u00e9es spontan\u00e9es entre amis, connaissances, coll\u00e8gues.. Cest un tsunami, quel succ\u00e8s! Seconde Fleur dor pour la Ville de M\u00e2con, M\u00e2con notre ville, n o 13, d\u00e9cembre 2016, p 6. Et Mairie de M\u00e2con, Les Col\u00e8res de la Sa\u00f4ne, M\u00e2con notre ville, n o 9, juillet-ao\u00fbt 2016, p. 30-31 PDF. Ville de M\u00e2con, sur macon.fr consult\u00e9 le 8 mai 2020.  Ville de M\u00e2con, sur macon.fr consult\u00e9 le 7 ao\u00fbt 2020. Le village \u00e9tait li\u00e9 \u00e0 la commune de jusqu\u00e0 la puisque cette derni\u00e8re \u00e9tait rattach\u00e9e \u00e0 l\u00e9glise de Saint-Jean. NACE Rev.2 EU 2008 : Activit\u00e9s des organisations associatives n.c.a. 9499 Jaccepte de recevoir les offres sp\u00e9ciales des partenaires du site Cela peut \u00eatre de servir \u00e0 une buvette lors dun \u00e9v\u00e9nement Faire des gaufres pour des enfants Remplir des fiches dinscription Installer une salle pour une r\u00e9ception Distribuer des flyers ou des affiches Aider \u00e0 la cr\u00e9ation de d\u00e9guisements Ecrire un petit article pour le journal Etre pr\u00e9sent \u00e0 lentr\u00e9e dun spectacle Vendre des billets Monter un barnum Ou simplement donner des id\u00e9es Apr\u00e8s de longues semaines difficiles, rouvre enfin ses portes samedi 13 juin \u00e0 9h30 <img decoding=\"async\" src=\"http:\/\/gal.ulyn.net\/676538_1.jpeg\" alt=\"rencontre et loisir hurigny\" align=\"right\"> Du fait de louverture et de la fermeture successives de ses cinq diff\u00e9rents cin\u00e9mas au fil des ann\u00e9es, il ny a jamais eu dans lhistoire de M\u00e2con en un peu plus dun si\u00e8cle, de 1907 \u00e0 2013 plus de trois cin\u00e9mas situ\u00e9s dans des lieux diff\u00e9rents qui aient fonctionn\u00e9 simultan\u00e9ment.  Les offices de tourisme vous accompagnent tout au long de votre s\u00e9jour.  APF France handicap est agr\u00e9\u00e9e par le Comit\u00e9 de la Charte du don en confiance, organisme dagr\u00e9ment et de contr\u00f4le des associations et fondations faisant appel aux dons. Deux gares se r\u00e9partissent les voyageurs \u00e0 M\u00e2con. Celle de, linfrastructure historique, a \u00e9t\u00e9 inaugur\u00e9e en et fait partie des axes-et. Situ\u00e9e au centre-ville, elle est desservie par la ligne PLM et celle de M\u00e2con \u00e0 Amb\u00e9rieu. Durant la, le b\u00e2timent principal est d\u00e9truit puis un autre a \u00e9t\u00e9 reconstruit par la suite, ce qui explique larchitecture moderne de la gare en comparaison des gares de centre-ville quon peut trouver notamment \u00e0 ou. Du 22 juin 2020 au 29 juin 2020 Une exposition intimiste de lartiste photographe par voyage dans le.. Randonn\u00e9e VTT adapt\u00e9e \u00e0 tous les v\u00e9t\u00e9tistes, du d\u00e9butant au plus confirm\u00e9 8 \u00e0 50 km-5 circuits. <img decoding=\"async\" src=\"http:\/\/seven.ianmarquis.info\/advent-media\/uploads\/2014\/12\/114b-Format-site.jpg\" alt=\"rencontre et loisir hurigny\" align=\"center\"> Association Pour la Sauvegarde du Patrimoine dHurigny.<\/p>\n","protected":false},"excerpt":{"rendered":"<p>rencontre et loisir hurigny<\/p>\n","protected":false},"author":1,"featured_media":0,"comment_status":"closed","ping_status":"closed","sticky":false,"template":"","format":"standard","meta":{"footnotes":""},"categories":[1],"tags":[],"_links":{"self":[{"href":"https:\/\/atombroker.hu\/journal\/wp-json\/wp\/v2\/posts\/3365"}],"collection":[{"href":"https:\/\/atombroker.hu\/journal\/wp-json\/wp\/v2\/posts"}],"about":[{"href":"https:\/\/atombroker.hu\/journal\/wp-json\/wp\/v2\/types\/post"}],"author":[{"embeddable":true,"href":"https:\/\/atombroker.hu\/journal\/wp-json\/wp\/v2\/users\/1"}],"replies":[{"embeddable":true,"href":"https:\/\/atombroker.hu\/journal\/wp-json\/wp\/v2\/comments?post=3365"}],"version-history":[{"count":1,"href":"https:\/\/atombroker.hu\/journal\/wp-json\/wp\/v2\/posts\/3365\/revisions"}],"predecessor-version":[{"id":3366,"href":"https:\/\/atombroker.hu\/journal\/wp-json\/wp\/v2\/posts\/3365\/revisions\/3366"}],"wp:attachment":[{"href":"https:\/\/atombroker.hu\/journal\/wp-json\/wp\/v2\/media?parent=3365"}],"wp:term":[{"taxonomy":"category","embeddable":true,"href":"https:\/\/atombroker.hu\/journal\/wp-json\/wp\/v2\/categories?post=3365"},{"taxonomy":"post_tag","embeddable":true,"href":"https:\/\/atombroker.hu\/journal\/wp-json\/wp\/v2\/tags?post=3365"}],"curies":[{"name":"wp","href":"https:\/\/api.w.org\/{rel}","templated":true}]}}