{"id":3309,"date":"2020-09-26T19:10:42","date_gmt":"2020-09-26T19:10:42","guid":{"rendered":"http:\/\/atombroker.hu\/journal\/?p=3309"},"modified":"2020-09-23T03:57:19","modified_gmt":"2020-09-23T03:57:19","slug":"ma-rencontre-avec-audrey-pulvar","status":"publish","type":"post","link":"https:\/\/atombroker.hu\/journal\/2020\/09\/26\/ma-rencontre-avec-audrey-pulvar\/","title":{"rendered":"Ma Rencontre Avec Audrey Pulvar"},"content":{"rendered":"<p>Un site du groupe Prisma M\u00e9dia GJ Network-CPPAP : 0215 W 90269 Ce sont des sujets cruciaux pour la FNH et nous restons attach\u00e9s \u00e0 la d\u00e9finition la plus exigeante possible de ce quest un perturbateur endocrinien, puisquelle est remise en cause par nos partenaires allemands. Nous r\u00e9clamons que les engagements pris par le candidat Macron soient tenus et que ce travail soit poursuivi. Sur les n\u00e9onicotino\u00efdes, la France a avanc\u00e9 aussi gr\u00e2ce au travail de la FNH. Nous souhaitons que nous nabaissions pas nos standards et que notre avance infuse sur nos partenaires europ\u00e9ens. \u00catre sans-abri, cest une nuit blanche tous les soirs dans la nuit noire, la peur au ventre Elina DUMONT le 11102019 \u00e0 9h00, 12, place Stalingrad m Jaur\u00e8s  <img decoding=\"async\" src=\"http:\/\/www.technikart.com\/wp-content\/gallery\/foc-sur-les-planches-deauville-16\/elie-semoun-non-elie-c-est-par-la.jpg\" alt=\"ma rencontre avec audrey pulvar\" align=\"center\"> Oui, elle \u00e9tait visc\u00e9ralement f\u00e9ministe, la fille aussi savoureuse que les fraises \u00e0 la cr\u00e8me 1, dans une Am\u00e9rique misogyne dont les femmes blanches sont pri\u00e9es de retourner \u00e0 leur cuisine apr\u00e8s quelles avaient pris leur vie et la construction du pays en main, pendant que les hommes combattaient pour le triomphe de la d\u00e9mocratie en Europe. Leur accomplissement, cest leur foyer. Des enfants \u00e0 \u00e9lever, un mari auquel on pr\u00e9pare un casse-cro\u00fbte et dont on attend, patiente, le retour du bureau le soir, des r\u00e9unions Tupperware, des catalogues de vente par correspondance et la foi dans lavenir. Celles qui travaillent sont soit issues des minorit\u00e9s ethniques, soit ouvri\u00e8res, soit consid\u00e9r\u00e9es comme dangereusement \u00e9prises de libert\u00e9, voire en perdition, r\u00e9duites \u00e0 des t\u00e2ches subalternes, soumises au droit de cuissage et d\u00e9courag\u00e9es desp\u00e9rer mieux 2. Marilyn ne cessera, elle, de se battre pour sortir des sch\u00e9mas d\u00e9cid\u00e9s pour elle par les hommes du cin\u00e9ma, de chercher, m\u00eame dans ses r\u00f4les les plus sots, un fil \u00e0 tirer, une dimension propre \u00e0 lui conf\u00e9rer de l\u00e9paisseur. 3&#8212; Dautres femmes singuli\u00e8res selon Audrey Pulvar <img decoding=\"async\" src=\"http:\/\/spiklt.cf\/~ros\/images\/tetus02.jpg\" alt=\"ma rencontre avec audrey pulvar\" align=\"right\"> Nombreux sont ceux qui sont venus construire leur propre nichoir \u00e0 oiseaux tout en apprenant comment les arbres peuvent prot\u00e9ger les oiseau. Jaccepte de recevoir par email les offres commerciales de Paris-Normandie Tout le programme des premi\u00e8res Rencontres de la biodiversit\u00e9 de lAgglo Dieppe-Maritime est disponible sur le site internet \u00e0 ladresse mail http:www.agglodieppe-maritime.comrencontres_de_la_biodiversite.html Cest tr\u00e8s important, cest loccasion d\u00eatre en contact direct avec les lecteurs, d\u00e9changer avec eux. Les librairies sont des lieux que jaime et que je d\u00e9fends. M\u00eame si cest parfois fatiguant, je ferai toujours ces s\u00e9ances de d\u00e9dicaces, cest tr\u00e8s enrichissant. Il y en a certaines dont je me souviendrai toute ma vie. Entrepreneur, \u00e0 linitiative de 1millionTreesforTunisia  p On shabitue un peu trop aux neuneux en fait..p Wikipedia est une marque d\u00e9pos\u00e9e de la, organisation de bienfaisance r\u00e9gie par le paragraphe du code fiscal des \u00c9tats-Unis. Dans tous vos portraits, vous rendez le corps de ces femmes tr\u00e8s pr\u00e9sent. Laeticia Hallyday a \u00e9t\u00e9 g\u00e2t\u00e9e par ses filles Jade et Joy pour la f\u00eate des M\u00e8res c\u00e9l\u00e9br\u00e9e le 10 mai 2020 aux Etats-Unis. R\u00e9sum\u00e9 : Le livre est centr\u00e9 sur le personnage de Nazperi Nalbanto\u011flu, appel\u00e9e affectueusement Peri par ses proches, que lon suit tout au long du roman \u00e0 diff\u00e9rentes p\u00e9riodes de sa vie entre 1980 et 2016. Lorsque lhistoire d\u00e9bute, \u00e0 Istanbul en 2016, Peri a une quarantaine dann\u00e9es et est une femme mari\u00e9e et m\u00e8re de trois enfants, dont une adolescente. Dans la sc\u00e8ne douverture, \u00e0 la suite dun embouteillage, Peri se fait voler son sac par un malfrat. Dans ce sac, il y a de nombreuses babioles. Mais aussi un objet capital auquel est sentimentalement tr\u00e8s attach\u00e9e cette femme: une C\u00e9tait ponctuellement li\u00e9 au d\u00e9part du gouvernement de Nicolas Hulot. Un ministre directement d\u00e9pendant du Premier ministre, qui m\u00e8nerait une politique transversale et pour lequel la transition \u00e9cologique ne soit pas juste un secteur aux c\u00f4t\u00e9s dautres. Mais FNH a travaill\u00e9 sur des propositions plus \u00e9tay\u00e9es constitutionnellement comme la cr\u00e9ation dune Chambre du futur 2. Aujourdhui la soci\u00e9t\u00e9 civile est hypermobilis\u00e9e. Je rencontre partout des gens qui sorganisent, plein de petits projets qui exp\u00e9rimentent la responsabilit\u00e9 et la sobri\u00e9t\u00e9, des entreprises qui font de l\u00e9conomie sociale et solidaire, des start-up qui innovent Super! Mais sans maillage, cela ne suffira pas \u00e0 inverser le syst\u00e8me. \u00c0 travers la d\u00e9cision politique, le changement de paradigme devrait \u00eatre une cause nationale. Ce nest pas le cas.  1 Les Bronz\u00e9sde Patrice Leconte : \u00c9norme!! Une r\u00e9f\u00e9rence. A-t-on fait mieux en France, dans le genre, depuis \u00e0 part Le P\u00e8re No\u00ebl est une ordure? Non! En revanche, si L es Bronz\u00e9s font du ski ent\u00e9rine la l\u00e9gende, on se passe sans difficult\u00e9 des Bronz\u00e9s 3, 4, 10 000 <img decoding=\"async\" src=\"http:\/\/static1.ozap.com\/articles\/0\/46\/09\/20\/@\/4471758-audrey-pulvar-tres-emue-dans-le-opengraph_1200-1.jpg\" alt=\"ma rencontre avec audrey pulvar\" align=\"center\"> La journaliste Audrey Pulvar et son compagnon, le d\u00e9put\u00e9 PS de Sa\u00f4ne-et-Loire Arnaud Montebourg, ont \u00e9t\u00e9 pris \u00e0 partie mardi soir \u00e0 Paris par des individus scandant des slogans favorables au FN et des injures antis\u00e9mites, selon un r\u00e9cit de Mme Pulvar sur Twitter confirm\u00e9 par M Montebourg. Rentrant \u00e0 pied avec mon compagnon, nous avons \u00e9t\u00e9 pris \u00e0 partie par une quinzaine dindividus. Aux cris de la France aux Fran\u00e7ais et autres Le Pen pr\u00e9sident, a racont\u00e9 la journaliste sur son compte Twitter.<\/p>\n","protected":false},"excerpt":{"rendered":"<p>ma rencontre avec audrey pulvar<\/p>\n","protected":false},"author":1,"featured_media":0,"comment_status":"closed","ping_status":"closed","sticky":false,"template":"","format":"standard","meta":{"footnotes":""},"categories":[1],"tags":[],"_links":{"self":[{"href":"https:\/\/atombroker.hu\/journal\/wp-json\/wp\/v2\/posts\/3309"}],"collection":[{"href":"https:\/\/atombroker.hu\/journal\/wp-json\/wp\/v2\/posts"}],"about":[{"href":"https:\/\/atombroker.hu\/journal\/wp-json\/wp\/v2\/types\/post"}],"author":[{"embeddable":true,"href":"https:\/\/atombroker.hu\/journal\/wp-json\/wp\/v2\/users\/1"}],"replies":[{"embeddable":true,"href":"https:\/\/atombroker.hu\/journal\/wp-json\/wp\/v2\/comments?post=3309"}],"version-history":[{"count":1,"href":"https:\/\/atombroker.hu\/journal\/wp-json\/wp\/v2\/posts\/3309\/revisions"}],"predecessor-version":[{"id":3310,"href":"https:\/\/atombroker.hu\/journal\/wp-json\/wp\/v2\/posts\/3309\/revisions\/3310"}],"wp:attachment":[{"href":"https:\/\/atombroker.hu\/journal\/wp-json\/wp\/v2\/media?parent=3309"}],"wp:term":[{"taxonomy":"category","embeddable":true,"href":"https:\/\/atombroker.hu\/journal\/wp-json\/wp\/v2\/categories?post=3309"},{"taxonomy":"post_tag","embeddable":true,"href":"https:\/\/atombroker.hu\/journal\/wp-json\/wp\/v2\/tags?post=3309"}],"curies":[{"name":"wp","href":"https:\/\/api.w.org\/{rel}","templated":true}]}}