{"id":3303,"date":"2020-09-26T17:10:43","date_gmt":"2020-09-26T17:10:43","guid":{"rendered":"http:\/\/atombroker.hu\/journal\/?p=3303"},"modified":"2020-09-23T03:16:44","modified_gmt":"2020-09-23T03:16:44","slug":"rencontre-cerf-volant","status":"publish","type":"post","link":"https:\/\/atombroker.hu\/journal\/2020\/09\/26\/rencontre-cerf-volant\/","title":{"rendered":"Rencontre Cerf Volant"},"content":{"rendered":"<p><img decoding=\"async\" src=\"http:\/\/come4news.com\/wp-content\/uploads\/2007\/04\/07_cerf-volant_chat_et_titi.jpg\" alt=\"rencontre cerf volant\" align=\"left\"> Le service communication nous a confi\u00e9 lorganisation et la logistique de cette manifestation, qui sest tenue en juillet 2006. Nous avons r\u00e9uni les passionn\u00e9s de cerfs-volants, ballons, montgolfi\u00e8res, mini montgolfi\u00e8res, Ici, vous ne manquerez pas de place pour poser votre serviette! Azoospermie : absence de spermatozo\u00efdes \u00e0 l\u00e9jacul\u00e2t ; on parle de L azoospermie s\u00e9cr\u00e9toire ou azoospermie non obstructive ANO si lanomalie est une absence totale de la spermatogen\u00e8se qui se d\u00e9roule dans le testicule, au niveau des tubes s\u00e9minif\u00e8res, lorigine de lalt\u00e9ration de la spermatogen\u00e8se peut \u00eatre soit une affection testiculaire primitive cong\u00e9nitale ou acquise ; soit une insuffisance hypothalamo-hypophysaire acquise cong\u00e9nitale.   Tout au long de cette semaine, de nombreux enfants se succ\u00e8dent au th\u00e9\u00e2tre Bernard Blier pour venir d\u00e9couvrir cet univers f\u00e9\u00e9rique. Durant une heure, ils d\u00e9couvrent lexposition, visionnent un film sur les prouesses de Nasser Omar et fabriquent et d\u00e9corent leur propre cerf-volant, quils pourront faire voler ce week-end. Ce mardi matin, une trentaine denfants de de l\u00e9cole maternelle de Bannans ont fait le d\u00e9placement dans la capitale du Haut-Doubs. Dans le cadre dun projet \u00e9ducatif sur les quatre \u00e9l\u00e9ments, les enseignants ont profit\u00e9 de la tenue de ce festival pour aborder le th\u00e8me de lair, une notion abstraite et pas toujours \u00e9vidente \u00e0 comprendre pour des enfants de cette classe d\u00e2ge. Promenade litt\u00e9raire dans Le Havre, sous forme dun parcours de 20 \u00e9tapes, mat\u00e9rialis\u00e9es par des bancs. Ces bancs sont plac\u00e9s dans la ville, sur des sites \u00e9voqu\u00e9s par des \u00e9crivains. Des extraits de textes invitent \u00e0 contempler le paysage environnant \u00e0 travers leurs regards. Cette balade senrichit dun site Internet qui permet, \u00e0 laide dun portable, dacc\u00e9der \u00e0 des informations compl\u00e9mentaires. Chaque \u00e9tape renvoie \u00e0 un QR code permettant lacc\u00e8s au site Internet. Petits et grands, le Festival International de Cerf-Volant et du Vent \u00e0 Ch\u00e2telaillon-Plage ravira toute la famille pour le weekend de P\u00e2ques! Atelier cr\u00e9ation de cerf-volants pour les plus jeunes, bapt\u00eames de char \u00e0 cerf-volant et d\u00e9monstration de power kite pour les plus sportifs, vol synchronis\u00e9 par l\u00c9quipe de Voltige de lArm\u00e9e de lAir et biens dautres surprises vous attendent sur le sable de Ch\u00e2telaillon-Plage. Retour en images sur l\u00e9dition 2019 Festival du Cerf-Volant de Dieppe 2012 Yann Pelcat  <img decoding=\"async\" src=\"http:\/\/www.pasdecalais.fr\/var\/cg62\/storage\/images\/mediatheque\/a-photos-et-docs-actus-agenda\/cerf-volants-berck-2017-15_2\/1262496-1-fre-FR\/Cerf-volants-Berck-2017-15_2_galleryfull.jpg\" alt=\"rencontre cerf volant\" align=\"right\"> Retrouvez votre num\u00e9ro dabonn\u00e9 sur vos factures ou en appelant le service abonnements au 02 35 14 57 57 Le samedi 13 avril 2019, \u00e0 partir de 21 heures, une parade onirique, peupl\u00e9e de m\u00e9duses, dastres, dhippocampes ou de poissons d\u00e9mesur\u00e9s, d\u00e9ambulera sur lesplanade avant le lancement du traditionnel vol de nuit et du spectacle pyrotechnique. Jeux de lumi\u00e8res, ballets a\u00e9riens, feux dartifice et cr\u00e9atures fantastiques.. Le r\u00eave sera beau \u00e0 Berck-sur-Mer. Retour sur l\u00e9dition 2018 des Rencontre internationales de cerfs-volants Qui fait quoi et pourquoi? O\u00f9 et \u00e0 quelle fr\u00e9quence vous \u00eates-vous entra\u00een\u00e9? Chaque cormoran avait autour du cou un anneau attach\u00e9 \u00e0 une corde qui l Bmp\u00eachait de s \u00e9loigner. Sa trge porle des feuilles \u00e0 5 lobes, des fleurs jaunes tr\u00e8s \u00e9ph\u00e9m\u00e8res et des frulls. Le colonnier a besoin de beaucoup de chaleur et d humidit\u00e9 pendanl s\u00ea croissance. Jambes de coton : lambes molies. Filer un mauvais ccto,aller mal. Les 33\u00e8mes Rencontres Internationales de Cerfs-Volants ont d\u00e9but\u00e9 ce samedi sur la plage de Berck. Avec pour th\u00e8me cette ann\u00e9e: le voyage. Laffiche des Rencontres Internationales de Cerfs-Volants 2020 d\u00e9voil\u00e9e! <img decoding=\"async\" src=\"http:\/\/www.superb.convinceapp.com\/6667-home_default\/cerf-volant-losange.jpg\" alt=\"rencontre cerf volant\" align=\"left\"> Festivals VersuS, le titre de la premi\u00e8re chanson issu dun projet incroyable et \u00e9vident. Calendrier 2019 de Manifestations : Berck, Dieppe, Cayeux sur Mer, Bray-Dunes..-Ledroqueen.<\/p>\n","protected":false},"excerpt":{"rendered":"<p>rencontre cerf volant<\/p>\n","protected":false},"author":1,"featured_media":0,"comment_status":"closed","ping_status":"closed","sticky":false,"template":"","format":"standard","meta":{"footnotes":""},"categories":[1],"tags":[],"_links":{"self":[{"href":"https:\/\/atombroker.hu\/journal\/wp-json\/wp\/v2\/posts\/3303"}],"collection":[{"href":"https:\/\/atombroker.hu\/journal\/wp-json\/wp\/v2\/posts"}],"about":[{"href":"https:\/\/atombroker.hu\/journal\/wp-json\/wp\/v2\/types\/post"}],"author":[{"embeddable":true,"href":"https:\/\/atombroker.hu\/journal\/wp-json\/wp\/v2\/users\/1"}],"replies":[{"embeddable":true,"href":"https:\/\/atombroker.hu\/journal\/wp-json\/wp\/v2\/comments?post=3303"}],"version-history":[{"count":1,"href":"https:\/\/atombroker.hu\/journal\/wp-json\/wp\/v2\/posts\/3303\/revisions"}],"predecessor-version":[{"id":3304,"href":"https:\/\/atombroker.hu\/journal\/wp-json\/wp\/v2\/posts\/3303\/revisions\/3304"}],"wp:attachment":[{"href":"https:\/\/atombroker.hu\/journal\/wp-json\/wp\/v2\/media?parent=3303"}],"wp:term":[{"taxonomy":"category","embeddable":true,"href":"https:\/\/atombroker.hu\/journal\/wp-json\/wp\/v2\/categories?post=3303"},{"taxonomy":"post_tag","embeddable":true,"href":"https:\/\/atombroker.hu\/journal\/wp-json\/wp\/v2\/tags?post=3303"}],"curies":[{"name":"wp","href":"https:\/\/api.w.org\/{rel}","templated":true}]}}