{"id":3187,"date":"2020-09-26T11:40:42","date_gmt":"2020-09-26T11:40:42","guid":{"rendered":"http:\/\/atombroker.hu\/journal\/?p=3187"},"modified":"2020-09-22T21:08:10","modified_gmt":"2020-09-22T21:08:10","slug":"rencontres-du-3e-tic","status":"publish","type":"post","link":"https:\/\/atombroker.hu\/journal\/2020\/09\/26\/rencontres-du-3e-tic\/","title":{"rendered":"Rencontres Du 3e Tic"},"content":{"rendered":"<p>Lart et la vie ne font quun, Institut Fran\u00e7ais, Berlin, Allemagne Construire votre strat\u00e9gie export aux cot\u00e9s des meilleurs experts de lAfrique La deuxi\u00e8me illustration sur laquelle je souhaite attirer votre attention, cest la place des affaires judiciaires dans les journaux t\u00e9l\u00e9vis\u00e9s de 20 h 00, 13 h 00 ou 22 h 00. Aucun journal t\u00e9l\u00e9vis\u00e9 ne comporte au moins une ou deux affaires judiciaires illustr\u00e9es ou reprises. Pour sadresser plus largement aux acteurs territoriaux, le Comit\u00e9 21 sest implant\u00e9 en Pays de la Loire. R\u00e9sultats de la recherche Page 13 LEurope sengage en France, le portail des Fonds europ\u00e9ens 4. Remercie le gouvernement de lIndon\u00e9sie pour sa contribution \u00e0 lorganisation dun atelier sous r\u00e9gional pour le suivi du deuxi\u00e8me cycle du Rapport p\u00e9riodique ; Alliance Carton Nature ACN lance la 4\u00e8me \u00e9dition de lop\u00e9ration EcoleNature. Cate Blanchett, sa premi\u00e8re rencontre avec son mari : Il ma jug\u00e9e hautaine-Purepeople : version Directors Cut :-version restaur\u00e9e : Julie et Marion, en troisi\u00e8me ann\u00e9e de Licence de Math\u00e9matiques, parcours Statistique nous font d\u00e9couvrir leur quotidien sur le campus de Vannes, que ce soit c\u00f4t\u00e9 cours ou bien c\u00f4t\u00e9 vie \u00e9tudiante. Le 3 octobre, chez Rouge Vif Territoires, Olivier Gouillet dICADE et Pierre Bieuzen de lAgence R\u00e9gionale de la Biodiversit\u00e9 dOccitanie ont pr\u00e9sent\u00e9 des cas concrets dadaptation aux changements climatiques gr\u00e2ce \u00e0 la biodiversit\u00e9. <img decoding=\"async\" src=\"http:\/\/www.chantierecole.org\/IMG\/jpg\/imgp1864.jpg\" alt=\"rencontres du 3e tic\" align=\"right\">  Publication de la 3e \u00e9dition du Guide des Campus Responsables 2 Centr\u00e9e sur le rapport de lindividu \u00e0 lautonomie et \u00e0 la libert\u00e9, la vuln\u00e9rabilit\u00e9 d\u00e9signe la cap Le prix du kilogramme du CAF\u00c9 pour la campagne 2018-2019 est fix\u00e9 \u00e0 700 F CFA Pr\u00e9sident, Association Marocaine des Investisseurs en Capital AMIC Accueille en outre favorablement l\u00e9laboration dindicateurs renforc\u00e9s et exhaustifs en vue dam\u00e9liorer le suivi sur les avanc\u00e9es effectu\u00e9es par les \u00c9tats parties dans la mise en \u0153uvre de la Convention ainsi que de la Recommandation de 1972 concernant la protection, au niveau national, du patrimoine culturel et naturel, compl\u00e9tant la Recommandation de l\u00c9valuation du travail normatif de lUNESCO dans le domaine de la culture Partie III-Convention de 1972 concernant la protection du patrimoine mondial culturel et naturel ; Le Comit\u00e9 21, r\u00e9seau dacteurs engag\u00e9s dans lAgenda 21 en France, facilite au niveau national depuis 2005, la mise en oeuvre des d\u00e9marches de d\u00e9velopement durable, de l\u00e9cole au campus Agenda 21 scolaires avec la r\u00e9alisation doutils m\u00e9thodologiqu Le GIE-Objectif transport public organise chaque ann\u00e9e les Challenges de la Journ\u00e9e du transport public. <img decoding=\"async\" src=\"http:\/\/assets.viata.be\/uploads\/cache\/product_170x170\/img\/product\/am\/an\/amanprana-kotobuki-the-rooibos-poudre-40g.56dba7.jpg\" alt=\"rencontres du 3e tic\" align=\"left\"> Le REFEDD et Avenir Climatique relancent une grande consultation nationale \u00e9tudiante sur le D\u00e9veloppement durable 7. Invite les Etats parties \u00e0 soutenir financi\u00e8rement et techniquement la mise en \u0153uvre du Plan dAction R\u00e9gional 2012-2017 par des activit\u00e9s de suivi en collaboration avec le Centre du patrimoine mondial et les Organisations consultatives ; Article r\u00e9dig\u00e9 par Chlo\u00e9 Barray-Leroy, Tilda Garnier-Ho\u00efjer, Sarah Delattre, Selma Sa\u00efdi, R\u00e9becca Demontreuil et Sheila Duwicquet.  Journ\u00e9e Statistical Advances for Real Data Problems, \u00e0 Paris- Association pour les applications p\u00e9dagogiques de lordinateur au postsecondaire APOP \ufe0f Une \u00e9mission \u00e0 \u00e9couter sur BetaSeries et votre appli de podcast. <img decoding=\"async\" src=\"http:\/\/maptime.io\/belgium\/img\/2018-05-04-evolutic.png\" alt=\"rencontres du 3e tic\" align=\"left\"> Les c\u00e9r\u00e9monies de comm\u00e9moration de larmistice du 11 novembre 1918 et dhommage \u00e0 tous les morts pour la France des 10 et 11 novembre 2016 ont mobilis\u00e9 de tr\u00e8s nombreux \u00e9l\u00e8ves \u00e0 travers toute lacad\u00e9mie.<\/p>\n","protected":false},"excerpt":{"rendered":"<p>rencontres du 3e tic<\/p>\n","protected":false},"author":1,"featured_media":0,"comment_status":"closed","ping_status":"closed","sticky":false,"template":"","format":"standard","meta":{"footnotes":""},"categories":[1],"tags":[],"_links":{"self":[{"href":"https:\/\/atombroker.hu\/journal\/wp-json\/wp\/v2\/posts\/3187"}],"collection":[{"href":"https:\/\/atombroker.hu\/journal\/wp-json\/wp\/v2\/posts"}],"about":[{"href":"https:\/\/atombroker.hu\/journal\/wp-json\/wp\/v2\/types\/post"}],"author":[{"embeddable":true,"href":"https:\/\/atombroker.hu\/journal\/wp-json\/wp\/v2\/users\/1"}],"replies":[{"embeddable":true,"href":"https:\/\/atombroker.hu\/journal\/wp-json\/wp\/v2\/comments?post=3187"}],"version-history":[{"count":1,"href":"https:\/\/atombroker.hu\/journal\/wp-json\/wp\/v2\/posts\/3187\/revisions"}],"predecessor-version":[{"id":3188,"href":"https:\/\/atombroker.hu\/journal\/wp-json\/wp\/v2\/posts\/3187\/revisions\/3188"}],"wp:attachment":[{"href":"https:\/\/atombroker.hu\/journal\/wp-json\/wp\/v2\/media?parent=3187"}],"wp:term":[{"taxonomy":"category","embeddable":true,"href":"https:\/\/atombroker.hu\/journal\/wp-json\/wp\/v2\/categories?post=3187"},{"taxonomy":"post_tag","embeddable":true,"href":"https:\/\/atombroker.hu\/journal\/wp-json\/wp\/v2\/tags?post=3187"}],"curies":[{"name":"wp","href":"https:\/\/api.w.org\/{rel}","templated":true}]}}