{"id":3185,"date":"2020-09-26T18:24:55","date_gmt":"2020-09-26T18:24:55","guid":{"rendered":"http:\/\/atombroker.hu\/journal\/?p=3185"},"modified":"2020-09-22T21:05:33","modified_gmt":"2020-09-22T21:05:33","slug":"concours-rencontre-patrick-bruel","status":"publish","type":"post","link":"https:\/\/atombroker.hu\/journal\/2020\/09\/26\/concours-rencontre-patrick-bruel\/","title":{"rendered":"Concours Rencontre Patrick Bruel"},"content":{"rendered":"<p>\u00c9cole Paul-\u00c9luard de Bagneux Hauts-de-Seine, acad\u00e9mie de Versailles Le roi qui naimait pas la musique, un conte musical \u00e9crit par Mathieu Laine, mis en musique par Karol Beffa et interpr\u00e9t\u00e9 par Karol Beffa piano, Renaud Capu\u00e7on violon, Victor Julien-Laferri\u00e8re violoncelle, Paul Meyer clarinette et Patrick Bruel narrateur. Cet \u00e9v\u00e9nement rassemble 150 \u00e9l\u00e8ves de CP, CE1 et CE2. Il est diffus\u00e9 en direct le lundi 2 septembre 2019 d\u00e8s 9h30 sur Radio Classique. Ecoutez Bel RTL sur votre smartphone ou que vous soyez et quand vous le voulez, gr\u00e2ce \u00e0 notre application pour iPhone et Android. Recherchez dans une ville et aux alentours par d\u00e9faut, 15km : <img decoding=\"async\" src=\"http:\/\/img.src.ca\/2015\/12\/11\/635x357\/151211_t39lc_ascen_bruel-barbara_sn635.jpg\" alt=\"concours rencontre patrick bruel\" align=\"center\"> nrco.contentDetailController.content.status published? Contenu publi\u00e9 : Votre note ne doit pas \u00eatre vide, saisissez un texte. Pour tenter de devenir LE plus grand fan belge de Patrick Bruel, r\u00e9pondez aux 10 questions ci-dessous et \u00e0 la question subsidiaire. Vous avez 30 secondes entre chaque question pour r\u00e9pondre. Vous avez \u00e9galement la possibilit\u00e9 de partager pour obtenir une seconde chance de gagner cette rencontre exceptionnelle : I just signed this and would love for you to as well \ufe0f https:t.coxyu7r7ur3y D\u00e9tails Parce qu\u00e0 Brive Festival, on y vient en famille, entre amis, faire la f\u00eate et voir les artistes que lon aime avec les gens que  <img decoding=\"async\" src=\"http:\/\/www.activradio.com\/wp-content\/uploads\/2014\/05\/patrick-bruel-concert.jpg\" alt=\"concours rencontre patrick bruel\" align=\"left\">   Linvit\u00e9 star du festival Big Bang de Saint-M\u00e9dard-en-Jalles 33, lastronaute Thomas Pesquet, a r\u00e9pondu hier aux questions pos\u00e9es par dix jeunes lecteurs de Sud Ouest. Ce samedi, tous ceux qui avaient achet\u00e9 un billet pour cette troisi\u00e8me journ\u00e9e de festival venaient pour Patrick Bruel. Cest bien simple, plus dheure avant son spectacle, il ne restait plus grand monde devant les autres sc\u00e8nes du Parc de 7 Heures. Un spectacle \u00e9tonnant. Alors que nous assistions \u00e0 lexcellente prestation de Feu! Chatterton sur la sc\u00e8ne Proximus, plusieurs milliers de personnes nous tournaient le dos et se positionnaient d\u00e9j\u00e0 pour leur idole sans pr\u00eater attention et oreilles aux envol\u00e9es lyriques de lexcellente formation rock parisienne qui jouait pourtant \u00e0 quelques m\u00e8tres deux. <img decoding=\"async\" src=\"http:\/\/www.rosecarpet.fr\/wp-content\/uploads\/TOUS-EN-SCENE.jpg\" alt=\"concours rencontre patrick bruel\" align=\"left\"> sera, mardi 4 juin, en concert \u00e0 la Halle Tony Garnier. Quelques minutes avant de monter sur sc\u00e8ne, Patrick Bruel sera sur Radio SCOOP pour une \u00e9mission sp\u00e9ciale et en public! Soyez inform\u00e9s des nouveaux jeux-concours et bons plans! Pendant 5 jours, vous allez danser et chanter avec tous les artistes du Brive Festival 2016 : Louane, Louise Attaque, Maitre Gims, Kendji Girac, Vous \u00eates la seule personne \u00e0 pouvoir lire le contenu de vos notes. Celles-ci sont et resteront confidentielles. Patrick Bruel, Conversation avec, Plon, 2011, p. 44. Hubert-F\u00e9lix Thi\u00e9faine, dit HFT, est un auteur-compositeur-interpr\u00e8te fran\u00e7ais n\u00e9 \u00e0 Dole Jura le 21 juillet 1948.<\/p>\n","protected":false},"excerpt":{"rendered":"<p>concours rencontre patrick bruel<\/p>\n","protected":false},"author":1,"featured_media":0,"comment_status":"closed","ping_status":"closed","sticky":false,"template":"","format":"standard","meta":{"footnotes":""},"categories":[1],"tags":[],"_links":{"self":[{"href":"https:\/\/atombroker.hu\/journal\/wp-json\/wp\/v2\/posts\/3185"}],"collection":[{"href":"https:\/\/atombroker.hu\/journal\/wp-json\/wp\/v2\/posts"}],"about":[{"href":"https:\/\/atombroker.hu\/journal\/wp-json\/wp\/v2\/types\/post"}],"author":[{"embeddable":true,"href":"https:\/\/atombroker.hu\/journal\/wp-json\/wp\/v2\/users\/1"}],"replies":[{"embeddable":true,"href":"https:\/\/atombroker.hu\/journal\/wp-json\/wp\/v2\/comments?post=3185"}],"version-history":[{"count":1,"href":"https:\/\/atombroker.hu\/journal\/wp-json\/wp\/v2\/posts\/3185\/revisions"}],"predecessor-version":[{"id":3186,"href":"https:\/\/atombroker.hu\/journal\/wp-json\/wp\/v2\/posts\/3185\/revisions\/3186"}],"wp:attachment":[{"href":"https:\/\/atombroker.hu\/journal\/wp-json\/wp\/v2\/media?parent=3185"}],"wp:term":[{"taxonomy":"category","embeddable":true,"href":"https:\/\/atombroker.hu\/journal\/wp-json\/wp\/v2\/categories?post=3185"},{"taxonomy":"post_tag","embeddable":true,"href":"https:\/\/atombroker.hu\/journal\/wp-json\/wp\/v2\/tags?post=3185"}],"curies":[{"name":"wp","href":"https:\/\/api.w.org\/{rel}","templated":true}]}}