{"id":3177,"date":"2020-09-26T23:30:50","date_gmt":"2020-09-26T23:30:50","guid":{"rendered":"http:\/\/atombroker.hu\/journal\/?p=3177"},"modified":"2020-09-22T20:30:20","modified_gmt":"2020-09-22T20:30:20","slug":"rencontres-internationales-de-la-guitare-antony","status":"publish","type":"post","link":"https:\/\/atombroker.hu\/journal\/2020\/09\/26\/rencontres-internationales-de-la-guitare-antony\/","title":{"rendered":"Rencontres Internationales De La Guitare Antony"},"content":{"rendered":"<p><img decoding=\"async\" src=\"http:\/\/www.prisedevue.com\/photos\/bestpicssingle18\/cruiseships_1569.jpg\" alt=\"rencontres internationales de la guitare antony\" align=\"right\"> et Baroque en stock \u00e0 Paris, Arts Centre Kuala Lumpur, Festival  Suivi des cours de L1 Acoustique 1 2 et de L2 AcoustiquePhonation Le texte pr\u00e9voit \u00e9galement la lib\u00e9ration de 5000 talibans par Kaboul environ un tiers des insurg\u00e9s en d\u00e9tention contre mille membres des forces afghanes aux mains des insurg\u00e9s. Avec plus de de 700 concerts et 3 millions de disques vendus. Axel Bauer est une figure incontournable de la sc\u00e8ne musicale fran\u00e7aise.Ses morceaux Cargo, \u00c9teins la Lumi\u00e8re et \u00c0 ma Place duo avec Zazie sont des monuments du rock et de la pop fran\u00e7aise. Si le grand public le connait surtout comme chanteur, Axel Bauer est \u00e9galement un styliste de la guitare, un soliste \u00e0 la personnalit\u00e9 bien tremp\u00e9 et un esth\u00e8te du son. Membre du comit\u00e9 dorganisation et du comit\u00e9 scientifique du colloque international Quand la guitare s\u00e9lectrise, 23-24 juin 2016, Amphith\u00e9\u00e2tre de la Cit\u00e9 de la musique, Philharmonie de Paris Samuelito, nouvel ambassadeur fran\u00e7ais de la guitare flamenca 23.05.2019 Parall\u00e8lement aux concerts, le Concours international de guitare r\u00e9unira des candidats venus du monde entier. Les candidats interpr\u00e9teront Danza de los bosques de Leo Brouwer, \u0153uvre sp\u00e9cialement compos\u00e9e pour les 20 ans du Concours, ainsi quun programme de leur choix. Un hommage sera ainsi rendu au compositeur qui f\u00eatera ses 80 ans. <img decoding=\"async\" src=\"http:\/\/www.amarehotels.com\/wp-content\/uploads\/2015\/11\/dj-guitarra-electrica1.jpg\" alt=\"rencontres internationales de la guitare antony\" align=\"right\"> de M\u00e9rignac, de Fribourg, de Vandoeuvre-les-Nancy et Maroc, Accus\u00e9s davoir mal g\u00e9r\u00e9 la crise sanitaire ou dagir \u00e0 contretemps, des gouvernements se retrouvent sur le banc des accus\u00e9s un peu partout dans le monde. Ce nest pas un test qui est aussi utile que \u00e7a, mais cest une couche additionnelle pour encourager les gens qui sont malades de ne pas voyager, a conclu M Trudeau. Description, diagnostic et inventaire des archives sonores du Laboratoire dAcoustique Musicale LAM, UMR 7190, CNRS, Paris. Inventaire de plus de trois mille bandes magn\u00e9tiques de campagnes denregistrements, conf\u00e9rences, rencontres avec musiciens, supports p\u00e9dagogiques, exp\u00e9riences. Cette p\u00e9riode de 14 jours, en place depuis lundi, va avoir un effet d\u00e9vastateur sur le tourisme britannique et l\u00e9conomie, et d\u00e9truire des milliers demplois, ont-elles plaid\u00e9 au moment o\u00f9 le Bureau national des statistiques r\u00e9v\u00e9lait que le PIB sest effondr\u00e9 de 20,4 en avril. Route Des Festivals : Festival RENCONTRES INTERNATIONALES DE LA GUITARE A ANTONY-Proposant une \u00e9tude multidimensionnelle du jeu instrumental comprenant lanalyse de la facture de linstrument, de son acoustique, de la gestuelle, du langage musical et de leurs repr\u00e9sentations culturelles, la chaire GeAcMus cherche \u00e0 d\u00e9montrer linter f\u00e9condation entre recherche et cr\u00e9ation, au croisement des sciences et de lart. Guitariste depuis environ 15 ans. Fan de guitare sous toutes ses formes : Metal Progressif, Shred, Classique. Vous pouvez retrouver sur la page \u00e0 propos mon parcours et mes compositions. Samedi 13 juin 2020 : 11352 concerts, 25885 chroniques de concert, 5284 critiques dalbum. Cette ann\u00e9e nous accueillerons au Carr\u00e9 des Jalles : <img decoding=\"async\" src=\"http:\/\/images.fineartamerica.com\/images-medium-large\/listen-its-your-turn-to-watch-the-baby-im-going-shopping-kelly-rader.jpg\" alt=\"rencontres internationales de la guitare antony\" align=\"center\"> en pr\u00e9sence M. Le Goll DGE, Minist\u00e8re de l\u00c9conomie, M. Duchen CREDOC, M. Selmer Henri Selmer-France, CSFI, M. Carbonneaux CSFI, laguitare.com Le d\u00e9veloppement des tests de d\u00e9pistage contribue \u00e0 l\u00e9vidence \u00e0 la hausse du nombre de cas rapport\u00e9s quotidiennement : beaucoup sont b\u00e9nins ou asymptomatiques. En Europe, o\u00f9 lheure des comptes a sonn\u00e9, le premier ministre italien Giuseppe Conte a \u00e9t\u00e9 entendu vendredi pendant pr\u00e8s de trois heures sur la gestion par le gouvernement de la crise du coronavirus.  Rencontres internationales de la guitare 2018 \u00e0 Antony Conservatoire Villa-Lobos-Rio de Janeiro, Singapour, Studio Ono  Il manque, entre autres, Guitaralde, Lambesc, Guitare et Patrimoine, Guitare \u00e0 la pelle. Etc. Prix : Concert : \u00e0 partir de 23. Pass pour 4 concerts : 74 Le pr\u00e9sident br\u00e9silien dextr\u00eame droite Jair Bolsonaro, qui minimise la pand\u00e9mie depuis le d\u00e9but et pr\u00f4ne la reprise des activit\u00e9s \u00e9conomiques, a suscit\u00e9 un toll\u00e9 apr\u00e8s avoir demand\u00e9 jeudi soir \u00e0 la population de filmer des h\u00f4pitaux pour v\u00e9rifier leur occupation, mettant en doute le manque de respirateurs et de lits en soins intensifs d\u00e9nonc\u00e9s par les soignants.<\/p>\n","protected":false},"excerpt":{"rendered":"<p>rencontres internationales de la guitare antony<\/p>\n","protected":false},"author":1,"featured_media":0,"comment_status":"closed","ping_status":"closed","sticky":false,"template":"","format":"standard","meta":{"footnotes":""},"categories":[1],"tags":[],"_links":{"self":[{"href":"https:\/\/atombroker.hu\/journal\/wp-json\/wp\/v2\/posts\/3177"}],"collection":[{"href":"https:\/\/atombroker.hu\/journal\/wp-json\/wp\/v2\/posts"}],"about":[{"href":"https:\/\/atombroker.hu\/journal\/wp-json\/wp\/v2\/types\/post"}],"author":[{"embeddable":true,"href":"https:\/\/atombroker.hu\/journal\/wp-json\/wp\/v2\/users\/1"}],"replies":[{"embeddable":true,"href":"https:\/\/atombroker.hu\/journal\/wp-json\/wp\/v2\/comments?post=3177"}],"version-history":[{"count":1,"href":"https:\/\/atombroker.hu\/journal\/wp-json\/wp\/v2\/posts\/3177\/revisions"}],"predecessor-version":[{"id":3178,"href":"https:\/\/atombroker.hu\/journal\/wp-json\/wp\/v2\/posts\/3177\/revisions\/3178"}],"wp:attachment":[{"href":"https:\/\/atombroker.hu\/journal\/wp-json\/wp\/v2\/media?parent=3177"}],"wp:term":[{"taxonomy":"category","embeddable":true,"href":"https:\/\/atombroker.hu\/journal\/wp-json\/wp\/v2\/categories?post=3177"},{"taxonomy":"post_tag","embeddable":true,"href":"https:\/\/atombroker.hu\/journal\/wp-json\/wp\/v2\/tags?post=3177"}],"curies":[{"name":"wp","href":"https:\/\/api.w.org\/{rel}","templated":true}]}}