{"id":3097,"date":"2020-09-25T17:29:46","date_gmt":"2020-09-25T17:29:46","guid":{"rendered":"http:\/\/atombroker.hu\/journal\/?p=3097"},"modified":"2020-09-22T17:09:58","modified_gmt":"2020-09-22T17:09:58","slug":"rencontre-imaginaire-radio-canada","status":"publish","type":"post","link":"https:\/\/atombroker.hu\/journal\/2020\/09\/25\/rencontre-imaginaire-radio-canada\/","title":{"rendered":"Rencontre Imaginaire Radio-Canada"},"content":{"rendered":"<p>La saison 2019-20 de la LNH est en pause depuis le 12 mars en raison des inqui\u00e9tudes entourant le coronavirus, mais \u00e7a nemp\u00eache pas les amateurs de r\u00eaver, de penser et de parler de hockey. Sarah Abitbol Roxana Maracineanu-Ministre des Sports Adrien Taquet-Secretaire d Etat aupres de l JB Autissier Panoramic Bestimage Jean Bernatchez 2018, Poly\u00e8dre, site de m\u00e9thodologie de lUniversit\u00e9 du Qu\u00e9bec, capsules vid\u00e9o. ADULTE Rencontre dauteurs avec Alain Beaulieu, Le festin de Salom\u00e9 Druide, Max F\u00e9randon, Un lundi sans bruit Alto et Jean-Jacques Pelletier, Dix petits hommes blancs Hurtubise Animatrice: Fran\u00e7oise Gu\u00e9nette. Dur\u00e9e: 55 min Pour fabriquer ces rencontres, \u00c9lizabeth Gagnon a tir\u00e9 des archives une liste de r\u00e9ponses tri\u00e9es par th\u00e8mes et sen est fait des palmar\u00e8s de bonnes r\u00e9ponses. Elle a choisi ensuite les plus compl\u00e8tes pour faire un premier montage. Cest comme un casse-t\u00eate, mais le morceau ne rentre pas toujours. Radio-Canada sera en direct du Salon du livre de lEstrie pour une diffusion sp\u00e9ciale! Un \u00e9v\u00e9nement \u00e0 ne pas manquer! Animation : R\u00e9jean Blais, animateur de l\u00e9mission \u00c9coutez lEstrie  <img decoding=\"async\" src=\"http:\/\/la-parole-errante.org\/fichiers\/Presse\/article-radio-egalite_TOUSMONTREUIL-n72.jpg\" alt=\"rencontre imaginaire radio-canada\" align=\"center\"> Les \u00c9ditions de lHomme-Une soci\u00e9t\u00e9 de Qu\u00e9becor M\u00e9dia. Tous droits r\u00e9serv\u00e9s. Jean Bernatchez et Johanne Trudeau UQAR 2014, T\u00e9lescope,vol. 20, no 2, p 71-88. ImportantAfin de favoriser des discussions riches, respectueuses et constructives, chaque commentaire soumis sur les tribunes desera dor\u00e9navant sign\u00e9 des noms et pr\u00e9noms de son auteur \u00e0 lexception de la zone Jeunesse. Le nom dutilisateur pseudonyme ne sera plus affich\u00e9. N\u00e9anmoins, depuis un an, la tentation de faire cette comparaison ne sest pas rel\u00e2ch\u00e9e. Parmi les critiques de Trump qui font cette comparaison, on retrouve le directeur du c\u00e9l\u00e8bre Centre Anne Frank. Dans ses commentaires v\u00e9h\u00e9ments, Steven Goldstein \u00e9tablit des parall\u00e8les alarmants entre les \u00c9tats-Unis de Trump et lAllemagne hitl\u00e9rienne. Le c\u0153ur bris\u00e9, je vous annonce que ce matin, tout doucement, dans mes bras, est d\u00e9c\u00e9d\u00e9 mon courageux, r\u00e9silient et combatif p\u00e8re, Pierre Nadeau. Je te souhaite le plus beau des voyages. Je t\ufe0f Pascale Nadeau PascaleNadeau Pour la premi\u00e8re fois de son histoire, \u00e0 loccasion de sa 12 e saison et du 375 e anniversaire de Montr\u00e9al, LA PETITE S\u00c9DUCTION sinvitera dans des arrondissements de Montr\u00e9al consid\u00e9r\u00e9s comme autant de villages au sein de la grande ville. Ce sera aussi loccasion de renverser les r\u00f4les alors que ce sont des vedettes qui feront visiter leur quartier \u00e0 des familles qui les avaient accueillis en province. Quatre rendez-vous originaux et passionnants le mercredi \u00e0 20 h sur ICI RADIO-CANADA T\u00c9L\u00c9.  La nouvelle politique \u00e9ducative du gouvernement du Qu\u00e9bec Le monde aujourdhui, Radio-Canada Bas-St-Laurent, 21 juin 2017 Par Georges Quirino-Chaves, \u00e0 Buenos Aires samedi 9 mai Modififi\u00e9 samedi 9 mai \u00e0 12:29 Le samedi 26 d\u00e9cembre, de 14h \u00e0 16h, P\u00e9n\u00e9lope McQuade anime l\u00e9mission did\u00e9es Parce quon est en 2015. Des femmes de divers milieux Ana\u00efs Barbeau-Lavalette, Maude Vachon, L\u00e9a Clermont-Dion, Isabelle Richer et Kim Thomassin, entre autres effectueront un bilan de lann\u00e9e, dun point de vue f\u00e9minin. Dans Parce quon est en 2016, diffus\u00e9e le samedi 2 janvier de 14h \u00e0 16h, lanimatrice propose une variation sur le th\u00e8me des r\u00e9solutions en identifiant des probl\u00e8mes existants dans notre soci\u00e9t\u00e9 et diverses solutions \u00e0 apporter. Rencontres imaginaires Les samedis 26 d\u00e9cembre et 2 janvier \u00e0 16h La Naissance du Monde https:rdwa.frwp-contentuploads20200524-CFL-LaNaissanceDuMonde.mp3.. <img decoding=\"async\" src=\"http:\/\/static.webshopapp.com\/shops\/039401\/files\/099972518\/350x298x2\/housse-moto-made-in-japan.jpg\" alt=\"rencontre imaginaire radio-canada\" align=\"right\"> Prix de la meilleure th\u00e8se de doctorat de lAssociation des Doyens des \u00e9tudes de cycles sup\u00e9rieurs du Qu\u00e9bec, concours 2013 ARCHIVES-FRANCOIS MITTERRAND A CHATEAU CHINON LE SOIR DE SON ELECTION A LA PRESIDENCE DE LA REPUBL AGENCE BESTIMAGE Lacc\u00e8s de tous les enfants qu\u00e9b\u00e9cois \u00e0 la maternelle 4 ans a \u00e9t\u00e9 une des promesses phares de lactuel premier ministre du Qu\u00e9bec, Fran\u00e7ois Legault. Si les partisans du projet de r\u00e9vision de la loi 5 estiment quil permettra au Qu\u00e9bec de se doter de meilleures structures \u00e9ducatives, ses d\u00e9tracteurs consid\u00e8rent au contraire, quil est pr\u00e9f\u00e9rable de r\u00e9investir dans les CPE et que la promesse du premier ministre est irr\u00e9alisable et d\u00e9magogique. Due to security risks and a lack of support for web standards this website does not support IE6. Internet Explorer 6 was released in 2001 and it does not display modern web sites properly. Please upgrade to a newer browser to fully enjoy this site and the rest of the web. After you update, please come back and you will be able to view our site. Rencontres Improbables Afij, La Fouine Et Nessbeal Rencontre Roi Heenok aadvanderklaauw.nl-Sur la Premi\u00e8re Cha\u00eene en semaine, Cest bien meilleur le matin avec Philippe Marcoux, Samedi et rien dautre du 31 d\u00e9cembre avec St\u00e9phane Garneau, M\u00e9dium large avec Isabelle Craig, La tribune avec Fr\u00e9d\u00e9ric Nicoloff, D\u00e9sautels avec Joane Prince. Seront aussi pr\u00e9sents : Classe \u00e9conomique avec Jean-S\u00e9bastien Bernatchez, Bien dans son assiette avec Sophie-Andr\u00e9e Blondin, de m\u00eame que Tam-tam Canada avec Raymond Desmarteaux et Courrier mondial avec St\u00e9phane Parent, deux rendez-vous de Radio Canada International.  Tout l\u00e9t\u00e9, ICI MUSIQUE proposera des portraits musicaux de Montr\u00e9al \u00e0 travers six nouvelles webradios. D\u00e9couvrez le son montr\u00e9alais et les artistes qui c\u00e9l\u00e8brent Montr\u00e9al en chanson, rock, hip-hop, jazz, musique du monde et classique, dans les parcs de la Grande Tourn\u00e9e et sur ICIMUSIQUE.camontreal 5.2 Communications scientifiques internationales \u00e9valu\u00e9es par les pairs <img decoding=\"async\" src=\"http:\/\/www.gripal.ca\/_upload\/500_20130207124648hpll39_Conf%C3%A9renceB%C3%A9tancourt10.jpg\" alt=\"rencontre imaginaire radio-canada\" align=\"right\">.<\/p>\n","protected":false},"excerpt":{"rendered":"<p>rencontre imaginaire radio-canada<\/p>\n","protected":false},"author":1,"featured_media":0,"comment_status":"closed","ping_status":"closed","sticky":false,"template":"","format":"standard","meta":{"footnotes":""},"categories":[1],"tags":[],"_links":{"self":[{"href":"https:\/\/atombroker.hu\/journal\/wp-json\/wp\/v2\/posts\/3097"}],"collection":[{"href":"https:\/\/atombroker.hu\/journal\/wp-json\/wp\/v2\/posts"}],"about":[{"href":"https:\/\/atombroker.hu\/journal\/wp-json\/wp\/v2\/types\/post"}],"author":[{"embeddable":true,"href":"https:\/\/atombroker.hu\/journal\/wp-json\/wp\/v2\/users\/1"}],"replies":[{"embeddable":true,"href":"https:\/\/atombroker.hu\/journal\/wp-json\/wp\/v2\/comments?post=3097"}],"version-history":[{"count":1,"href":"https:\/\/atombroker.hu\/journal\/wp-json\/wp\/v2\/posts\/3097\/revisions"}],"predecessor-version":[{"id":3098,"href":"https:\/\/atombroker.hu\/journal\/wp-json\/wp\/v2\/posts\/3097\/revisions\/3098"}],"wp:attachment":[{"href":"https:\/\/atombroker.hu\/journal\/wp-json\/wp\/v2\/media?parent=3097"}],"wp:term":[{"taxonomy":"category","embeddable":true,"href":"https:\/\/atombroker.hu\/journal\/wp-json\/wp\/v2\/categories?post=3097"},{"taxonomy":"post_tag","embeddable":true,"href":"https:\/\/atombroker.hu\/journal\/wp-json\/wp\/v2\/tags?post=3097"}],"curies":[{"name":"wp","href":"https:\/\/api.w.org\/{rel}","templated":true}]}}