{"id":3043,"date":"2020-09-25T07:09:23","date_gmt":"2020-09-25T07:09:23","guid":{"rendered":"http:\/\/atombroker.hu\/journal\/?p=3043"},"modified":"2020-09-22T14:07:16","modified_gmt":"2020-09-22T14:07:16","slug":"rencontre-veyrier","status":"publish","type":"post","link":"https:\/\/atombroker.hu\/journal\/2020\/09\/25\/rencontre-veyrier\/","title":{"rendered":"Rencontre Veyrier"},"content":{"rendered":"<p><img decoding=\"async\" src=\"http:\/\/more.wfcrimewatch.com\/upload\/news\/normal\/5a141580193d24.45070857.png\" alt=\"rencontre veyrier\" align=\"left\"> <img decoding=\"async\" src=\"http:\/\/cbasseliyoga.cf\/uploads\/_temporary\/2015\/05\/27\/55662fb4c2677_2.jpg\" alt=\"rencontre veyrier\" align=\"right\"> Veyrier-du-Lac : dautres superbes locations saisonni\u00e8res Face \u00e0 lexplosion du t\u00e9l\u00e9travail, patronat et syndicats tentent de se mettre daccord Face \u00e0 une organisation du travail devenue soudain la norme pour des millions de Fran\u00e7ais, les partenaires sociaux veulent sentendre. Que ce soit des cours \u00e0 domicile ou dans une salle, b\u00e9n\u00e9ficiez dun encadrement proche de Veyrier-du-Lac par un professeur exp\u00e9riment\u00e9. Am\u00e9liorer vos notes ou vos performances, r\u00e9duire votre accent, travailler en profondeur une discipline est plus efficace lorsque quelquun vous guide. En partenariat avec les Archives Municipales dAnnecy, la Cin\u00e9math\u00e8que des Pays de Savoie et de lAin vous propose en 2015 des ateliers M\u00e9moire Les Puces Ligneronnaises, loccasion \u00e0 la fois de trouver la perle rare et de profiter dune visite familiale et conviviale, \u00e0 proximit\u00e9 de La Roche sur Yon, Challans, les Sables dOlonne, St Jean de Monts, St Gilles Croix de Vie, St Hilaire de Riez, Noirmoutier. En continuant votre navigation sur notre site, vous vous engagez \u00e0 accepter lutilisation des cookies. La commune de Veyrier du lac, o\u00f9 est install\u00e9 le camping de la plage, nest qu\u00e0 4 km dAnnecy et \u00e0 3 km de Menthon-Saint-Bernard. Ce camping propose 35 emplacements libres, 3 chalets et un g\u00eete, dans le cadre enchanteur du bord du lac dAnnecy.. Un terrain au milieu des vignes, des obstacles gonflables, du mat\u00e9riel sur mesure, des sc\u00e9narios adapt\u00e9s.. Le d\u00e9cor est plant\u00e9 pour un anniversaire haut en couleurs! Yatou Escape: Sherlock Holmes na qu\u00e0 bien se tenir.. On a une chance incroyable, r\u00e9sume dembl\u00e9e Fabrice Schoch, pr\u00e9sident du FC Veyrier Sports. Cest la 2e fois que nous participons \u00e0 la Coupe de Suisse, et \u00e0 chaque fois on tire le gros lot avec un club de Super League. Apr\u00e8s le grand Young Boys en 2013, cest au tour du FC Thoune de disputer un 32e de finale chez nous. Pour \u00eatre \u00e0 la hauteur de l\u00e9v\u00e9nement, le club veyrite ne m\u00e9nage pas ses efforts. Depuis le tirage au sort du 29 juin, le comit\u00e9 dorganisation travaille darrache-pied, confie-t-il. Il peut sappuyer sur la formidable \u00e9nergie et motivation de nombreux b\u00e9n\u00e9voles. Cest un \u00e9norme travail car nous avons tenu \u00e0 organiser le match sur notre terrain quil a fallu s\u00e9curiser et fermer compl\u00e8tement. Pour que la f\u00eate soit r\u00e9ussie, le club a aussi construit gradins et buvettes suppl\u00e9mentaires. Le budget du match s\u00e9l\u00e8ve \u00e0 plusieurs dizaines de milliers de francs, chiffre Fabrice Schoch. Une charge financi\u00e8re importante.. Oui, mais nous voulions faire de cette rencontre une superbe f\u00eate pour le Veyrier Sports qui a c\u00e9l\u00e9br\u00e9 ses 110 ans au mois de juin. Bref, tout est en place pour recevoir un public nombreux. En 2013, nous avions \u00e9tabli le record daffluence avec 2500 spectateurs. Cette fois, nous attendons entre 1500 et 2000 personnes, \u00e9value Fabrice Schoch. Qui pr\u00e9cise: C\u00f4t\u00e9 sportif, il ne reste que trois joueurs de l\u00e9quipe qui avait essuy\u00e9 un sec 8 \u00e0 0 contre Young Boys en 2013. Une mani\u00e8re de sugg\u00e9rer que le r\u00e9sultat pourrait bien \u00eatre diff\u00e9rent cette fois.. Le match a lieu le 18.08.18, une date qui pourrait nous porter bonheur..  Le public toulousain aura ainsi la chance de d\u00e9couvrir avant tout le monde quelques films attendus comme Mi gran noche, le nouveau film d Alex de la Iglesia, La mort de Louis XIV d Albert Serra en pr\u00e9sence du r\u00e9alisateur ou encore Beyond Flamenco de Carlos Saura, mais aussi les nouveaux films dhabitu\u00e9s de Cinespana comme Jonas Trueba La reconquista, r\u00e9compens\u00e9 en 2013 pour et Ignacio Vilar Sicixia, r\u00e9compens\u00e9 en 2015 pour. Les r\u00e9sultats du vote en date du lundi 4 juin de la commission TRAN relatifs \u00e0 la n\u00e9gociation du paquet routier engendre une v\u00e9ritable marche en arri\u00e8re, tant sur la directive d\u00e9tachement, le cabotage, les repos dans les cabines, que sur les temps de conduite et de repos des conducteurs. Le jeudi 17 septembre \u00e0 20h, Cin\u00e9ma lArlequin, Belley Ain. Projection en pr\u00e9sence de Marc Rougerie, dans le cadre de la rentr\u00e9e de lAssociation  D\u00e9j\u00e0 parce que la maire sortante, pour qui jai beaucoup de respect, ne se repr\u00e9sente pas, et ensuite parce que je crois quil y a beaucoup de d\u00e9fis \u00e0 relever \u00e0 Veyrier-du-Lac, \u00e0 commencer par d\u00e9finir lidentit\u00e9 de la commune. 60 rue Vergniaud 75013 PARIS T\u00e9l. 01 40 78 30 24 Email : <img decoding=\"async\" src=\"http:\/\/www.veyrier-ensemble.ch\/wp-content\/uploads\/2015\/01\/serge_zanicoli-01.jpg\" alt=\"rencontre veyrier\" align=\"left\"> Un montage darchives compil\u00e9es par la Cin\u00e9math\u00e8que  Au Col des Sauts prendre la direction : Mont Veyrier. Nous utilisons des cookies pour vous garantir la meilleure exp\u00e9rience sur notre site. Vous pouvez utiliser cet outil pour modifier les param\u00e8tres relatifs aux cookies. Autrement, nous consid\u00e9rerons que vous acceptez lutilisation des cookies.<\/p>\n","protected":false},"excerpt":{"rendered":"<p>rencontre veyrier<\/p>\n","protected":false},"author":1,"featured_media":0,"comment_status":"closed","ping_status":"closed","sticky":false,"template":"","format":"standard","meta":{"footnotes":""},"categories":[1],"tags":[],"_links":{"self":[{"href":"https:\/\/atombroker.hu\/journal\/wp-json\/wp\/v2\/posts\/3043"}],"collection":[{"href":"https:\/\/atombroker.hu\/journal\/wp-json\/wp\/v2\/posts"}],"about":[{"href":"https:\/\/atombroker.hu\/journal\/wp-json\/wp\/v2\/types\/post"}],"author":[{"embeddable":true,"href":"https:\/\/atombroker.hu\/journal\/wp-json\/wp\/v2\/users\/1"}],"replies":[{"embeddable":true,"href":"https:\/\/atombroker.hu\/journal\/wp-json\/wp\/v2\/comments?post=3043"}],"version-history":[{"count":1,"href":"https:\/\/atombroker.hu\/journal\/wp-json\/wp\/v2\/posts\/3043\/revisions"}],"predecessor-version":[{"id":3044,"href":"https:\/\/atombroker.hu\/journal\/wp-json\/wp\/v2\/posts\/3043\/revisions\/3044"}],"wp:attachment":[{"href":"https:\/\/atombroker.hu\/journal\/wp-json\/wp\/v2\/media?parent=3043"}],"wp:term":[{"taxonomy":"category","embeddable":true,"href":"https:\/\/atombroker.hu\/journal\/wp-json\/wp\/v2\/categories?post=3043"},{"taxonomy":"post_tag","embeddable":true,"href":"https:\/\/atombroker.hu\/journal\/wp-json\/wp\/v2\/tags?post=3043"}],"curies":[{"name":"wp","href":"https:\/\/api.w.org\/{rel}","templated":true}]}}