{"id":3039,"date":"2020-09-25T22:39:52","date_gmt":"2020-09-25T22:39:52","guid":{"rendered":"http:\/\/atombroker.hu\/journal\/?p=3039"},"modified":"2020-09-22T13:46:04","modified_gmt":"2020-09-22T13:46:04","slug":"rencontre-avec-bresilienne","status":"publish","type":"post","link":"https:\/\/atombroker.hu\/journal\/2020\/09\/25\/rencontre-avec-bresilienne\/","title":{"rendered":"Rencontre Avec Br\u00e9silienne"},"content":{"rendered":"<p> Rencontre avec le maestro Paulo Paschoal, la voix de la musique Pour toute demande dinterview ou recevoir nos communiqu\u00e9s de presse : Leandro : Cest vrai que les groupes de supporters sont plus politis\u00e9s au sud. La Geral du Gr\u00eamio est apolitique, mais elle soutient quand m\u00eame lind\u00e9pendance du Rio Grande do Sul. Cela dit, il ny a pas de r\u00e9seau antifa comme en Europe, les groupes de supporters, m\u00eame les torcidas organizadas sont apolitiques la plupart du temps sans prise de position politique. Perso, je le regrette. Des propos qui tranchent avec la relative prudence de Jean-Yves Le Drian qui a annonc\u00e9 avec son homologue br\u00e9silien la cr\u00e9ation dun groupe de travail bilat\u00e9ral sur les enjeux environnementaux et climatiques, sujets au coeur de laccord commercial entre le Mercosur et lUnion europ\u00e9enne. La question environnementale au centre de laccord  KMF : Pour moi c\u00e9tait tr\u00e8s interessant de changer de terrain, filmer l\u00e0-bas cest un environnement tr\u00e8s diff\u00e9rent, cest un vrai challenge, bien que certes tous les films soient des challenges. You can email the site owner to let them know you were blocked. Please include what you were doing when this page came up and the Cloudflare Ray ID found at the bottom of this page. \u00c0 lair libre, semi-d\u00e9confin\u00e9, continue de vous informer! <img decoding=\"async\" src=\"http:\/\/www.thedesecrivains.com\/files\/event_image_thumbnail_186.jpg\" alt=\"rencontre avec br\u00e9silienne\" align=\"center\"> FORTALEZA, BRAZIL-JULY 04: Thiago Silva of Brazil R celebrates scoring his teams first goal during the 2014 FIFA World Cup Brazil Quarter Final match between Brazil and Colombia at Castelao on July 4, 2014 in Fortaleza, Brazil. Photo by Jamie McDonaldGetty Images <img decoding=\"async\" src=\"http:\/\/www.footmercato.net\/images\/a\/neymar-encore-victime-de-sa-reputation_236363.jpg\" alt=\"rencontre avec br\u00e9silienne\" align=\"center\"> James Rodriguez L of Colombia is consoled by David Luiz of Brazil after the 2014 FIFA World Cup Brazil Quarter Final match between Brazil and Colombia at Estadio Castelao on July 4, 2014 in Fortaleza, Brazil. Photo by Al Neymar of Brazil challenges Juan Guillermo Cuadrado of Colombia En fait quand je rentre en studio, cest comme une photo du moment que je vis. Cest une tranche de pr\u00e9sent. Quimporte comment tu te sens et si cest difficile, cest toujours un moment intense qui est captur\u00e9. Aujourdhui par exemple je me sens triste, si j\u00e9tais en studio je rapporterais un peu de \u00e7a. Ce serait alors captur\u00e9 dans lenregistrement. En restant sinc\u00e8re avec comment chacun se sent, on arrive \u00e0 \u00eatre juste dans les \u00e9nergies et \u00e7a se ressent dans le son. Jair Bolsonaro a annul\u00e9 lundi 30 une rencontre avec Jean-Yves le Drian pour se faire couper les cheveux. Derri\u00e8re cette humiliation diplomatique, un bras de fer avec Paris sur l\u00e9cologie. Copiercoller le lien embed de la vid\u00e9o de larticle : Balises HTML autoris\u00e9es : a href hreflang em strong cite blockquote cite code ul type ol start type li dl dt dd h2 id h3 id h4 id h5 id h6 id Jean-Yves Le Drian, de son c\u00f4t\u00e9, avait pr\u00e9par\u00e9 lentretien avec son homologue Ernesto Araujo. Il avait pr\u00e9vu d\u00e9voquer le r\u00e9cent accord commercial Union europ\u00e9enne-Mercosur. <img decoding=\"async\" src=\"http:\/\/lusitanie.info\/wp-content\/uploads\/2015\/03\/10471224_1047956298552582_2283779543078046583_n.jpg\" alt=\"rencontre avec br\u00e9silienne\" align=\"left\"> Pas du tout! Je nai jamais aim\u00e9 \u00e9tudier. Et je ne devais pas le faire, jai toujours tr\u00e8s bien lu \u00e0 vue. Je nai jamais \u00e9tudi\u00e9. Je suis tr\u00e8s paresseux quand il sagit d\u00e9tudier. Japprends les partitions, je comprends le contexte et je joue, simplement. Parfois, tout me semble tr\u00e8s difficile. Mais jadore jouer du piano. Autoplay When autoplay is enabled, a suggested video will automatically play next. La musique a toujours jou\u00e9 un r\u00f4le politique important au Br\u00e9sil et notamment pendant la p\u00e9riode de la dictature militaire de 1964 \u00e0 1985. Aujourdhui, vous semblez avoir le m\u00eame engagement que la g\u00e9n\u00e9ration qui pr\u00e9c\u00e8de la v\u00f4tre.  Ma\u00eetrise tactique : Martinez a parfaitement pr\u00e9par\u00e9 ce rendez-vous. Le s\u00e9lectionneur belge a identifi\u00e9 les fragilit\u00e9s br\u00e9siliennes sur les coups de pied arr\u00eat\u00e9s et les contres. Apr\u00e8s avoir pris lavantage, les Diables Rouges ont contr\u00f4l\u00e9 les d\u00e9bats jusqu\u00e0 la fin de la premi\u00e8re mi-temps. Au retour des vestiaires, ils ont encore mis leurs adversaires en difficult\u00e9 en sappuyant sur leur habilet\u00e9 \u00e0 jouer en contre. FORTALEZA, BRAZIL-JULY 04: Thiago Silva of Brazil scores his teams first goa during the 2014 FIFA World Cup Brazil Quarter Final match between Brazil and Colombia at Estadio Castelao on July 4, 2014 in Fortaleza, Brazil. Photo by Lars Baron-FIFAFIFA via Getty Images quantit\u00e9 de CO dans latmosph\u00e8re et accentuent le d\u00e9r\u00e8glement En un an, il a fait d\u00e9normes progr\u00e8s question communication. Mais, perturb\u00e9 par les p\u00e9pins physiques, il na pas beaucoup jou\u00e9 avec l\u00e9quipe fanion de lUSB. Seulement quelques bouts de matches en National 1, 27 minutes exactement, et une grosse heure en Coupe de France \u00e0 Lens L2, son unique titularisation, ponctu\u00e9e dune d\u00e9faite 3-2 apr\u00e8s prolongation. La nouvelle litt\u00e9rature br\u00e9silienne-Rencontre avec les \u00e9crivains Derni\u00e8rement, avec Chailly, Gergiev, Temirkanov et avec Dima Slobodeniouk, ici \u00e0 La Corogne. Dr\u00f4le dailleurs : le produit le plus vendu est le rouge \u00e0.<\/p>\n","protected":false},"excerpt":{"rendered":"<p>rencontre avec br\u00e9silienne<\/p>\n","protected":false},"author":1,"featured_media":0,"comment_status":"closed","ping_status":"closed","sticky":false,"template":"","format":"standard","meta":{"footnotes":""},"categories":[1],"tags":[],"_links":{"self":[{"href":"https:\/\/atombroker.hu\/journal\/wp-json\/wp\/v2\/posts\/3039"}],"collection":[{"href":"https:\/\/atombroker.hu\/journal\/wp-json\/wp\/v2\/posts"}],"about":[{"href":"https:\/\/atombroker.hu\/journal\/wp-json\/wp\/v2\/types\/post"}],"author":[{"embeddable":true,"href":"https:\/\/atombroker.hu\/journal\/wp-json\/wp\/v2\/users\/1"}],"replies":[{"embeddable":true,"href":"https:\/\/atombroker.hu\/journal\/wp-json\/wp\/v2\/comments?post=3039"}],"version-history":[{"count":1,"href":"https:\/\/atombroker.hu\/journal\/wp-json\/wp\/v2\/posts\/3039\/revisions"}],"predecessor-version":[{"id":3040,"href":"https:\/\/atombroker.hu\/journal\/wp-json\/wp\/v2\/posts\/3039\/revisions\/3040"}],"wp:attachment":[{"href":"https:\/\/atombroker.hu\/journal\/wp-json\/wp\/v2\/media?parent=3039"}],"wp:term":[{"taxonomy":"category","embeddable":true,"href":"https:\/\/atombroker.hu\/journal\/wp-json\/wp\/v2\/categories?post=3039"},{"taxonomy":"post_tag","embeddable":true,"href":"https:\/\/atombroker.hu\/journal\/wp-json\/wp\/v2\/tags?post=3039"}],"curies":[{"name":"wp","href":"https:\/\/api.w.org\/{rel}","templated":true}]}}