{"id":3025,"date":"2020-09-25T08:30:48","date_gmt":"2020-09-25T08:30:48","guid":{"rendered":"http:\/\/atombroker.hu\/journal\/?p=3025"},"modified":"2020-09-22T12:48:22","modified_gmt":"2020-09-22T12:48:22","slug":"programme-rencontres-photo-arles-2011","status":"publish","type":"post","link":"https:\/\/atombroker.hu\/journal\/2020\/09\/25\/programme-rencontres-photo-arles-2011\/","title":{"rendered":"Programme Rencontres Photo Arles 2011"},"content":{"rendered":"<p> La projection que nous avons vue est un film exp\u00e9rimental qui a \u00e9t\u00e9 r\u00e9alis\u00e9 par Chris Marker en 1962 et dont le titre est La Jet\u00e9e. Cest lhistoire dun homme qui est hant\u00e9 par une image de son pass\u00e9 et qui va \u00eatre choisi pour de multiples exp\u00e9riences afin douvrir une br\u00e8che dans le temps malgr\u00e9 lui, car il est retenu comme sujet \u00e0 exp\u00e9rience. La particularit\u00e9 de ce film exp\u00e9rimental est quil est compl\u00e8tement r\u00e9alis\u00e9 \u00e0 partir dimages fixes dont certaines sont des images darchives de la 2\u00e8me Guerre Mondiale. On a pu remarquer quil y a plusieurs proc\u00e9d\u00e9s de montage dimages qui co\u00efncidaient avec la musique du film ; par exemple, lorsque la musique \u00e9tait douce voire triste, les images d\u00e9filaient lentement alors que lorsquil y avait plus de suspens, les images se succ\u00e9daient. Il y avait aussi des moments o\u00f9 les images \u00e9taient fondues les une sur les autres. Toujours en lien avec la musique mais aussi avec le film, il y a un jeu de lumi\u00e8re : lorsque la photo \u00e9tait sombre on remarquait que la sc\u00e8ne avait lieu dans le pr\u00e9sent alors que lorsquil \u00e9tait projet\u00e9 dans le pass\u00e9 les photos \u00e9taient beaucoup plus illumin\u00e9es, \u00e9clair\u00e9es. Il y avait aussi un son de battement de coeur et \u00e0 chaque battement une image d\u00e9filait ; il y avait des chuchottements dun homme qui parlait en Allemand mais ce n\u00e9tait pas sous-titr\u00e9 en fran\u00e7ais, les seules paroles en fran\u00e7ais venaient dune voix off qui \u00e9tait assez pr\u00e9sente. Ce film \u00e9tait du genre science fiction, il fait penser \u00e0 un film plus r\u00e9cent : LArm\u00e9e des 12 singes. Un bel ensemble est \u00e9galement consacr\u00e9 \u00e0 langlais John Davies et \u00e0 ses photographies monumentales de paysages ruraux et post-industriels r\u00e9alis\u00e9s en Angleterre puis dans le nord de la France de 1980 \u00e0 2009. Souvent d\u00e9pourvus de pr\u00e9sence humaine, ces paysages, qui peuvent \u00e9galement \u00eatre ceux dune infrastructure autorouti\u00e8re, dune campagne d\u00e9sol\u00e9e ou dun site comm\u00e9moratif, sont des m\u00e9langes de pr\u00e9cision objective et de sourde m\u00e9lancolie. Le clich\u00e9 dun calvaire perdu dans les brumes rurales du Territoire de Belfort et celui du m\u00e9morial canadien de la cr\u00eate de Vimy, dans le Nord-Pas-de-Calais, en t\u00e9moignent. Le Monde utilise des cookies pour vous offrir une exp\u00e9rience utilisateur de qualit\u00e9, mesurer laudience, optimiser les fonctionnalit\u00e9s des r\u00e9seaux sociaux et vous proposer des publicit\u00e9s personnalis\u00e9es. En poursuivant votre navigation sur ce site, vous acceptez lutilisation de cookies dans les conditions pr\u00e9vues par notre. Expositions et projets hors les murs Jimei x Arles International Photo Festival Tous droits r\u00e9serv\u00e9s Culturopoing.com est un site int\u00e9gralement b\u00e9n\u00e9vole Association de loi 1901 et respecte les droits dauteur, dans le respect du travail des artistes que nous cherchons \u00e0 valoriser. Les photos visibles sur le site ne sont l\u00e0 qu\u00e0 titre illustratif, non dans un but dexploitation commerciale et ne sont pas la propri\u00e9t\u00e9 de Culturopoing. N\u00e9anmoins, si une photographie avait malgr\u00e9 tout \u00e9chapp\u00e9 \u00e0 notre contr\u00f4le, elle sera de fait enlev\u00e9e imm\u00e9diatement. Nous comptons sur la bienveillance et vigilance de chaque lecteur anonyme, distributeur, attach\u00e9 de presse, artiste, photographe. Exhibition visits. With the students of the \u00c9cole Nationale Sup\u00e9rieure de la Photographie, Arles. Passionn\u00e9 de photographie? Et si vous vous offriez un tirage dexception dun photographe de GEO? Rendez-vous sur et d\u00e9couvrez nos paysages et portraits disponibles en \u00e9ditions limit\u00e9es.  <img decoding=\"async\" src=\"http:\/\/www.mediatheque-chatenaymalabry.net\/mediatheque-chatenaymalabry.net\/userfiles\/image\/science.png\" alt=\"programme rencontres photo arles 2011\" align=\"left\"> nont jamais \u00e9t\u00e9 aussi vastes. Un manifeste From here on sera m\u00eame publi\u00e9. Extrait : Tous, nous recyclons, nous faisons des copier-coller, nous t\u00e9l\u00e9chargeons et remixons. Nous pouvons tout faire faire aux images. Tout ce dont nous avons besoin, cest dun oeil, dun cerveau, un appareil photo. Aida Muluneh, photographe et fondatrice de lAddis Foto Fest, premier festival international de photographie dAfrique de lEst :  un panorama qui tisse r\u00e9f\u00e9rences historiques et cr\u00e9ation contemporaine En plus de tous ces chapitres, la 48\u00e8me \u00e9dition des Rencontres Photographies organise des envol\u00e9es photographiques dans plusieurs villes du sud de la France. A N\u00eemes, deux artistes colombiens Be\u00e1triz Gonzalez et Jos\u00e9 Alejandro Restrepo exposent au Carr\u00e9 dArt leurs \u0153uvres \u00e9voquant lactualit\u00e9 politique et sociale de leur pays. A Avignon, cest les trouvailles d Agnes B. Papesse du style, quon d\u00e9couvre \u00e0 la Collection Lambert. A Marseille, Marie Bovo et sa voie lact\u00e9e se d\u00e9voile au. A Toulon, \u00e0 lH\u00f4tel des Arts, Mathieu Pernot propose un parcours in\u00e9dit dans les communaut\u00e9s tziganes. Des grands noms de la photographie ont \u00e9t\u00e9 r\u00e9guli\u00e8rement ma\u00eetres de stages pour les Rencontres dArles :,,,, etc. 51 stages de photographie ont \u00e9t\u00e9 propos\u00e9s lors de la programmation annuelle de l\u00e9dition 2019 Post-template-default,single,single-post,postid-69801,single-format-standard,theme-stockholm,woocommerce-no-js,tribe-no-js,tribe-bar-is-disabled,ajax_fade,page_not_loaded,boxed,select-child-theme-ver-1.0.0,select-theme-ver-4.2,wpb-js-composer js-comp-ver-6.0.2,vc_responsive,elementor-default Souvent produites en collaboration avec des mus\u00e9es et des institutions fran\u00e7aises et \u00e9trang\u00e8res, les expositions pr\u00e9sent\u00e9es dans diff\u00e9rents lieux patrimoniaux de la ville font lobjet dune sc\u00e9nographie. Certains sites, tels que des chapelles du XIIe ou des b\u00e2timents industriels du XIXe, sont ouverts au public pendant la dur\u00e9e du festival. Juan Pablo Echeverri exposition La Vuelta, Supersonas, 2011. Avec laimable autorisation de lartiste Charlotte FLOSSAUT Directeur artistique, commissaire dexposition Pour leur 42 e \u00e9dition, du 4 juillet au 18 septembre 2011, les Rencontres dArles accueillent des photographes du monde entier. Un rendez-vous de niveau international initi\u00e9 et port\u00e9 par le talent de Lucien Clergue, de lAcad\u00e9mie des beaux-arts qui raconte ici les d\u00e9buts de cette aventure aux c\u00f4t\u00e9s de Michel Tournier et Jean-Maurice Rouquette, limportance des ouvrages de photographies, la cr\u00e9ation de deux prix du Livre d\u00e9cern\u00e9s dans les ar\u00e8nes de sa ville natale..et lextraordinaire histoire de la valise de Capa! Expositions tous les jours du 1er juillet au 22 septembre 2019, de 10h \u00e0 19h30 Mon corps est une arme, avec pour slogan Exister, r\u00e9sister, photographier. Laetitia GUILLEMIN Iconographe, commissaire dexpo et cofondatrice du Festival Circulations <img decoding=\"async\" src=\"http:\/\/www.lille3000.eu\/newsletter\/2011-10-12\/images\/17_apparitions.gif\" alt=\"programme rencontres photo arles 2011\" align=\"center\"> Favorisant l\u00e9dition comme support de diffusion dun travail plastique, il a contribu\u00e9 \u00e0 la publication de plusieurs premiers catalogues tel ceux dIris Levasseur Editions Monografik, 2009, de Laurent Pernot Editions Monografik, 2011 ou encore le catalogue monographique de Florence Reymond La montagne cent fois renouvel\u00e9e Editions Analogues, 2014 dans lequel il aborde dans un entretien avec lartiste les th\u00e9matiques explor\u00e9es dans ses dessins. Il collabore r\u00e9guli\u00e8rement aux revues Vall\u00e9e de la culture et Mondes du cin\u00e9ma. La 47e \u00e9dition avait \u00e9t\u00e9 inaugur\u00e9e par Audrey Azoulay, Ministre de la culture et de la communication. Le Pr\u00e9sident de la R\u00e9publique avait honor\u00e9 le festival de sa visite le jeudi 7 juillet 2016. \u00c0 la chambre, Yan Morvan n\u00e9 en 1954 en France sattaque \u00e0 repr\u00e9senter la guerre quand elle est termin\u00e9e. Alexandre Guirkinger Ligne Maginot <img decoding=\"async\" src=\"http:\/\/p.calameoassets.com\/110504150935-93864398b44091ad9c6a6dbb1560767b\/p1.jpg\" alt=\"programme rencontres photo arles 2011\" align=\"center\">.<\/p>\n","protected":false},"excerpt":{"rendered":"<p>programme rencontres photo arles 2011<\/p>\n","protected":false},"author":1,"featured_media":0,"comment_status":"closed","ping_status":"closed","sticky":false,"template":"","format":"standard","meta":{"footnotes":""},"categories":[1],"tags":[],"_links":{"self":[{"href":"https:\/\/atombroker.hu\/journal\/wp-json\/wp\/v2\/posts\/3025"}],"collection":[{"href":"https:\/\/atombroker.hu\/journal\/wp-json\/wp\/v2\/posts"}],"about":[{"href":"https:\/\/atombroker.hu\/journal\/wp-json\/wp\/v2\/types\/post"}],"author":[{"embeddable":true,"href":"https:\/\/atombroker.hu\/journal\/wp-json\/wp\/v2\/users\/1"}],"replies":[{"embeddable":true,"href":"https:\/\/atombroker.hu\/journal\/wp-json\/wp\/v2\/comments?post=3025"}],"version-history":[{"count":1,"href":"https:\/\/atombroker.hu\/journal\/wp-json\/wp\/v2\/posts\/3025\/revisions"}],"predecessor-version":[{"id":3026,"href":"https:\/\/atombroker.hu\/journal\/wp-json\/wp\/v2\/posts\/3025\/revisions\/3026"}],"wp:attachment":[{"href":"https:\/\/atombroker.hu\/journal\/wp-json\/wp\/v2\/media?parent=3025"}],"wp:term":[{"taxonomy":"category","embeddable":true,"href":"https:\/\/atombroker.hu\/journal\/wp-json\/wp\/v2\/categories?post=3025"},{"taxonomy":"post_tag","embeddable":true,"href":"https:\/\/atombroker.hu\/journal\/wp-json\/wp\/v2\/tags?post=3025"}],"curies":[{"name":"wp","href":"https:\/\/api.w.org\/{rel}","templated":true}]}}