{"id":2939,"date":"2020-09-25T19:31:44","date_gmt":"2020-09-25T19:31:44","guid":{"rendered":"http:\/\/atombroker.hu\/journal\/?p=2939"},"modified":"2020-09-22T09:37:24","modified_gmt":"2020-09-22T09:37:24","slug":"rencontres-iep-bordeaux","status":"publish","type":"post","link":"https:\/\/atombroker.hu\/journal\/2020\/09\/25\/rencontres-iep-bordeaux\/","title":{"rendered":"Rencontres Iep Bordeaux"},"content":{"rendered":"<p>sur www.sciencespo-rennes.fr consult\u00e9 le 22 f\u00e9vrier 2017 Vous d\u00e9noncez linjustice et loppression partout ou elle sexerce? Dans ce cas l\u00e0, pourriez-vous mindiquer de quand date votre dernier communiqu\u00e9 appelant au boycott de lUniversit\u00e9 turque du Bosphore, institution partenaire de Sciences Po Bordeaux, avec de nombreuses \u00e9changes \u00e9tudiantes, et institution partenaire de larm\u00e9e turque, responsable de la souffrance de tant de Kurdes? Ou les liens avec lUniversit\u00e9 du Colorado \u00e0 Boulder, qui offre le m\u00eame traitement pr\u00e9f\u00e9rentiel aux soldats am\u00e9ricains que lUniversit\u00e9 Ben-Gourion offre aux soldats isra\u00e9liens, traitement que vous d\u00e9noncez que pour linstitution isra\u00e9lienne? LInstitut des \u00e9tudes politiques de Bordeaux Wikipedia Dans un courrier adress\u00e9 au directeur de lInstitut d\u00e9tudes politiques de Bordeaux, le pr\u00e9sident de lAssociation des universitaires pour le respect du droit international en Palestine AURDIP d\u00e9plore un accord de coop\u00e9ration pass\u00e9 avec luniversit\u00e9 isra\u00e9lienne Ben Gourion, complice des crimes de guerre envers la population civile palestinienne. Luniversit\u00e9 bordelaise s\u00e9tonne de telles accusations et d\u00e9fend le dialogue inter-universitaire.  En temps normal, ce devrait \u00eatre leffervescence. Une arm\u00e9e logistique devrait sactiver \u00e0 tout pr\u00e9parer pour accueillir les stars venues pr\u00e9senter leur film dans le plus prestigieux des festivals de cin\u00e9ma.. Mais, en ce d\u00e9but mai 2020, la c\u00e9l\u00e8bre Croisette est quasi d\u00e9serte. Faute de Festival, son palais, face \u00e0 la mer, h\u00e9berge une quarantaine de sans-abris, pour les prot\u00e9ger du Covid-19. De f\u00e9vrier \u00e0 avril, les vignerons des C\u00f4tes de Bordeaux seront sur tous les fronts pour rencontrer les professionnels. Etats-Unis, Allemagne, Chine.. De nombreuses..  Les Fraternit\u00e9s chr\u00e9tiennes-Flyer de pr\u00e9sentation L\u00c9glise catholique en Gironde vit de nombreux \u00e9v\u00e8nements, d\u00e9couvrez les en int\u00e9gralit\u00e9 ici, sur le portail dioc\u00e9sain ou les sites associ\u00e9s dioc\u00e9sains de vos secteurs pastoraux. BIENVENUE SUR LE SITE DE LUNION DES COTES DE BORDEAUX Carnet d\u00e9di\u00e9 \u00e0 la pr\u00e9sentation des appels \u00e0 projet, des recherches et des activit\u00e9s de diffusion men\u00e9es par la chaire Diasporas Africaines du LAM. Ce jeudi 27 f\u00e9vrier, lancien ministre de la D\u00e9fense sous la pr\u00e9sidence de Nicolas Sarkozy et actuel Pr\u00e9sident de la r\u00e9gion Normandie, nous a fait lhonneur de sa pr\u00e9sence sur le campus dHEIP. Cet  Le 5 juin 2019, Fariba Adelkhah et Roland Marchal, tous deux chercheurs au Centre de recherches internationales de Sciences Po CERI, \u00e9taient arr\u00eat\u00e9s et emprisonn\u00e9s \u00e0 T\u00e9h\u00e9ran. Un an plus tard, malgr\u00e9 la lib\u00e9ration de Roland Marchal le 20 mars 2020, Fariba Adelkhah demeure incarc\u00e9r\u00e9e dans la prison dEvin. \u00c0 loccasion de ce triste anniversaire, Shirin Ebadi, Prix Nobel de la Paix, soutient la chercheuse dans la message relay\u00e9 par Olivier Duhamel, Pre\u0301sident de la Fondation nationale des sciences politiques FNSP, et Fre\u0301de\u0301ric Mion, Directeur de Sciences Po. Install\u00e9e \u00e0 son poste juste avant le confinement, Sarah Ghobadi, la nouvelle sous-pr\u00e9f\u00e8te de Castelsarrasin, donne une cure de jouvence \u00e0 linstitution. Le jeudi 30 janvier, \u00e0 17h, t\u00eate-\u00e0-t\u00eate exceptionnel \u00e0 Sciences Po Bordeaux entre Fr\u00e9d\u00e9ric Longu\u00e9p\u00e9e, pr\u00e9sident du FG Girondins de Bordeaux et Laurent Marti, pr\u00e9sident de lUBB. Le th\u00e8me de cette Rencontre : Alors Bordeaux : foot ou rugby?. <img decoding=\"async\" src=\"http:\/\/more.wfcrimewatch.com\/upload\/videos\/mini\/15b2cf5a2b26b6.jpg\" alt=\"rencontres iep bordeaux\" align=\"right\"> <img decoding=\"async\" src=\"http:\/\/www.experience.theartofthedemo.com\/sites\/default\/files\/habillages\/habillage_recreanice_port_cannes_tablette.jpg\" alt=\"rencontres iep bordeaux\" align=\"left\"> Quelle joie de f\u00eater Pentec\u00f4te ensemble! Retrouvez lhom\u00e9lie prononc\u00e9e par Mgr James, archev\u00eaque de Bordeaux, lors de la f\u00eate de Pentec\u00f4te ce dimanche 31 mai 2020, en la cath\u00e9drale Saint-Andr\u00e9, en pr\u00e9sence de fid\u00e8les pour la.. Vos coordonn\u00e9es ne seront en aucun cas conserv\u00e9es ni communiqu\u00e9es \u00e0 des tiers sous quelque forme que ce soit Fumel. Lyc\u00e9e : l IEP Bordeaux III en d\u00e9l\u00e9gation-ladepeche.fr 110620 : Apr\u00e8s une relance de ses vols r\u00e9guliers Limoges-Lyon amorc\u00e9e mi-juin, Chalair Aviation confirme son programme de vols saisonniers vers Ajaccio et En, le Crit devant \u00eatre organis\u00e9 par est annul\u00e9 en raison de et des mesures de confinement de la population prises par le. \u00c9preuve de sp\u00e9cialit\u00e9 dur\u00e9e 4h-coeff 4 : dissertation ou exercice en fonction de la mati\u00e8re choisie Cette chaire, qui a pour th\u00e9matique Soci\u00e9t\u00e9 et politique en Isra\u00ebl, pr\u00e9voit des s\u00e9jours financ\u00e9s par des bourses denseignants, de chercheurs ou jeunes chercheurs en formation, et d\u00e9tudiants dans les deux universit\u00e9s. Cette convention a \u00e9t\u00e9 renouvel\u00e9e en 2014 pour une dur\u00e9e de cinq ans. Albret Communaut\u00e9 vient dinvestir dans un projet de r\u00e9novation dun b\u00e2timent accueillant la maison des services au public \u00e0 Mezin pour obtenir la labellisation en Maison France Services. Un label qui permet aux usagers de la Maison de services dacc\u00e9der \u00e0 un accompagnement complet : aides aux d\u00e9marches administratives, demploi, de formation.. Ce projet, dun co\u00fbt total de 274 059, est soutenu par lUE FEADER-fonds europ\u00e9en Agricole pour le D\u00e9veloppement Rural pour 145 247. Apr\u00e8s la, les instituts d\u00e9tudes politiques deviennent des de plein exercice,. Apr\u00e8s la, linstitut d\u00e9tudes politiques de Paris est class\u00e9e dans la cat\u00e9gorie nouvellement cr\u00e9\u00e9e des, les autres pouvant devenir des rattach\u00e9s \u00e0 une universit\u00e9 ce sera le cas dAix, de Bordeaux, de Grenoble, de Lyon et de Toulouse ou des instituts internes dune universit\u00e9 ce sera le cas de Strasbourg. Le jeudi 17 octobre 2019, \u00e0 17h, le programme des Rencontres commencera par le Grand oral dun universitaire qui d\u00e9buta \u00e0 Sciences Po Bordeaux, Pierre Birnbaum, sp\u00e9cialiste de l\u00c9tat, de lanalyse des \u00e9lites, des relations entre la communaut\u00e9 juive de France et lEmpire ou la R\u00e9publique. Son retour \u00e0 lInstitut co\u00efncide avec la sortie de son dernier livre : La le\u00e7on de Vichy. Une histoire personnelle. Seuil, \u00e0 la fois essai, livre dauto-histoire et ouvrage de sociologie historique, discipline dont Pierre Birnbaum est une des r\u00e9f\u00e9rences en France. <img decoding=\"async\" src=\"http:\/\/docplayer.fr\/docs-images\/40\/7634389\/images\/page_8.jpg\" alt=\"rencontres iep bordeaux\" align=\"left\"> Des frictions, il peut en na\u00eetre avec dautres personnes. Car celui qui a install\u00e9 un punching-ball dans son bureau peut se montrer ent\u00eat\u00e9, jugent les moins enthousiastes. En t\u00e9moigne son acharnement \u00e0 lancer un festival des s\u00e9ries : alors que plusieurs villes sont en comp\u00e9tition en 2017 pour accueillir un tel \u00e9v\u00e9nement, Cannes pr\u00e9vient quelle en organisera un de toute fa\u00e7on, quel que soit le choix du gouvernement, qui d\u00e9signera finalement Lille. Dautres coop\u00e9rations existent avec de nombreuses universit\u00e9s en Europe, aux Etat-Unis, en Asie, en Afrique et en Am\u00e9rique Latine; tous les \u00e9tudiants de la fili\u00e8re g\u00e9n\u00e9rale passent une ann\u00e9e de leur scolarit\u00e9 en mobilit\u00e9.<\/p>\n","protected":false},"excerpt":{"rendered":"<p>rencontres iep bordeaux<\/p>\n","protected":false},"author":1,"featured_media":0,"comment_status":"closed","ping_status":"closed","sticky":false,"template":"","format":"standard","meta":{"footnotes":""},"categories":[1],"tags":[],"_links":{"self":[{"href":"https:\/\/atombroker.hu\/journal\/wp-json\/wp\/v2\/posts\/2939"}],"collection":[{"href":"https:\/\/atombroker.hu\/journal\/wp-json\/wp\/v2\/posts"}],"about":[{"href":"https:\/\/atombroker.hu\/journal\/wp-json\/wp\/v2\/types\/post"}],"author":[{"embeddable":true,"href":"https:\/\/atombroker.hu\/journal\/wp-json\/wp\/v2\/users\/1"}],"replies":[{"embeddable":true,"href":"https:\/\/atombroker.hu\/journal\/wp-json\/wp\/v2\/comments?post=2939"}],"version-history":[{"count":1,"href":"https:\/\/atombroker.hu\/journal\/wp-json\/wp\/v2\/posts\/2939\/revisions"}],"predecessor-version":[{"id":2940,"href":"https:\/\/atombroker.hu\/journal\/wp-json\/wp\/v2\/posts\/2939\/revisions\/2940"}],"wp:attachment":[{"href":"https:\/\/atombroker.hu\/journal\/wp-json\/wp\/v2\/media?parent=2939"}],"wp:term":[{"taxonomy":"category","embeddable":true,"href":"https:\/\/atombroker.hu\/journal\/wp-json\/wp\/v2\/categories?post=2939"},{"taxonomy":"post_tag","embeddable":true,"href":"https:\/\/atombroker.hu\/journal\/wp-json\/wp\/v2\/tags?post=2939"}],"curies":[{"name":"wp","href":"https:\/\/api.w.org\/{rel}","templated":true}]}}