{"id":2929,"date":"2020-09-25T17:14:53","date_gmt":"2020-09-25T17:14:53","guid":{"rendered":"http:\/\/atombroker.hu\/journal\/?p=2929"},"modified":"2020-09-22T08:56:46","modified_gmt":"2020-09-22T08:56:46","slug":"jean-luc-donnet-sur-la-rencontre-avec-l-adolescent","status":"publish","type":"post","link":"https:\/\/atombroker.hu\/journal\/2020\/09\/25\/jean-luc-donnet-sur-la-rencontre-avec-l-adolescent\/","title":{"rendered":"Jean Luc Donnet Sur La Rencontre Avec L Adolescent"},"content":{"rendered":"<p>\u0399\u03bd\u03c4\u03c1\u03b1\u03c3\u03c4\u03b1\u03c4 \u03b1\u03c0\u03bf\u03c3\u03c4\u03bf\u03bb\u03b7 \u03b5\u03bd\u03c4\u03c5\u03c0\u03bf 17 \u0391\u03c0\u03c1\u03b9\u03bb\u03af\u03bf\u03c5 2018 \u03ba\u03bb\u03b1\u03b4\u03bf\u03c2 \u03ba\u03b1\u03c4\u03b1\u03c3\u03ba\u03b5\u03c5\u03c9\u03bd 2013 \u03c4\u03bf\u03c0\u03b9\u03ba\u03bf \u03c0\u03b1\u03c7\u03bf\u03c2 \u03ba\u03c1\u03b5\u03bc\u03b1 09:46 \u03bf\u03b3\u03ba\u03bf\u03c2 \u03c3\u03c4\u03bf \u03c3\u03c4\u03b7\u03b8\u03bf\u03c2 \u03ba\u03b1\u03b9 \u03bb\u03b5\u03bc\u03c6\u03b1\u03b4\u03b5\u03bd\u03b5\u03c2 11 \u0399\u03bf\u03c5\u03bb\u03af\u03bf\u03c5 2018 \u03c0\u03b5\u03c1\u03ae\u03c6\u03b1\u03bd\u03bf\u03b9 \u03cc\u03bb\u03bf\u03b9 \u03bf\u03c1\u03c7\u03b7\u03c3\u03c4\u03c1\u03b9\u03ba\u03cc \u03c7\u03b1\u03c3\u03b5 \u03ba\u03b9\u03bb\u03b1 \u03c3\u03b5 1 \u03b5\u03b2\u03b4\u03bf\u03bc\u03b1\u03b4\u03b1 19:55 \u03bf\u03c1\u03ba\u03c9\u03c4\u03bf\u03c2 \u03bb\u03bf\u03b3\u03b9\u03c3\u03c4\u03b7\u03c2 \u03b2\u03b9\u03ba\u03b9\u03c0\u03b1\u03b9\u03b4\u03b5\u03b9\u03b1 Ce manuel, destin\u00e9 \u00e0 tous les professionnels du soin psychique, pr\u00e9sente de fa\u00e7on concr\u00e8te, \u00e0 lappui dexemples diversifi\u00e9s, des mod\u00e8les d\u00e9valuation clinique des pratiques de m\u00e9diations th\u00e9rapeutiques et de psychoth\u00e9rapie institutionnelle, dan.. Cet extrait, sous les mots de Virginie Grimaldi, \u00e9claire le d\u00e9fi des parents tels des funambules.. Jean-Pierre Falret 1794-1870, \u00e9l\u00e8ve de Philippe Pinel et Jean-\u00c9tienne Esquirol, a \u00e9t\u00e9 lun des plus \u00e9minents psychiatres et chercheurs du milieu du XIXe si\u00e8cle. Son approche clinique identifie les sympt\u00f4mes et le fonctionnement des troubles bi..  Lun des psychologues les plus influents du 20e si\u00e8cle, Carl Rogers, a profond\u00e9ment marqu\u00e9 les pratiques de la relation daide. Psychologues, enseignants, travailleurs sociaux, infirmiers, m\u00e9diateurs., nombreux sont ceux qui sinspirent de ses.. Dans larticle, deux psychiatres fran\u00e7aises exer\u00e7ant \u00e0 lAssociation de Sant\u00e9 Mentale du treizi\u00e8me arrondissement de Paris ASM 13 visent \u00e0 faire partager lexp\u00e9rience de leur travail quelles m\u00e8nent au sein dun groupe de r\u00e9flexion th\u00e9orique c..  \u03b5\u03c6\u03b7\u03bc\u03b5\u03c1\u03af\u03b4\u03b5\u03c3 \u03bc\u03b1\u03c7\u03b7\u03c4\u03b7\u03c3 \u03b1\u03b3\u03c1\u03b9\u03bd\u03b9\u03bf\u03c5 11 \u0399\u03bf\u03c5\u03bb\u03af\u03bf\u03c5 2018 \u03c0\u03b1\u03c1\u03b1\u03b2\u03bf\u03bb\u03bf \u03b3\u03b9\u03b1 \u03b4\u03b9\u03b1\u03b2\u03b1\u03c4\u03b7\u03c1\u03b9\u03bf \u03b1\u03bd\u03b7\u03bb\u03b9\u03ba\u03bf\u03c5 \u03c6\u03b1\u03c1\u03bc\u03b1\u03ba\u03b1 \u03b3\u03b9\u03b1 \u03c3\u03ba\u03bf\u03c5\u03bb\u03b9\u03ba\u03b9\u03b1 \u03c3\u03c4\u03bf \u03c3\u03c4\u03bf\u03bc\u03b1\u03c7\u03b9 22:45 \u03b1\u03bd\u03c4\u03b9\u03c8\u03c5\u03c7\u03c9\u03c3\u03b9\u03ba\u03ac \u03ae \u03b1\u03bd\u03c4\u03b9\u03c8\u03c5\u03c7\u03c9\u03c3\u03b9\u03ba\u03ac Michelle MARILLAUD-A l\u00e9coute du b\u00e9b\u00e9 pr\u00e9matur\u00e9 de Catherine Druon, 307 Contexte : La M\u00e9decine est une Profession \u00e0 risques. Les faits : \u00e9puisement professionnel des m\u00e9decins, taux \u00e9lev\u00e9s de suicide dans la profession m\u00e9dicale dont une surrepr\u00e9sentation des Psychiatres, expos\u00e9s \u00e0 un stress professionnel sp\u00e9cifique.. Am\u00e9lie : Vous indiquez une bibliographie de r\u00e9f\u00e9rences historiques li\u00e9es \u00e0 Boudicca en fin de livre, avez-vous effectu\u00e9 beaucoup de recherches sur Boudicca avant l\u00e9criture du livre? Comme par exemple, le quotidien des Ic\u00e8nes ou des d\u00e9tails concernant maniement des armes? <img decoding=\"async\" src=\"http:\/\/www.exsitwec.ga\/images\/Affiche_gala_patin.jpg\" alt=\"jean luc donnet sur la rencontre avec l adolescent\" align=\"left\"> Portail des Centres de Ressources P\u00e9dagogiques et Documentaires \u03ba\u03b1\u03b9\u03c1\u03cc\u03c2 \u03bd\u03af\u03ba\u03b1\u03b9\u03b1 \u03b3\u03b1\u03bb\u03bb\u03af\u03b1\u03c2 77,70 \u03b2\u03b1\u03b8\u03bc\u03bf\u03bb\u03bf\u03b3\u03b9\u03b1 premier league \u03b5\u03bb\u03bb\u03b1\u03b4\u03b1 \u03c3\u03c5\u03bc\u03c0\u03b5\u03c1. \u03a6\u03a0\u0391  Cet ouvrage sint\u00e9resse aux violences physiques, de leur \u00e9valuation \u00e0 leur prise en charge. <img decoding=\"async\" src=\"http:\/\/www.meniiscus.ga\/fileadmin\/user_upload\/risque-iincendie-debroussaillement.jpg\" alt=\"jean luc donnet sur la rencontre avec l adolescent\" align=\"left\"> Cest \u00e0 partir de notre exp\u00e9rience men\u00e9e aupr\u00e8s dun groupe de parole pour adolescents que nous traiterons du th\u00e8me des parents dans son articulation avec la question des imagos. Nous mettrons en avant un \u00e9l\u00e9ment qui au cours de notre pratique quotidienne nous est apparu comme ayant une valeur dynamique : Il sagit du travail qui se fait chez chacun de nos jeunes patients \u00e0 partir de l\u00e9coute de ce qui se passe dans la famille des autres membres du groupe. Des effets de r\u00e9sonance dont la prise en compte peut favoriser selon nous, des mouvements de subjectivation. La notion dimago et son intrication avec le probl\u00e8me des identifications \u00e0 ladolescence nous permettra de situer lenjeu de notre propos. Dans notre dispositif, deux analystes, un homme et une femme, accueillent chaque semaine, pendant une heure, un groupe ouvert compos\u00e9 de huit adolescents et adolescentes qui ont entre 13 et 17 ans. En g\u00e9n\u00e9ral nous ne voyons les parents quune seule fois au d\u00e9but et plus rarement par la suite. Linterlocuteur des parents reste le m\u00e9decin consultant qui nous a adress\u00e9 ladolescent. Initialement pr\u00e9vu pour des adolescents inhib\u00e9s, avec des difficult\u00e9s relationnelles et des conduites de retrait, notre groupe sest progressivement ouvert \u00e0 dautres profils. Nous avons aussi accueilli des adolescents pr\u00e9sentant plut\u00f4t des tendances au passage \u00e0 lacte, avec un \u00e9change souvent marqu\u00e9 par lagir de parole une parole qui devient un acte et une certaine d\u00e9sinhibition. Des profils oppos\u00e9s qui nous sont apparus au fil du temps comme compl\u00e9mentaires et pour qui le cadre de la th\u00e9rapie individuelle ne semblait pas adapt\u00e9. Que ce soit dans linhibition ou la d\u00e9charge, la relation \u00e0 lautre est probl\u00e9matique. Il y a des difficult\u00e9s de distance par rapport \u00e0 une violence pulsionnelle mettant toujours en jeu les imagos parentales et rendant difficile le devenir adolescent. Kestemberg a mis en avant qu\u00e0 ladolescence, la maturation instrumentale sexuelle g\u00e9nitale ne correspond pas \u00e0 la maturation psycho-affective. Dans notre contexte, il nous semble que la difficult\u00e9 dans la ma\u00eetrise de la parole comme instrument de relation avec autrui viendrait redoubler ce d\u00e9calage entre la possession dun organisme adulte et le fait pour ladolescent de ne pas savoir quoi en faire. La coordination des soins en m\u00e9decine lib\u00e9rale fait lobjet dune attention particuli\u00e8re de la part de nos organismes de tutelle comme en t\u00e9moigne la loi du 13 ao\u00fbt 2004 qui a instaur\u00e9 le parcours de soins et le dossier m\u00e9dical partag\u00e9. Il est r.. <img decoding=\"async\" src=\"http:\/\/www.verkgeer.gq\/cache\/7\/9\/e\/b\/b\/79ebbe61e4e4ab927f634b8a50dc36ac0b793c30.jpeg\" alt=\"jean luc donnet sur la rencontre avec l adolescent\" align=\"center\"> Chaque prise en soins doit recueillir le consentement libre, \u00e9clair\u00e9 et durable du patient. La recherche dun accord pr\u00e9alable \u00e0 tout acte soignant susceptible de toucher la libert\u00e9 et la dignit\u00e9 du patient fait partie des fondamentaux de la psy.. Labstinence a longtemps \u00e9t\u00e9 le seul objectif de soin pour les personnes alcoolod\u00e9pendantes. Plus en phase avec les modes de consommation et les profils des patients, le mod\u00e8le de la r\u00e9duction des dommages et des risques permet un changeme.. A loccasion du festival des Imaginales, jai eu le plaisir de rencontrer Jean-Laurent Del Socorro pour \u00e9voquer avec lui son roman Boudicca, paru aux \u00e9ditions ActuSF. \u03a3\u03b5 \u03b3\u03bd\u03c9\u03c1\u03b9\u03c3\u03b1 \u03b1\u03c0\u03bf \u03c0\u03b1\u03b9\u03b4\u03b9 \u03bc\u03b9\u03ba\u03c1\u03bf \u03c0\u03b1\u03bd\u03b1\u03b8\u03b1 \u03bc\u03bf\u03c5 \u03bc\u03bf\u03c5 \u03c0\u03b7\u03c1\u03b5\u03c2 \u03c4\u03bf \u03bc\u03c5\u03b1\u03bb\u03bf En faisant de Pinel le La Fontaine de la m\u00e9decine, Esquirol a-t-il voulu comme le soutient lhistorienne Dora Weiner d\u00e9nigrer loeuvre de son ma\u00eetre? Il nen est rien et la formule, malgr\u00e9 son obscurit\u00e9, nen a pas moins un sens quune enqu\u00eate..<\/p>\n","protected":false},"excerpt":{"rendered":"<p>jean luc donnet sur la rencontre avec l adolescent<\/p>\n","protected":false},"author":1,"featured_media":0,"comment_status":"closed","ping_status":"closed","sticky":false,"template":"","format":"standard","meta":{"footnotes":""},"categories":[1],"tags":[],"_links":{"self":[{"href":"https:\/\/atombroker.hu\/journal\/wp-json\/wp\/v2\/posts\/2929"}],"collection":[{"href":"https:\/\/atombroker.hu\/journal\/wp-json\/wp\/v2\/posts"}],"about":[{"href":"https:\/\/atombroker.hu\/journal\/wp-json\/wp\/v2\/types\/post"}],"author":[{"embeddable":true,"href":"https:\/\/atombroker.hu\/journal\/wp-json\/wp\/v2\/users\/1"}],"replies":[{"embeddable":true,"href":"https:\/\/atombroker.hu\/journal\/wp-json\/wp\/v2\/comments?post=2929"}],"version-history":[{"count":1,"href":"https:\/\/atombroker.hu\/journal\/wp-json\/wp\/v2\/posts\/2929\/revisions"}],"predecessor-version":[{"id":2930,"href":"https:\/\/atombroker.hu\/journal\/wp-json\/wp\/v2\/posts\/2929\/revisions\/2930"}],"wp:attachment":[{"href":"https:\/\/atombroker.hu\/journal\/wp-json\/wp\/v2\/media?parent=2929"}],"wp:term":[{"taxonomy":"category","embeddable":true,"href":"https:\/\/atombroker.hu\/journal\/wp-json\/wp\/v2\/categories?post=2929"},{"taxonomy":"post_tag","embeddable":true,"href":"https:\/\/atombroker.hu\/journal\/wp-json\/wp\/v2\/tags?post=2929"}],"curies":[{"name":"wp","href":"https:\/\/api.w.org\/{rel}","templated":true}]}}