{"id":2911,"date":"2020-09-25T04:19:07","date_gmt":"2020-09-25T04:19:07","guid":{"rendered":"http:\/\/atombroker.hu\/journal\/?p=2911"},"modified":"2020-09-22T07:22:40","modified_gmt":"2020-09-22T07:22:40","slug":"rencontres-avec-le-printemps","status":"publish","type":"post","link":"https:\/\/atombroker.hu\/journal\/2020\/09\/25\/rencontres-avec-le-printemps\/","title":{"rendered":"Rencontres Avec Le Printemps"},"content":{"rendered":"<p>Nous vous invitons \u00e0 privil\u00e9gier le co-voiturage ou les transports en commun-Tram ligne 3 H\u00f4tel du d\u00e9partement puis 5 minutes \u00e0 pied. Gustave Flaubert, Lettre \u00e0 Louise Colet, 6 avril 1853 : Cest \u00e0 lui que nous devons tous les emb\u00eatements bleu\u00e2tres du lyrisme poitrinaire. Correspondance tome II, \u00e9d. La Pl\u00e9iade, 1980, p. 299, Son effet trompe-l\u0153il? Une forme num\u00e9rique sacs Swipe et Wifi? Le code QR des v\u00eatements pour en identifier ses mati\u00e8res? Une pi\u00e8ce Coperni doit r\u00e9pondre \u00e0 plusieurs crit\u00e8res. Une simplicit\u00e9 de coupe, une id\u00e9e de mouvement, un d\u00e9tail nouveau et une inspiration en g\u00e9n\u00e9ral issue du design ou de la technologie. Homme cass\u00e9, chanteur talentueux, Broken Back est lanc\u00e9 sur le chemin du succ\u00e8s. \u00c0 laube dun concert au Printemps de Bourges, lartiste nous susurre de bien jolies choses sous un soleil \u00e0 son apog\u00e9e. Le point sur cette rencontre hors du commun. Hey Alex : Passer de Youtube \u00e0 la sc\u00e8ne puis aux Victoires de la Musique, \u00e7a fait quoi? Exposition des \u0153uvres cr\u00e9\u00e9es lors des stages et ateliers organis\u00e9s par les Centres culturels de la ville de Limoges. Peintures, sculptures, \u00e9maux.. Rencontre de printemps 2020 de La Loure en Cotentin-report\u00e9e <img decoding=\"async\" src=\"http:\/\/branchepauldetarse.org\/wp-content\/uploads\/2018\/04\/com-avril2018-page001.jpeg\" alt=\"rencontres avec le printemps\" align=\"right\"> 2 classes ont \u00e9t\u00e9 pr\u00e9sentes de 14 \u00e0 15 Heures et 2 classes de 15 \u00e0 16 Heures. Cette confrontation avec les peintures du mus\u00e9e est pour elle une nouvelle mani\u00e8re dappr\u00e9hender l\u00e9criture. Environ 150 \u00e9l\u00e8ves des \u00e9coles \u00e9l\u00e9mentaires Barb\u00e8s, Beaumont-Carolus, Nicolas Leblanc, Jean Mac\u00e9 de Bourges, du groupe scolaire Maxime Duruthin de Fussy et de l\u00e9cole \u00e9l\u00e9mentaire Le Bourg \u00e0 Saint-Doulchard ont particip\u00e9 \u00e0 une des trois rencontres organis\u00e9es autour du recueil Avec mes deux mains paru chez Cheyne \u00e9diteur, collection Po\u00e8mes pour grandir. Dans le cadre du Printemps des Po\u00e8tes \u00e0 Tours, le po\u00e8te Alain Boudet a En ce qui concerne lurgence, les dispositifs rapides \u00e0 bas prix en containers, etc. Sont-ils acceptables? Rencontres avec Manon Aubry \u00e0 loccasion du Printemps de Bourges-Gauche R\u00e9publicaine et Socialiste  <img decoding=\"async\" src=\"http:\/\/www.unrdefamille.ch\/wp-content\/uploads\/2018\/02\/Prog_BouffeeR_2018_Web2.jpg\" alt=\"rencontres avec le printemps\" align=\"right\">  Benoit Rossi-Salamah Productions IDeal Rights Dim 1110 \u00e0 15h : Salle de vie associative \u00e0 Fourmagnac, rencontre avec Albane Gell\u00e9 Lancement de lop\u00e9ration Habiter l\u00c9cole en po\u00e9sie! 2017 <img decoding=\"async\" src=\"http:\/\/www.lespratos.org\/wp-content\/uploads\/2012\/04\/afficheavriljuillet.jpg\" alt=\"rencontres avec le printemps\" align=\"left\"> jeudi 16 octobre \u00e0 18h : Comptoir Sud Pacifique avec Val\u00e9rie Pianelli Guichard Dans la cour, lambiance \u00e9tait plut\u00f4t calme en raison du faible nombre d\u00e9l\u00e8ves par rapport \u00e0 dhabitude. Au total, 43 des \u00e9l\u00e8ves \u00e9taient attendus lundi matin, soit 178 sur les 410 quelle compte normalement. .<\/p>\n","protected":false},"excerpt":{"rendered":"<p>rencontres avec le printemps<\/p>\n","protected":false},"author":1,"featured_media":0,"comment_status":"closed","ping_status":"closed","sticky":false,"template":"","format":"standard","meta":{"footnotes":""},"categories":[1],"tags":[],"_links":{"self":[{"href":"https:\/\/atombroker.hu\/journal\/wp-json\/wp\/v2\/posts\/2911"}],"collection":[{"href":"https:\/\/atombroker.hu\/journal\/wp-json\/wp\/v2\/posts"}],"about":[{"href":"https:\/\/atombroker.hu\/journal\/wp-json\/wp\/v2\/types\/post"}],"author":[{"embeddable":true,"href":"https:\/\/atombroker.hu\/journal\/wp-json\/wp\/v2\/users\/1"}],"replies":[{"embeddable":true,"href":"https:\/\/atombroker.hu\/journal\/wp-json\/wp\/v2\/comments?post=2911"}],"version-history":[{"count":1,"href":"https:\/\/atombroker.hu\/journal\/wp-json\/wp\/v2\/posts\/2911\/revisions"}],"predecessor-version":[{"id":2912,"href":"https:\/\/atombroker.hu\/journal\/wp-json\/wp\/v2\/posts\/2911\/revisions\/2912"}],"wp:attachment":[{"href":"https:\/\/atombroker.hu\/journal\/wp-json\/wp\/v2\/media?parent=2911"}],"wp:term":[{"taxonomy":"category","embeddable":true,"href":"https:\/\/atombroker.hu\/journal\/wp-json\/wp\/v2\/categories?post=2911"},{"taxonomy":"post_tag","embeddable":true,"href":"https:\/\/atombroker.hu\/journal\/wp-json\/wp\/v2\/tags?post=2911"}],"curies":[{"name":"wp","href":"https:\/\/api.w.org\/{rel}","templated":true}]}}