{"id":2905,"date":"2020-09-25T13:30:29","date_gmt":"2020-09-25T13:30:29","guid":{"rendered":"http:\/\/atombroker.hu\/journal\/?p=2905"},"modified":"2020-09-22T07:11:46","modified_gmt":"2020-09-22T07:11:46","slug":"rencontre-des-collectionneurs-marignane","status":"publish","type":"post","link":"https:\/\/atombroker.hu\/journal\/2020\/09\/25\/rencontre-des-collectionneurs-marignane\/","title":{"rendered":"Rencontre Des Collectionneurs Marignane"},"content":{"rendered":"<p><img decoding=\"async\" src=\"http:\/\/www.conservatoire-documentaire-culturel-frederic-mistral.fr\/uploaded\/1988-002.jpg\" alt=\"rencontre des collectionneurs marignane\" align=\"center\">   Ch\u00e2teau des ducs de Bretagne Nantes Ch\u00e2teau et Anne de Bretagne 1240 Ou encore sur le web : Marseille-Stade Nautique du Roucas Blanc H\u00f4tel Plaza-Boscolo, 12 avenue de Verdum, 06000 Nice Ce travail de cr\u00e9ation est prolong\u00e9 dune exploration des repr\u00e9sentations de la famille au cin\u00e9ma sous la direction artistique dAlexis Moati: le Cin\u00e9-club de la Gare Franche est n\u00e9! Dans le cadre des Journ\u00e9es Europ\u00e9ennes du Patrimoine, les jeunes et moins jeunes! sont invit\u00e9s \u00e0 d\u00e9couvrir la riche histoire des Pennes-Mirabeau \u00e0 loccasion dune balade-surprise dans le vieux village : Si les si\u00e8cles des Pennes m\u00e9taient cont\u00e9s. Les b\u00e9n\u00e9voles de lAssociation du Patrimoine, en costumes d\u00e9poque, surgissent en neuf lieux du circuit pour conter les grands et petits \u00e9v\u00e9nements des si\u00e8cles pass\u00e9s. \u0391\u03b3\u03bf\u03c1\u03ac \u03c7\u03c1\u03c5\u03c3\u03ce\u03bd \u03bb\u03b9\u03c1\u03ce\u03bd \u03b1\u03b3\u03b3\u03bb\u03af\u03b1\u03c2 2.34 \u03b4\u03c1\u03bf\u03bc\u03bf\u03bb\u03bf\u03b3\u03b9\u03b1 \u03c0\u03bb\u03bf\u03b9\u03c9\u03bd \u03b3\u03b9\u03b1 \u03c1\u03bf\u03b4\u03bf \u03c4\u03b9\u03bc\u03b5\u03c2-2 Connectez-vous pour obtenir des informations sur vos voyages et envoyer des messages \u00e0 dautres voyageurs. \u00c0 environ 27.14 kms de Marignane Toujours entour\u00e9 de prairies, Le Bayle-Vert, avec ses b\u00e2timents du XVIIIe au XXe s. O\u00f9 Max-Philippe Delavou\u00ebt v\u00e9cut et \u00e9difia son \u0153uvre, demeure, \u00e0 ce jour, tel quil la voulu. Lieu de m\u00e9moire, inscrit \u00e0 linventaire des M.H,toujours habit\u00e9 par la famille, il est le si\u00e8ge du Centre Mas-Felipe Delavou\u00ebt, lieu de documentation et d\u00e9tude. Par ailleurs, une r\u00e9alisation, tr\u00e8s avanc\u00e9e, daccueil en r\u00e9sidence dartistes et de chercheurs dans un b\u00e2timent agricole du 18\u00e8me a d\u00fb, faute de financement, \u00eatre interrompue. Adresse : Mas du Bayle-Vert Grans Sart\u00e8ne Corse du sud Ville dart et dhistoire 626 Sollacaro De 9h \u00e0 17h. Entr\u00e9e gratuite. Renseignements : 06.08.07.61.62 Christian est un passionn\u00e9 de miniatures La Provence 18\u00e8me R\u00e9giment de Transmissions-2003-2010-Ardent et G\u00e9n\u00e9reux 434 <img decoding=\"async\" src=\"http:\/\/www.advapter.cf\/media\/02\/01\/1221145580.JPG\" alt=\"rencontre des collectionneurs marignane\" align=\"center\"> \u03b5\u03c0\u03b9\u03c4\u03c1\u03bf\u03c0\u03b7 \u03b1\u03bd\u03c4\u03b1\u03b3\u03c9\u03bd\u03b9\u03c3\u03bc\u03bf\u03c5 \u03c4\u03b7\u03bb\u03b5\u03c6\u03c9\u03bd\u03bf 7.5 \u03c6\u03cd\u03bb\u03b1\u03ba\u03b1\u03c2 \u03bc\u03bf\u03c5\u03c3\u03b5\u03af\u03c9\u03bd \u03b1\u03c1\u03c7\u03b1\u03b9\u03bf\u03bb\u03bf\u03b3\u03b9\u03ba\u03ce\u03bd \u03c7\u03ce\u03c1\u03c9\u03bd 0.80 Source: Minist\u00e8re de la Culturehttp:journeesdupatrimoine.fr Gratuit Viaduc de Millau Hauteur 343m-Longueur 2460 m Collection viaduc de Millau 281 Pour les explorateurs amateurs d\u00e9nigmes, de codes, de charades et de questions de culture, d\u00e9couvrez seul ou en famille la petite histoire de la chapelle. <img decoding=\"async\" src=\"http:\/\/media2.ac3-distribution.com\/office2\/immobar\/catalog\/images\/pr_p\/2\/2\/7\/0\/5\/5\/4\/5\/22705545a.jpg\" alt=\"rencontre des collectionneurs marignane\" align=\"right\"> .<\/p>\n","protected":false},"excerpt":{"rendered":"<p>rencontre des collectionneurs marignane<\/p>\n","protected":false},"author":1,"featured_media":0,"comment_status":"closed","ping_status":"closed","sticky":false,"template":"","format":"standard","meta":{"footnotes":""},"categories":[1],"tags":[],"_links":{"self":[{"href":"https:\/\/atombroker.hu\/journal\/wp-json\/wp\/v2\/posts\/2905"}],"collection":[{"href":"https:\/\/atombroker.hu\/journal\/wp-json\/wp\/v2\/posts"}],"about":[{"href":"https:\/\/atombroker.hu\/journal\/wp-json\/wp\/v2\/types\/post"}],"author":[{"embeddable":true,"href":"https:\/\/atombroker.hu\/journal\/wp-json\/wp\/v2\/users\/1"}],"replies":[{"embeddable":true,"href":"https:\/\/atombroker.hu\/journal\/wp-json\/wp\/v2\/comments?post=2905"}],"version-history":[{"count":1,"href":"https:\/\/atombroker.hu\/journal\/wp-json\/wp\/v2\/posts\/2905\/revisions"}],"predecessor-version":[{"id":2906,"href":"https:\/\/atombroker.hu\/journal\/wp-json\/wp\/v2\/posts\/2905\/revisions\/2906"}],"wp:attachment":[{"href":"https:\/\/atombroker.hu\/journal\/wp-json\/wp\/v2\/media?parent=2905"}],"wp:term":[{"taxonomy":"category","embeddable":true,"href":"https:\/\/atombroker.hu\/journal\/wp-json\/wp\/v2\/categories?post=2905"},{"taxonomy":"post_tag","embeddable":true,"href":"https:\/\/atombroker.hu\/journal\/wp-json\/wp\/v2\/tags?post=2905"}],"curies":[{"name":"wp","href":"https:\/\/api.w.org\/{rel}","templated":true}]}}