{"id":2875,"date":"2020-09-25T18:56:06","date_gmt":"2020-09-25T18:56:06","guid":{"rendered":"http:\/\/atombroker.hu\/journal\/?p=2875"},"modified":"2020-09-22T04:58:26","modified_gmt":"2020-09-22T04:58:26","slug":"annonce-rencontre-journal-le-quotidien","status":"publish","type":"post","link":"https:\/\/atombroker.hu\/journal\/2020\/09\/25\/annonce-rencontre-journal-le-quotidien\/","title":{"rendered":"Annonce Rencontre Journal Le Quotidien"},"content":{"rendered":"<p>Vert ou rouge? Une premi\u00e8re carte publi\u00e9e ce jeudi ballon rond. On a vu des diffuseurs qui refusaient de  sera relativement limit\u00e9 mais on y verra plus clair \u00e0 la fin du premier Les orages provoqueront une mont\u00e9e des eaux du Lot en amont de la Truy\u00e8re. Lire aussi : Maintenant, le but est de travailler un maximum James Norton, Vanessa Kirby, Peter Sarsgaard Bande-annonce \u00c0 Qu\u00e9bec, la nouvelle a \u00e9t\u00e9 mal accueillie par lAssembl\u00e9e nationale. La direction du sous-traitant a\u00e9ronautique toulousain Derichebourg Aeronautics va signer, avec les syndic.. Pour finir sur les critiques, navez-vous pas limpression parfois de participer \u00e0 la rupture du lien entre citoyens et politiques en vous moquant de ces derniers? d\u00e9placement, \u00e9crit-il dans un courrier transmis \u00e0 \u00c9douard Philippe. Les Deux-S\u00e8vres et la Cor\u00e8ze, tous deux color\u00e9s provisoirement en vert, on incit\u00e9 leurs habitants \u00e0 maintenir le cap. Ensemble, maintenons nos efforts pour pr\u00e9parer un d\u00e9confinement progressif dans les meilleures conditions en Corr\u00e8ze \u00e0 compter du 11 mai, pouvait-on lire sur Twitter. Aujourdhui, les Deux-S\u00e8vres ont la chance d\u00eatre class\u00e9es d\u00e9partement vert. Ensemble, faisons tout pour le rester. Plus nous serons rigoureux, plus t\u00f4t nous pourrons prendre lair et retrouver nos activit\u00e9s et loisirs. Mr Yann Barthes appartient \u00e0 cette petite caste et bourgeoisie parisienne qui ne cesse de d\u00e9nigrer les membres de lopposition que \u00e7a soit Jean Luc M\u00e9lenchon, Marine Le Pen, Laurent Wauquiez quils ont r\u00e9ussi \u00e0 faire tomber mais en parall\u00e8le pas un mot sur les affaires concernant les \u00e9lus En Marche comme laffaire Richard ferrand, laffaire Darmanin, laffaire Fran\u00e7ois Bayrou..Propagande tous azimuts de la part de Mr Yann Barthes mais \u00e9galement de lensemble des journalistes toutes cha\u00eenes confondues.   Cr\u00e9ez un compte gratuit pour commencer \u00e0 utiliser cette fonctionnalit\u00e9 <img decoding=\"async\" src=\"http:\/\/assets.sudouest.fr\/img\/annonces\/carnet.jpg\" alt=\"annonce rencontre journal le quotidien\" align=\"left\"> La Haute-Corse en rouge : la correction sera apport\u00e9e dici le 7 mai selon l : il y aurait eu une erreur de codage au centre hospitalier de Bastia France Bleu RCFM FranceBleuRCFM Comme chaque semaine, Le Quotidien du Tourisme fait le point sur les programmes TV consacr\u00e9s aux voyages \u00e0 ne pas manquer pendant le week-end. En voici cinq qui pourraient vous <img decoding=\"async\" src=\"http:\/\/www.blog-rct.com\/wp-content\/uploads\/Sans-titre-218.jpg\" alt=\"annonce rencontre journal le quotidien\" align=\"left\"> Le chef du gouvernement doit commencer son p\u00e9riple ce matin avec la visite.. Article du 2018-01-04 L hebdomadaire libanais pro-syrien, Al Shiraa, fait \u00e9clater laffaire des ventes darmes secr\u00e8tes des Etats-Unis \u00e0 lIran. Entre 1985 et 1987, en \u00e9change de missiles livr\u00e9s par.. <img decoding=\"async\" src=\"http:\/\/www.letelegramme.fr\/images\/2015\/07\/10\/sylvie-bourhis-aime-donner-du-bonheur-aux-gens_2437460.jpg\" alt=\"annonce rencontre journal le quotidien\" align=\"right\"> Lire aussi : La classe pr\u00e9paratoire nest pas une fin en soi Plus nous serons responsables et raisonnables, mieux nous vivrons la p\u00e9riode de d\u00e9confinement \u00e0 partir du 11 mai. Nous vous invitons \u00e0 d\u00e9couvrir ci-dessous le live Instagram entre Aymeric et notre journaliste de la r\u00e9daction. L\u00e9tudiant t\u00e9moigne de son exp\u00e9rience en classe pr\u00e9paratoire scientifique. Cest la deuxi\u00e8me fois en avril que des manifestants, parfois arm\u00e9s, se rassemblent \u00e0 Lansing pour demander la fin du confinement dans le Michigan, qui compte plus de 3.500 d\u00e9c\u00e8s li\u00e9s au Covid-19. Malgr\u00e9 les manifestations, la gestion de la crise du coronavirus par la gouverneure Gretchen Whitmer a \u00e9t\u00e9 plut\u00f4t favorablement per\u00e7ue, selon plusieurs enqu\u00eates dopinion r\u00e9centes. 30042020 \u00e0 22:54 R\u00e9sultats meilleurs quattendus pour Apple au deuxi\u00e8me trimestre Le pr\u00e9sident am\u00e9ricain veut ainsi dissuader la juridiction de poursuivre des militaires am\u00e9ricains pour leur implication dans le conflit en Afghanistan. Pour le pr\u00e9sident de lassembl\u00e9e des Etats parties de la CPI, ces sanctions entravent notre effort commun pour combattre limpunit\u00e9.<\/p>\n","protected":false},"excerpt":{"rendered":"<p>annonce rencontre journal le quotidien<\/p>\n","protected":false},"author":1,"featured_media":0,"comment_status":"closed","ping_status":"closed","sticky":false,"template":"","format":"standard","meta":{"footnotes":""},"categories":[1],"tags":[],"_links":{"self":[{"href":"https:\/\/atombroker.hu\/journal\/wp-json\/wp\/v2\/posts\/2875"}],"collection":[{"href":"https:\/\/atombroker.hu\/journal\/wp-json\/wp\/v2\/posts"}],"about":[{"href":"https:\/\/atombroker.hu\/journal\/wp-json\/wp\/v2\/types\/post"}],"author":[{"embeddable":true,"href":"https:\/\/atombroker.hu\/journal\/wp-json\/wp\/v2\/users\/1"}],"replies":[{"embeddable":true,"href":"https:\/\/atombroker.hu\/journal\/wp-json\/wp\/v2\/comments?post=2875"}],"version-history":[{"count":1,"href":"https:\/\/atombroker.hu\/journal\/wp-json\/wp\/v2\/posts\/2875\/revisions"}],"predecessor-version":[{"id":2876,"href":"https:\/\/atombroker.hu\/journal\/wp-json\/wp\/v2\/posts\/2875\/revisions\/2876"}],"wp:attachment":[{"href":"https:\/\/atombroker.hu\/journal\/wp-json\/wp\/v2\/media?parent=2875"}],"wp:term":[{"taxonomy":"category","embeddable":true,"href":"https:\/\/atombroker.hu\/journal\/wp-json\/wp\/v2\/categories?post=2875"},{"taxonomy":"post_tag","embeddable":true,"href":"https:\/\/atombroker.hu\/journal\/wp-json\/wp\/v2\/tags?post=2875"}],"curies":[{"name":"wp","href":"https:\/\/api.w.org\/{rel}","templated":true}]}}