{"id":2837,"date":"2020-09-25T05:49:47","date_gmt":"2020-09-25T05:49:47","guid":{"rendered":"http:\/\/atombroker.hu\/journal\/?p=2837"},"modified":"2020-09-22T03:28:22","modified_gmt":"2020-09-22T03:28:22","slug":"association-accueil-et-rencontres-marseille","status":"publish","type":"post","link":"https:\/\/atombroker.hu\/journal\/2020\/09\/25\/association-accueil-et-rencontres-marseille\/","title":{"rendered":"Association Accueil Et Rencontres Marseille"},"content":{"rendered":"<p>Rencontrer la jeunesse en pied dimmeuble : 323 soir\u00e9es r\u00e9alis\u00e9es 20h-minuit, 7 ann\u00e9es, 63 villes, 81 quartiers Vect-Horus, soci\u00e9t\u00e9 de biotechnologies accompagn\u00e9e et financ\u00e9e par lincubateur Impulse, con\u00e7oit et d\u00e9veloppe des vecteurs peptidiques facilitant ladressage de m\u00e9dicaments et.. Des accords interm\u00e9diaires avec modification des modalit\u00e9s de rencontres initiales peuvent intervenir \u00e0 tout moment \u00e0 la condition que chacun des parents y adh\u00e8re et que lint\u00e9r\u00eat et la s\u00e9curit\u00e9 de lenfant soient pr\u00e9serv\u00e9s. LAssociation Montjoye propose une offre vari\u00e9e pour les entreprises : Des services personnalis\u00e9s pour soutenir les salari\u00e9s victimes d\u00e9v\u00e9nements traumatiques issus de faits survenus dans lexercice de leur mission incivilit\u00e9s, agressions, prises dotages, chocs \u00e9motionnels.. Et par COVID-19 : NOUS AVONS BESOIN DE VOTRE AVIS POUR CONTINUER A VOUS ACCOMPAGNER AU MIEUX Ou simplement envie den savoir plus? Inscris-toi \u00e0 une s\u00e9ance dinformation pr\u00e8s de chez toi! LAssociation des Personnes de Petite Taille est bas\u00e9e \u00e0 Paris. Plusieurs d\u00e9l\u00e9gations se trouvent en r\u00e9gion. De\u0300s lorigine, le mouvement est centre\u0301 par sa fondatrice sur lhumain et la volonte\u0301 affirme\u0301e de faire grandir lHomme. Florent Giboire, ex-responsable de lantenne r\u00e9gionale MSF de Marseille    Le SMA, ainsi que 19 organisations, publient ce jour le communiqu\u00e9 de press.. 26 mars, 2020 Vous en serez tenus inform\u00e9s via le rectorat et le site web de lACAM que nous vous invitons donc \u00e0 consulter r\u00e9guli\u00e8rement. Amours, haines et autres affects en institution :.. Contribuez au d\u00e9veloppement humain et \u00e0 louverture de chacun au monde qui lentoure Le programme alliant villes coloniales et paysages ruraux Cest une r\u00e9alit\u00e9 que la non-reconnaissance des proches aidants p\u00e8se dans notre quotidien. Et si souvent d\u00e9concerte! Un nouveau laur\u00e9at en Cr\u00e9ation-D\u00e9veloppement et quatre laur\u00e9ats r\u00e9gionaux en Emergence Le retrait de la circulaire Dublin III : obligation pour les demandeurs dasile dinitier leurs d\u00e9marches dans le premier pays communautaire o\u00f9 on les force \u00e0 d\u00e9poser leurs empreintes On compte sur vous pour venir relever le d\u00e9fi lanc\u00e9 par Imany : courir pour faire reculer lendom\u00e9triose! Brassard Cl\u00e9 USB 7Go Mug isotherme Parapluie Porte cl\u00e9s Salsa Bracelet Sac T-Shirt Powerbank DVD COLLOQUE 2012 DVD COLLOQUE 2009 DVD COLLOQUE 2008 Livre Efficacit\u00e9 de laccompagnement th\u00e9rapeutique Livre Devenir acteur de sa gu\u00e9rison Livre Vivre aujourdhui, penser demain Acc\u00e9dez \u00e0 nos ressources en lignes, archives et cr\u00e9ations <img decoding=\"async\" src=\"http:\/\/www.ecole-internationale.ac-aix-marseille.fr\/webphp\/eipaca\/modules\/mod_btslideshow\/images\/106\/slideshow\/img-2027-11.jpg\" alt=\"association accueil et rencontres marseille\" align=\"right\"> PROMOUVOIR les cultures de lAm\u00e9rique Latine et des Cara\u00efbes Les demandes de fonctionnement doivent \u00eatre d\u00e9pos\u00e9es aupr\u00e8s de votre BVE avant le 15 janvier de chaque ann\u00e9e universitaire. Les demandes de cr\u00e9ation sont \u00e9tudi\u00e9es tout au long de lann\u00e9e universitaire. <img decoding=\"async\" src=\"http:\/\/www.caravanedesdixmots.com\/caravane\/chine-macao.jpg\" alt=\"association accueil et rencontres marseille\" align=\"left\"> R\u00e9servation obligatoire circuitsmarseilleexpos.com Apr\u00e8s deux mois et demi de travaux et un investissement de 2 millions deuros, le Palais des Congr\u00e8s dIssy-les-Moulineaux new look a \u00e9t\u00e9 inaugur\u00e9 mercredi 10 octobre par les \u00e9diles locales et les repr\u00e9sentants de Viparis. Le gestionnaire de sites \u00e9v\u00e9nementiels, pr\u00e9sent sur le site depuis 2008, a ainsi d\u00e9voil\u00e9 le r\u00e9sultat des travaux dam\u00e9nagements r\u00e9alis\u00e9s apr\u00e8s le renouvellement de sa concession fin 2017. Une r\u00e9novation n\u00e9cessaire pour remettre aux normes techniques le palais des congr\u00e8s, mais aussi lui redonner son caract\u00e8re historique <img decoding=\"async\" src=\"http:\/\/ancrages.org\/wp-content\/uploads\/2018\/09\/visuel-karaok%C3%A9-Ancrages-300x300.jpg\" alt=\"association accueil et rencontres marseille\" align=\"right\"> O\u00f9 toutes les th\u00e9rapies n\u00e9cessaires au mieux-\u00eatre sont regroup\u00e9es.<\/p>\n","protected":false},"excerpt":{"rendered":"<p>association accueil et rencontres marseille<\/p>\n","protected":false},"author":1,"featured_media":0,"comment_status":"closed","ping_status":"closed","sticky":false,"template":"","format":"standard","meta":{"footnotes":""},"categories":[1],"tags":[],"_links":{"self":[{"href":"https:\/\/atombroker.hu\/journal\/wp-json\/wp\/v2\/posts\/2837"}],"collection":[{"href":"https:\/\/atombroker.hu\/journal\/wp-json\/wp\/v2\/posts"}],"about":[{"href":"https:\/\/atombroker.hu\/journal\/wp-json\/wp\/v2\/types\/post"}],"author":[{"embeddable":true,"href":"https:\/\/atombroker.hu\/journal\/wp-json\/wp\/v2\/users\/1"}],"replies":[{"embeddable":true,"href":"https:\/\/atombroker.hu\/journal\/wp-json\/wp\/v2\/comments?post=2837"}],"version-history":[{"count":1,"href":"https:\/\/atombroker.hu\/journal\/wp-json\/wp\/v2\/posts\/2837\/revisions"}],"predecessor-version":[{"id":2838,"href":"https:\/\/atombroker.hu\/journal\/wp-json\/wp\/v2\/posts\/2837\/revisions\/2838"}],"wp:attachment":[{"href":"https:\/\/atombroker.hu\/journal\/wp-json\/wp\/v2\/media?parent=2837"}],"wp:term":[{"taxonomy":"category","embeddable":true,"href":"https:\/\/atombroker.hu\/journal\/wp-json\/wp\/v2\/categories?post=2837"},{"taxonomy":"post_tag","embeddable":true,"href":"https:\/\/atombroker.hu\/journal\/wp-json\/wp\/v2\/tags?post=2837"}],"curies":[{"name":"wp","href":"https:\/\/api.w.org\/{rel}","templated":true}]}}