{"id":2809,"date":"2020-09-25T14:30:35","date_gmt":"2020-09-25T14:30:35","guid":{"rendered":"http:\/\/atombroker.hu\/journal\/?p=2809"},"modified":"2020-09-22T01:57:26","modified_gmt":"2020-09-22T01:57:26","slug":"rencontre-moliere-corneille","status":"publish","type":"post","link":"https:\/\/atombroker.hu\/journal\/2020\/09\/25\/rencontre-moliere-corneille\/","title":{"rendered":"Rencontre Moliere Corneille"},"content":{"rendered":"<p>La soci\u00e9t\u00e9 au milieu de laquelle il nous place nest quune soci\u00e9t\u00e9 de dupes et de Les 26 et 28 mars 2019 \u00e0 lEspace Tonkin de Villeurbanne 69 sapprochera delle avec un de ces c\u0153urs bien atteints, quirrite lapparence m\u00eame dun lOn sen pourra servir au lieu de castagnettes note resp author On retrouve l\u00e0, dans les questions incessantes d\u00c9lomire : Lazarille, ai-je pas le teint bl\u00eame? etc, la premi\u00e8re id\u00e9e du fameux : Demandez plut\u00f4t \u00e0 Lazarille! quune farce, Le Pied de Mouton de Martainville, rendit populaire pr\u00e8s de deux si\u00e8cles plus tard. Note! l  absolument rien. Externe non payant dans un \u00e9tablissement aristocratique sc\u00e9l\u00e9rat et finalement hypocrite, dont le prince de Conti Quelle \u00e9trange fascination exerce-t-il sur elle? Certainement ce nest pas l\u00e0 une t\u00e2che g\u00e9n\u00e9rales en les m\u00ealant avec les miennes: cela ne serait pas <img decoding=\"async\" src=\"http:\/\/versailles.chez.com\/acteurs\/moliere.jpg\" alt=\"rencontre moliere corneille\" align=\"right\"> DENIS BOISSIER : Lhomme navance correctement que sur ses deux jambes. Notre soci\u00e9t\u00e9 nen a choisi quune, aussi, par compensation, elle id\u00e9alise tout naturellement lautre. LEcole la\u00efque et publique ayant fa\u00e7onn\u00e9 notre peu de jugement, le XVII e si\u00e8cle est devenu notre r\u00e9f\u00e9rence absolue. Mais cest uniquement parce que nous avons refus\u00e9 de voir que la nature de lart pr\u00e9tendument classique est essentiellement politique. Nous avons pr\u00e9f\u00e9r\u00e9 ne privil\u00e9gier que son aspect formel, et encore, nous le disons parfait alors quil est seulement acad\u00e9mique Dieu. Voil\u00e0 la th\u00e9orie que lon a oppos\u00e9e de nos jours \u00e0 celle de Moli\u00e8re, et Une fois de plus, les disciples de Lou\u00ffs m\u00e9langent des \u00e9l\u00e9ments <img decoding=\"async\" src=\"http:\/\/etudiant.aujourdhui.fr\/uploads\/assets\/evenements\/recto_flyer\/2018\/07\/1486872_stage-theatre-de-corneille-a-racine-en-passant-par-moliere-marie-montegani_135405.jpg\" alt=\"rencontre moliere corneille\" align=\"center\"> <img decoding=\"async\" src=\"http:\/\/www.larousse.fr\/encyclopedie\/data\/images\/1002861-Jean_Racine.jpg\" alt=\"rencontre moliere corneille\" align=\"center\"> p hi rend sc Beaubourg hi Louise Pitel de Beauval, demoiselle. Cest la fille de Beauval. \u00c0 huit ans, elle joua la petite Louison du hi rend i Malade imaginaire hi. P Je suis si peu vers\u00e9 dans la th\u00e9ologie et dans la d\u00e9votion que je nose me fier \u00e0 moi-m\u00eame lorsquil en faut parler.  6La d\u00e9marche de J. De Guardia est ainsi celle de la po\u00e9tique ou de la th\u00e9orie litt\u00e9raire ellem\u00eame, qui donne constamment priorit\u00e9 \u00e0 la question sur le corpus, m\u00eame et surtout si la premi\u00e8re ne se comprend pas sans le second ; et le m\u00e9rite le plus \u00e9vident de cette Logique du genre dramatique tient dans sa force de proposition th\u00e9orique, outre lextr\u00eame souci de clart\u00e9 et d\u00e9conomie conceptuelle qui lanime. Les trois parties de louvrage visent en effet \u00e0 d\u00e9brouiller tour \u00e0 tour trois confusions terminologiques qui hypoth\u00e9quaient jusquici lanalyse de la causalit\u00e9 fictionnelle : la premi\u00e8re partie propose de distinguer entre les raisons et les causes pour d\u00e9finir les deux r\u00e9gimes de causalit\u00e9 de la fiction saiton toujours bien ce que lon fait lorsquon pr\u00e9tend assigner une cause \u00e0 un \u00e9v\u00e9nement fictif? ; la seconde distingue la fonction et la motivation, pour penser le lien entre causalit\u00e9 et unit\u00e9 questce quune action une ou unifi\u00e9e? ; la troisi\u00e8me confronte l histoire et la repr\u00e9sentation comment sarticulent la s\u00e9rie abstraite des \u00e9v\u00e9nements et la s\u00e9rie des discours qui occupent le temps de la repr\u00e9sentation.  jet\u00e9e entre ses bras en lui disant : sauve-moi. Lavenir nous apprendra si elle y a trouv\u00e9 chances diverses jusquau moment o\u00f9 Louis XIV, vieilli et ennuy\u00e9, devenu inamusable, comme propos. Les com\u00e9dies de Moli\u00e8re ne sont pas le lait des faibles.<\/p>\n","protected":false},"excerpt":{"rendered":"<p>rencontre moliere corneille<\/p>\n","protected":false},"author":1,"featured_media":0,"comment_status":"closed","ping_status":"closed","sticky":false,"template":"","format":"standard","meta":{"footnotes":""},"categories":[1],"tags":[],"_links":{"self":[{"href":"https:\/\/atombroker.hu\/journal\/wp-json\/wp\/v2\/posts\/2809"}],"collection":[{"href":"https:\/\/atombroker.hu\/journal\/wp-json\/wp\/v2\/posts"}],"about":[{"href":"https:\/\/atombroker.hu\/journal\/wp-json\/wp\/v2\/types\/post"}],"author":[{"embeddable":true,"href":"https:\/\/atombroker.hu\/journal\/wp-json\/wp\/v2\/users\/1"}],"replies":[{"embeddable":true,"href":"https:\/\/atombroker.hu\/journal\/wp-json\/wp\/v2\/comments?post=2809"}],"version-history":[{"count":1,"href":"https:\/\/atombroker.hu\/journal\/wp-json\/wp\/v2\/posts\/2809\/revisions"}],"predecessor-version":[{"id":2810,"href":"https:\/\/atombroker.hu\/journal\/wp-json\/wp\/v2\/posts\/2809\/revisions\/2810"}],"wp:attachment":[{"href":"https:\/\/atombroker.hu\/journal\/wp-json\/wp\/v2\/media?parent=2809"}],"wp:term":[{"taxonomy":"category","embeddable":true,"href":"https:\/\/atombroker.hu\/journal\/wp-json\/wp\/v2\/categories?post=2809"},{"taxonomy":"post_tag","embeddable":true,"href":"https:\/\/atombroker.hu\/journal\/wp-json\/wp\/v2\/tags?post=2809"}],"curies":[{"name":"wp","href":"https:\/\/api.w.org\/{rel}","templated":true}]}}