{"id":2709,"date":"2020-09-24T16:42:50","date_gmt":"2020-09-24T16:42:50","guid":{"rendered":"http:\/\/atombroker.hu\/journal\/?p=2709"},"modified":"2020-09-21T20:30:11","modified_gmt":"2020-09-21T20:30:11","slug":"rencontres-17","status":"publish","type":"post","link":"https:\/\/atombroker.hu\/journal\/2020\/09\/24\/rencontres-17\/","title":{"rendered":"Rencontres 17"},"content":{"rendered":"<p>Sens de lhumour : Je ris quand cest vraiment dr\u00f4le, Je ris souvent int\u00e9rieurement, Amical, je souris toujours Code \u00e0 utiliser lors de votre inscription sur la plateforme  Olivier Fontan, directeur ex\u00e9cutif du Haut Conseil pour le Climat Vous \u00eates entrepreneur, ing\u00e9nieur, fonctionnaire, enseignant, \u00e9tudiant, personnel de sant\u00e9, commer\u00e7ant, agent territorial ou tout simplement un citoyen dynamique et attentif? <img decoding=\"async\" src=\"http:\/\/www.lesrencontresdedanseaerienne.com\/wp-content\/uploads\/2018\/03\/planning-s1-Les-Rencontres-de-danse-A%C3%A9rienne-2018-1-1024x724.jpg\" alt=\"rencontres 17\" align=\"center\"> Rencontre entre c\u00e9libataires autour de la Charente-Maritime 15h-17h Rencontres Green Solutions session r\u00e9serv\u00e9e aux journalistes, adh\u00e9rents et \u00e9tudiants S\u00e9bastien 47 ans, je recherche une femme pr\u00e8s de Saintes. Le 23 mai 2020, Margot Phaneuf s\u00e9teignait \u00e0 l\u00e2ge de 91 ans, apr\u00e8s une carri\u00e8re exemplaire dinfirmi\u00e8re. Elle avait particip\u00e9 \u00e0 deux dossiers de Sant\u00e9.. La collecte et traitement dinformations relatives \u00e0 votre utilisation de ce service afin de vous adresser <img decoding=\"async\" src=\"http:\/\/www.forum-social-des-quartiers.org\/wp-content\/uploads\/2016\/10\/cine-rencontres-Demain2-2016.jpg\" alt=\"rencontres 17\" align=\"center\"> Coordinateurs : S\u00e9gol\u00e8ne Maudet, Pierre Verschueren et Leslie Villiaume Nous utilisons des cookies pour vous garantir la meilleure exp\u00e9rience sur notre site web. Si vous continuez \u00e0 utiliser ce site, nous supposerons que vous en \u00eates satisfait.   Pour toute information Cette adresse e-mail est prot\u00e9g\u00e9e contre les robots spammeurs. Vous devez activer le JavaScript pour la visualiser. La r\u00e8gle dor de la conduite est la tol\u00e9rance mutuelle, car nous ne penserons jamais tous de la m\u00eame fa\u00e7on, nous ne verrons quune partie de la v\u00e9rit\u00e9 et sous des angles diff\u00e9rents. Alors les hommes moins de 6 ans et de plus de 6 ans que moi, les profils incomplets et sans photo ou les hommes mari\u00e9s..et plus petits que moi..D\u00e9sol\u00e9e..ne le prenez pas mal mais.je ne r\u00e9pondrai pas \u00e0 par politesse m\u00eame si cela signifiera que vous ne mavez pas lu.. Le vendredi 3 juillet 2020 reprogramm\u00e9e le vendredi 02 juillet 2021 Cest avec un grand s\u00e9rieux que tous les profils sont v\u00e9rifi\u00e9s afin de garantir la s\u00e9curit\u00e9 de nos utilisateurs. Un service de mod\u00e9ration est pr\u00e9sent pour r\u00e9pondre \u00e0 vos questions ou r\u00e9soudre vos probl\u00e8mes concernant le fonctionnement du site. Organisation des Rencontres Philosophie for Smart City : Oasis cr\u00e9\u00e9e par lHomme, Marrakech est une ville jardins dont le paysage repose sur 3 \u00e9l\u00e9ments : le palmier, la M\u00e9dina et la montagne. Diff\u00e9rents mod\u00e8les de relations au v\u00e9g\u00e9tal se superposent et \u00e9voluent au fil du temps, refl\u00e9tant \u00e0 chaque fois un fonctionnement social sp\u00e9cifique. De la ville arabo-musulmane \u00e0 la ville actuelle en passant par la ville coloniale, les formes et places du v\u00e9g\u00e9tal renvoient \u00e0 des imaginaires et fonctions contrast\u00e9es. Samedi 5 octobre \u00e0 15h00 : Nos vies professionnelles avec Claude Lelouch. Christel Birot et Guillaume Husson Salaud, on taime Le patrimoine immat\u00e9riel face \u00e0 la psychologie des \u00eatres artificiels 26 mai 2020 Nouveau : les rencontres Green Solutions, 5 projets durables \u00e0 d\u00e9couvrir sur le th\u00e8me R\u00e9novation r\u00e9emploi-Construction21 Warning : you need to active javascript to access all features. LASTV, la T\u00e9l\u00e9vision Locale de Grande-Synthe existe depuis plus de 30 ans. Elle est la pionni\u00e8re des m\u00e9dias locaux puisquelle a \u00e9t\u00e9 cr\u00e9\u00e9e en 1982 et inaugur\u00e9e le 10 janvier 1984. Cest dire si elle a une longue histoire avec ses t\u00e9l\u00e9spectateurs. <img decoding=\"async\" src=\"http:\/\/bcestaires.fr\/wp-content\/uploads\/2017\/09\/Affichage-Salle-Rencontres-Mensuelles-2-e1521578222869-768x543.jpg\" alt=\"rencontres 17\" align=\"center\"> Rencontre Dirigeants du 17 janvier 2020 \u00e0 SAINT-DIE DES VOSGES.<\/p>\n","protected":false},"excerpt":{"rendered":"<p>rencontres 17<\/p>\n","protected":false},"author":1,"featured_media":0,"comment_status":"closed","ping_status":"closed","sticky":false,"template":"","format":"standard","meta":{"footnotes":""},"categories":[1],"tags":[],"_links":{"self":[{"href":"https:\/\/atombroker.hu\/journal\/wp-json\/wp\/v2\/posts\/2709"}],"collection":[{"href":"https:\/\/atombroker.hu\/journal\/wp-json\/wp\/v2\/posts"}],"about":[{"href":"https:\/\/atombroker.hu\/journal\/wp-json\/wp\/v2\/types\/post"}],"author":[{"embeddable":true,"href":"https:\/\/atombroker.hu\/journal\/wp-json\/wp\/v2\/users\/1"}],"replies":[{"embeddable":true,"href":"https:\/\/atombroker.hu\/journal\/wp-json\/wp\/v2\/comments?post=2709"}],"version-history":[{"count":1,"href":"https:\/\/atombroker.hu\/journal\/wp-json\/wp\/v2\/posts\/2709\/revisions"}],"predecessor-version":[{"id":2710,"href":"https:\/\/atombroker.hu\/journal\/wp-json\/wp\/v2\/posts\/2709\/revisions\/2710"}],"wp:attachment":[{"href":"https:\/\/atombroker.hu\/journal\/wp-json\/wp\/v2\/media?parent=2709"}],"wp:term":[{"taxonomy":"category","embeddable":true,"href":"https:\/\/atombroker.hu\/journal\/wp-json\/wp\/v2\/categories?post=2709"},{"taxonomy":"post_tag","embeddable":true,"href":"https:\/\/atombroker.hu\/journal\/wp-json\/wp\/v2\/tags?post=2709"}],"curies":[{"name":"wp","href":"https:\/\/api.w.org\/{rel}","templated":true}]}}