{"id":2597,"date":"2020-09-24T02:38:50","date_gmt":"2020-09-24T02:38:50","guid":{"rendered":"http:\/\/atombroker.hu\/journal\/?p=2597"},"modified":"2020-09-21T14:32:20","modified_gmt":"2020-09-21T14:32:20","slug":"rencontres-avec-tunisiens","status":"publish","type":"post","link":"https:\/\/atombroker.hu\/journal\/2020\/09\/24\/rencontres-avec-tunisiens\/","title":{"rendered":"Rencontres Avec Tunisiens"},"content":{"rendered":"<p>Null,null,null,null,aaCBMiamh0dHBzOi8vd3d3LmJmbXR2LmNvbS9zYW50ZS9jb3JvbmF2aXJ1cy0yNy1tb3J0cy1jZXMtZGVybmllcmVzLTI0aC1kYW5zLWxlcy1ob3BpdGF1eC1mcmFuY2Fpcy0xOTMxNjE4Lmh0bWzSAQA,null,null,42,42,CAAqOQgKIjNDQklTSURvSmMzUnZjbmt0TXpZd1NoTUtFUWpPaWZqUGw0QU1FYi1lY3NBWDM1cU1LQUFQAQ <img decoding=\"async\" src=\"http:\/\/www.cepex.nat.tn\/upload\/actualite\/Forum-tunisie-pakistan.png\" alt=\"rencontres avec tunisiens\" align=\"right\"> Non, non, jai tout recommenc\u00e9, dessins et sc\u00e9nario. Cest la raison pour laquelle elle nest sortie quen 2008. Je voulais parler des pays de la M\u00e9diterran\u00e9e, situer laction dans ce contexte. Le travail le plus d\u00e9licat sest situ\u00e9 en amont quand il sest agi de construire les personnages, leur donner une identit\u00e9. Mais je trouve que cest la part la plus surprenante et amusante. Voir ses propres cr\u00e9atures prendre vie! Jai termin\u00e9 le travail au d\u00e9but de 2007, apr\u00e8s avoir enfin trouv\u00e9 un \u00e9diteur qui a finalement cru en moi : MC \u00e9ditions. On s\u00e9tait d\u00e9j\u00e0 rencontr\u00e9 quelques temps auparavant quand je voulais publier un roman, La Vall\u00e9e des Vignes. Je nai pas abandonn\u00e9 lid\u00e9e, mais l\u00e0 aussi il y a beaucoup de travail \u00e0 faire. Je suis en effet int\u00e9ress\u00e9 par tous les aspects de la litt\u00e9rature et de lart! 7 Il ny a pas, en Tunisie, douvrage \u00e9quivalent \u00e0 celui de M. El Ayadi, M. Tozy et H. Rachik, LIsl ,42,42,CAAqOQgKIjNDQklTSURvSmMzUnZjbmt0TXpZd1NoTUtFUWpQd29QTmw0QU1FZVQyMGI1RzlJYWxLQUFQAQ <img decoding=\"async\" src=\"http:\/\/www.businessnews.com.tn\/images\/album\/BN38530four-season.jpg\" alt=\"rencontres avec tunisiens\" align=\"left\"> L\u00e9bullition politique, que suscite la situation politique actuelle, dans notre pays, est normale.. Suite \u00e0 sa transition d\u00e9mocratique, la Tunisie est d\u00e9sormais reconnue pour sa libert\u00e9 dexpression. Quelle est votre opinion sur la libert\u00e9 dexpression dans le pays? Cette fin de saison en Espagne sannonce passionnante, avec de nombreux joueurs \u00e0 suivre de tr\u00e8s pr\u00e8s. Il sagit l\u00e0 de joueurs de retour apr\u00e8s. ,null,null,null,null,null,null,null,null,null,null,null,null,null,null,null,null,null,null, Rencontre de haut niveau avec lAmbassadeur de Tunisie en Pologne, S.E M. Sghaier FATNASSI Campement de mars ou Camp Mars : ils peuvent monter jusque 52 tentes pouvant contenir jusque 4 lits donc potentiellement beaucoup de monde! Mais comme nous y sommes all\u00e9s, nous avions le camp pratiquement rien que pour nous. Dans ma toute premi\u00e8re jeunesse j\u00e9tais fan de Zola. Ensuite, je me suis abreuv\u00e9 \u00e0 plusieurs sources, Gabriel Garcia Marquez, Georges Amadouje dois dire que loin de tout dogmatisme, mon ma\u00eetre \u00e0 penser demeure Karl Marx. Le Dix huit Brumer de Louis Bonaparte ma beaucoup inspir\u00e9 dans l\u00e9criture de mon livre. Clear keys input element Submit search Open mobile overlay area  en, sur wildstat.com consult\u00e9 le 27 avril 2019 Mais la culture berb\u00e8re nappartient pas quaux mus\u00e9es! Voici deux adresses o\u00f9 je vous conseille de vous rendre, pour boire un verre, manger un bout, dormir dans des chambres troglodytes et, surtout, pour parler avec les propri\u00e9taires, v\u00e9ritables ambassadeurs de la culture, m\u00e9moire dun art de vivre dun peuple et v\u00e9ritables moulins \u00e0 paroles, aussi sympathiques que bavards! <img decoding=\"async\" src=\"http:\/\/www.espaceagro.com\/_AFFAIRE\/172720.jpg\" alt=\"rencontres avec tunisiens\" align=\"left\">,null,il y a 5u00a0heures,null,null,Accu00e9der u00e0 RFI,publicationsCAAqBggKMP33fTDk1Ak,null,null,null,null,null,link,null,null,null,null,null,aaui63e6c28b-4f8f-4583-a94d-0c69984c86c4 Les b\u00e9b\u00e9s on les fait \u00e0 deux, sen occuper \u00e0 deux devrait \u00eatre la r\u00e8gle. Je pense que faire des produits qui accompagnent les jeunes parents passe n\u00e9cessairement par lobservation des habitudes et des besoins des deux parents. Et jusque-l\u00e0, \u00e0 part lallaitement naturel, aucune autre t\u00e2che ou soin de b\u00e9b\u00e9 ne sest r\u00e9v\u00e9l\u00e9e exclusive aux mamans. Primanata fournit des solutions adapt\u00e9es aux jeunes parents, \u00e0 eux de se r\u00e9partir les t\u00e2ches,null,null,null,null,null,null,null,null,null,null,null,null,null,null,null,null,null,null, Pour se ressourcer,je trouve que cest le meilleure endroit.<\/p>\n","protected":false},"excerpt":{"rendered":"<p>rencontres avec tunisiens<\/p>\n","protected":false},"author":1,"featured_media":0,"comment_status":"closed","ping_status":"closed","sticky":false,"template":"","format":"standard","meta":{"footnotes":""},"categories":[1],"tags":[],"_links":{"self":[{"href":"https:\/\/atombroker.hu\/journal\/wp-json\/wp\/v2\/posts\/2597"}],"collection":[{"href":"https:\/\/atombroker.hu\/journal\/wp-json\/wp\/v2\/posts"}],"about":[{"href":"https:\/\/atombroker.hu\/journal\/wp-json\/wp\/v2\/types\/post"}],"author":[{"embeddable":true,"href":"https:\/\/atombroker.hu\/journal\/wp-json\/wp\/v2\/users\/1"}],"replies":[{"embeddable":true,"href":"https:\/\/atombroker.hu\/journal\/wp-json\/wp\/v2\/comments?post=2597"}],"version-history":[{"count":1,"href":"https:\/\/atombroker.hu\/journal\/wp-json\/wp\/v2\/posts\/2597\/revisions"}],"predecessor-version":[{"id":2598,"href":"https:\/\/atombroker.hu\/journal\/wp-json\/wp\/v2\/posts\/2597\/revisions\/2598"}],"wp:attachment":[{"href":"https:\/\/atombroker.hu\/journal\/wp-json\/wp\/v2\/media?parent=2597"}],"wp:term":[{"taxonomy":"category","embeddable":true,"href":"https:\/\/atombroker.hu\/journal\/wp-json\/wp\/v2\/categories?post=2597"},{"taxonomy":"post_tag","embeddable":true,"href":"https:\/\/atombroker.hu\/journal\/wp-json\/wp\/v2\/tags?post=2597"}],"curies":[{"name":"wp","href":"https:\/\/api.w.org\/{rel}","templated":true}]}}