{"id":2581,"date":"2020-09-24T22:46:03","date_gmt":"2020-09-24T22:46:03","guid":{"rendered":"http:\/\/atombroker.hu\/journal\/?p=2581"},"modified":"2020-09-21T13:34:50","modified_gmt":"2020-09-21T13:34:50","slug":"rencontres-cinema-montagne-2012","status":"publish","type":"post","link":"https:\/\/atombroker.hu\/journal\/2020\/09\/24\/rencontres-cinema-montagne-2012\/","title":{"rendered":"Rencontres Cinema Montagne 2012"},"content":{"rendered":"<p>Des s\u00e9ances dinformationformation \u00e0 destination des animateurs et directeurs de centres, enseignants, responsables p\u00e9dagogiques, etc. Ces s\u00e9ances en salle ou en refuge selon le cas visent, tout comme le guide, \u00e0 sensibiliser les prescripteurs dactivit\u00e9s sur loutil refuge et \u00e0 leur donner envie dorganiser des sorties avec nuit\u00e9es pour les jeunes quils encadrent. Cette exp\u00e9rimentation sera bien entendu dupliquable et des outils p\u00e9dagogiques permettront aux diff\u00e9rents organismes de pouvoir sen saisir pour organiser leurs propres formations. Car on ne retient finalement que lhumanit\u00e9 qui se d\u00e9gage de tout le r\u00e9cit. Court r\u00e9sum\u00e9 de lannonce : Le groupe de 15 stagiaires a \u00e9t\u00e9 accueilli dans le chaleureux g\u00eete des \u00c9couges, pour la deuxi\u00e8me session apr\u00e8s celle de mars 2015. Jacques Lachambre et Louis Espinassous, formateurs \u00e0 \u00c9ducation Environnement 64, ont apport\u00e9 leurs comp\u00e9tences pour former ces futurs formateurs en \u00e9ducation \u00e0 lenvironnement. Chacun a pu travailler sur son projet de formation dans des contextes et sur des th\u00e8mes vari\u00e9s. Chaque projet individuel programme de formation construit sur 3 \u00e0 5 jours a \u00e9t\u00e9 pr\u00e9sent\u00e9 et enrichi en groupe. Les r\u00e9seaux GRAINE R-A et \u00c9ducalpes, co-organisateurs de la formation, sont intervenus pour accompagner les projets de chacun, et surtout construire une dynamique collective afin de promouvoir ces nouveaux formateurs et d\u00e9velopper loffre de formations dans nos territoires.. Date de fin de parution fiche dispara\u00eet du site : 01.09.2015 <img decoding=\"async\" src=\"http:\/\/www.cinemontblanc.fr\/slider\/sam_slide_(2).jpg\" alt=\"rencontres cinema montagne 2012\" align=\"center\"> Annonce compl\u00e8te : Source : le Collectif Paris-\u00c9ducation 2015, The Paris-\u00c9ducation 2015 Collective Date de fin de parution fiche dispara\u00eet du site : 30.09.2015 QUEEN AND COUNTRY John Boorman 1h54-distributeur : Le Pacte <img decoding=\"async\" src=\"http:\/\/www.evrardwendenbaum.com\/wp-content\/uploads\/2012\/10\/Rencontres-cinema-montagne.png\" alt=\"rencontres cinema montagne 2012\" align=\"right\"> Annonce compl\u00e8te : Le pr\u00e9-programme, ainsi quun appel \u00e0 propositions de communications et de posters pour les rencontres botaniques alpines r\u00e9ponses attendues pour le 2 novembre 2015 sont en ligne sur le site annex\u00e9 en lien 1  Du bleu, entre le blanc et le noir. A propos de Bird, de Clint Eastwood, Africultures, n 27, avril 2000 Ce sont plusieurs dizaines de kilom\u00e8tres de murs en pierres s\u00e8ches qui soutiennent des sols particuli\u00e8rement int\u00e9ressants du point de vue agraire et sur lesquels poussent plusieurs milliers doliviers. <img decoding=\"async\" src=\"http:\/\/www.etreetdevenir.com\/audiovideo\/images\/dreamOR.png\" alt=\"rencontres cinema montagne 2012\" align=\"right\"> Face \u00e0 ces constats, la R\u00e9gion Rh\u00f4ne-Alpes a identifi\u00e9 trois grands axes prioritaires :  Court r\u00e9sum\u00e9 de lannonce : Depuis 2003, Esprit Montagne dispense des programmes de pr\u00e9vention et de sensibilisation aux risques en montagne aupr\u00e8s des jeunes sur tous les massifs montagneux, gr\u00e2ce \u00e0 un r\u00e9seau de volontaires passionn\u00e9s par la montagne.  A travers ce voyage excitant les joueurs testent leurs connaissances sur leau et les zones humides, ainsi que les bienfaits et m\u00e9faits des activit\u00e9s humaines sur leau douce. Enfance clandestine de Benjamin \u00c1vila Argentine-1h52-Pyramide Distribution Argentine 1979. Juan, 12 ans, et sa famille reviennent \u00e0 Buenos Aires sous une fausse identit\u00e9 apr\u00e8s des ann\u00e9es dexil. Les parents de Juan et son oncle Beto sont membres de lorganisation Montoneros, en lutte contre la junte militaire au pouvoir qui les traque sans rel\u00e2che. Pour tous ses amis \u00e0 l\u00e9cole et pour Maria dont il est amoureux, Juan se pr\u00e9nomme Ernesto. Il ne doit pas loublier, le moindre \u00e9cart peut \u00eatre fatal \u00e0 toute sa famille. Cest une histoire de clandestinit\u00e9, de militantisme et damour. Lhistoire dune enfance clandestine. Premier long-m\u00e9trage de fiction de son r\u00e9alisateur, Enfance clandestine est un r\u00e9cit initiatique, qui d\u00e9crit l\u00e9mancipation et la qu\u00eate didentit\u00e9 de son personnage au sortir de lenfance. Nourri d\u00e9l\u00e9ments autobiographiques, le film \u00e9voque lhistoire politique de lArgentine \u00e0 travers et un portrait de famille o\u00f9 les gestes du quotidien ont leur place, malgr\u00e9 le contexte militant. Pouss\u00e9 \u00e0 faire ce m\u00e9tier, cest ce que je voyais autour de moi. Jai.<\/p>\n","protected":false},"excerpt":{"rendered":"<p>rencontres cinema montagne 2012<\/p>\n","protected":false},"author":1,"featured_media":0,"comment_status":"closed","ping_status":"closed","sticky":false,"template":"","format":"standard","meta":{"footnotes":""},"categories":[1],"tags":[],"_links":{"self":[{"href":"https:\/\/atombroker.hu\/journal\/wp-json\/wp\/v2\/posts\/2581"}],"collection":[{"href":"https:\/\/atombroker.hu\/journal\/wp-json\/wp\/v2\/posts"}],"about":[{"href":"https:\/\/atombroker.hu\/journal\/wp-json\/wp\/v2\/types\/post"}],"author":[{"embeddable":true,"href":"https:\/\/atombroker.hu\/journal\/wp-json\/wp\/v2\/users\/1"}],"replies":[{"embeddable":true,"href":"https:\/\/atombroker.hu\/journal\/wp-json\/wp\/v2\/comments?post=2581"}],"version-history":[{"count":1,"href":"https:\/\/atombroker.hu\/journal\/wp-json\/wp\/v2\/posts\/2581\/revisions"}],"predecessor-version":[{"id":2582,"href":"https:\/\/atombroker.hu\/journal\/wp-json\/wp\/v2\/posts\/2581\/revisions\/2582"}],"wp:attachment":[{"href":"https:\/\/atombroker.hu\/journal\/wp-json\/wp\/v2\/media?parent=2581"}],"wp:term":[{"taxonomy":"category","embeddable":true,"href":"https:\/\/atombroker.hu\/journal\/wp-json\/wp\/v2\/categories?post=2581"},{"taxonomy":"post_tag","embeddable":true,"href":"https:\/\/atombroker.hu\/journal\/wp-json\/wp\/v2\/tags?post=2581"}],"curies":[{"name":"wp","href":"https:\/\/api.w.org\/{rel}","templated":true}]}}