{"id":2545,"date":"2020-09-24T00:43:35","date_gmt":"2020-09-24T00:43:35","guid":{"rendered":"http:\/\/atombroker.hu\/journal\/?p=2545"},"modified":"2020-09-21T12:43:42","modified_gmt":"2020-09-21T12:43:42","slug":"rencontr-agricu","status":"publish","type":"post","link":"https:\/\/atombroker.hu\/journal\/2020\/09\/24\/rencontr-agricu\/","title":{"rendered":"Rencontr Agricu"},"content":{"rendered":"<p>Photo : 57 pharmaciens sont rassembl\u00e9s ce mardi matin pr\u00e8s du march\u00e9 des Halles, pour expliquer.. Le c\u00e9r\u00e9alier pr\u00e9cise quil na jamais utilis\u00e9 de glyphosate sur ce champ. On ne balance pas \u00e7a sans r\u00e9fl\u00e9chir. Jai 24 ans, je fais partie dune g\u00e9n\u00e9ration qui a grandi avec cette conscience \u00e9cologique. La terre, cest notre avenir et notre outil de travail. Et mon but, cest d\u00eatre le plus ind\u00e9pendant possible par rapport \u00e0 ces produits de synth\u00e8se. Les ministres de lAgriculture fran\u00e7ais et espagnol, St\u00e9phane Le Foll et Miguel Arias Ca\u00f1ete Conjoints actifs sur lexploitation en nombre dUTA  Mis \u00e0 jour le 14 juin 2020 \u00e0 03h01 Made by Fabien Rocher Pour ne rater aucune actualit\u00e9 du Concours G\u00e9n\u00e9ral Agricole tr\u00e8s franchement, pour avoir v\u00e9cu avec un paysan tr\u00e8s attach\u00e9 \u00e0 sa terre, sa ferme et ses animaux.. Pendant 28 ans, je ne garde pas un bon souvenir des rares moments en famille, ou en couple.. M\u00eame sil y a eu une tentative dadaptation, avec le temps, lesprit douverture sen est all\u00e9, et le NATUREL a repris le dessus..!! \u00e7\u00e0 sest sold\u00e9 par un divorce.. Je me suis jur\u00e9e de ne plus jamais sortir avec un agriculteur!! De f\u00e9vrier \u00e0 ao\u00fbt 2019, jai effectu\u00e9 mon stage de fin d\u00e9tudes au sein du programme Parchemins. Il portait sur lanalyse des activit\u00e9s de conception et dinterm\u00e9diation mise en place par Parchemins. Laissez-moi vous expliquer de quoi il sagit Parchemins.. Cest lhistoire dun partenariat entre 14 000 producteurs de tomate s\u00e9n\u00e9galais et un industriel fran\u00e7ais bas\u00e9 sur la concertation, le consensus et le respect des valeurs humaines. Distribution en Belgique, Benjamin Bouin, MUNDO-B, Rue dEdimbourg 26, 1050 Bruxelles, Tel : 00 32 0 2893 1060 41 La fin des haricots Dans quelles actions de lassociation pourriez-vous vous impliquer? Proposition n 15 : Bonifier la prime dassurance agricole \u00e0 hauteur de 90 en vue de g\u00e9n\u00e9raliser cette forme de protection de notre agriculture et de ses exploitants familiaux Venez-vous informer sur lagriculture urbaine, lagro\u00e9cologie et lautosuffisance alimentaire en pr\u00e9sence dun conf\u00e9rencier sp\u00e9cialiste de ces questions, Fran\u00e7ois Leger AgroParistech, et dune animatrice de lassociation Incroyables Comestibles du Val de Marne, C\u00e9cile Neyman. <img decoding=\"async\" src=\"http:\/\/asu.lt\/wp-content\/uploads\/2015\/06\/0.jpg\" alt=\"rencontr agricu\" align=\"left\"> Yves Bouchut, Organiser et g\u00e9rer la production, dans Jacques-Henry JACOT dir, Du fordisme au toyotisme. \u00c9tudes et recherches, Commissariat g\u00e9n\u00e9ral au Plan, n 7-8, 1990, pp 169-212. Recevez votre magazine chez vous en plus de labonnement num\u00e9rique M\u00eame ambiance dans le stade, au sein duquel 1 400 personnes avaient pris place dans un kop agricole pour poursuivre cette belle journ\u00e9e. Sur la pelouse, la pr\u00e9sidente de lassociation Danielle Even et la vice-pr\u00e9sidente Nathalie Marchand assuraient la promotion de lagriculture bretonne lors dun discours pr\u00e9c\u00e9dant le coup denvoi. Dans les tribunes, les supporters se chargeaient dassurer lambiance et le d\u00e9ploiement de notre TIFO pour larriv\u00e9e des joueurs sur le stade. C\u00f4t\u00e9 espaces VIP des d\u00e9gustations anim\u00e9es par des agriculteurs \u00e9taient propos\u00e9es pour vanter la qualit\u00e9 de nos produits et de nos pratiques. Une visibilit\u00e9 assur\u00e9e sur tous les fronts! <img decoding=\"async\" src=\"http:\/\/www.fao.org\/typo3temp\/pics\/507649e95e.jpg\" alt=\"rencontr agricu\" align=\"center\">  aliments sant\u00e9, \u00e9cologiques, tr\u00e8s accessibles et non transform\u00e9s. Note m\u00e9thodologique : le temps disponible est calcul\u00e9 \u00e0 parti dun indice : le temps disponible calcul\u00e9 TDC qui correspond au temps th\u00e9orique qui reste \u00e0 lexploitant une fois r\u00e9alis\u00e9 son travail dastreinte soins aux animaux, traite.. Et son travail de saison chantiers de r\u00e9colte&#8230; Il correspond par cons\u00e9quent au temps qui reste \u00e0 lexploitant pour effectuer toutes les activit\u00e9s non comptabilis\u00e9es dans la m\u00e9thode bilan-travail t\u00e2ches interstitielles, et pour, le cas \u00e9ch\u00e9ant, mettre en \u0153uvre un nouvel atelier ou une nouvelle activit\u00e9 : Beno\u00eet DEDIEU, Catherine LAURENT et Patrick MUNDLER, Organisation du travail., art Cit\u00e9. <img decoding=\"async\" src=\"http:\/\/www.jeromeviaud.com\/wp-content\/uploads\/2018\/02\/1%C3%A8re-r%C3%A9union-de-concertation-d%C3%A9di%C3%A9e-au-Nouveau-Plan-de-R%C3%A9novation-Urbaine-pour-le-Centre-Historique-de-Grasse-02-e1518694180135.jpg\" alt=\"rencontr agricu\" align=\"right\"> Gestion des risques en mati\u00e8re de revenu dans le secteur agricole By OECD  Le coup denvoi des travaux d\u00e9lectrification de la ligne 4 laissent parfois un go\u00fbt am..<\/p>\n","protected":false},"excerpt":{"rendered":"<p>rencontr agricu<\/p>\n","protected":false},"author":1,"featured_media":0,"comment_status":"closed","ping_status":"closed","sticky":false,"template":"","format":"standard","meta":{"footnotes":""},"categories":[1],"tags":[],"_links":{"self":[{"href":"https:\/\/atombroker.hu\/journal\/wp-json\/wp\/v2\/posts\/2545"}],"collection":[{"href":"https:\/\/atombroker.hu\/journal\/wp-json\/wp\/v2\/posts"}],"about":[{"href":"https:\/\/atombroker.hu\/journal\/wp-json\/wp\/v2\/types\/post"}],"author":[{"embeddable":true,"href":"https:\/\/atombroker.hu\/journal\/wp-json\/wp\/v2\/users\/1"}],"replies":[{"embeddable":true,"href":"https:\/\/atombroker.hu\/journal\/wp-json\/wp\/v2\/comments?post=2545"}],"version-history":[{"count":1,"href":"https:\/\/atombroker.hu\/journal\/wp-json\/wp\/v2\/posts\/2545\/revisions"}],"predecessor-version":[{"id":2546,"href":"https:\/\/atombroker.hu\/journal\/wp-json\/wp\/v2\/posts\/2545\/revisions\/2546"}],"wp:attachment":[{"href":"https:\/\/atombroker.hu\/journal\/wp-json\/wp\/v2\/media?parent=2545"}],"wp:term":[{"taxonomy":"category","embeddable":true,"href":"https:\/\/atombroker.hu\/journal\/wp-json\/wp\/v2\/categories?post=2545"},{"taxonomy":"post_tag","embeddable":true,"href":"https:\/\/atombroker.hu\/journal\/wp-json\/wp\/v2\/tags?post=2545"}],"curies":[{"name":"wp","href":"https:\/\/api.w.org\/{rel}","templated":true}]}}