{"id":2529,"date":"2020-09-24T03:07:38","date_gmt":"2020-09-24T03:07:38","guid":{"rendered":"http:\/\/atombroker.hu\/journal\/?p=2529"},"modified":"2020-09-21T12:09:39","modified_gmt":"2020-09-21T12:09:39","slug":"bourget-rencontre-annuelle-musulmans-france","status":"publish","type":"post","link":"https:\/\/atombroker.hu\/journal\/2020\/09\/24\/bourget-rencontre-annuelle-musulmans-france\/","title":{"rendered":"Bourget Rencontre Annuelle Musulmans France"},"content":{"rendered":"<p>Le dossier devra imp\u00e9rativement \u00eatre d\u00e9pos\u00e9 complet quinze 15 jours minimum avant la date de d\u00e9part voir formalit\u00e9s en agence. Une analyse du Salon du Bourget, organis\u00e9 par lUOIF Olivier Hanne. France3: Reportage sur la 1ere JPO de la mosqu\u00e9e de Fontaine-Ecu organis\u00e9e le 12 Mai 2015 Cest donc avec \u00e9motion et tristesse que nous nous sommes r\u00e9solus \u00e0 reporter ce rendez-vous incontournable pour des centaines de milliers de personnes qui nous honorent par leur participation fid\u00e8le. Cette d\u00e9cision exceptionnelle et in\u00e9dite est li\u00e9e \u00e0 la pr\u00e9occupation g\u00e9n\u00e9rale que nous vivons face \u00e0 un virus dont la diffusion est favoris\u00e9e par les contacts humains rapproch\u00e9s Service-Public.fr Associations : Conna\u00eetre vos droits, Jackie et Lee de St\u00e9phanie des Horts : entre jalousie, ambition et glamour les soeurs Bouvier saffrontent! Rencontre annuelle des musulmans de France : Marine Le Pen met de lhuile sur le feu en r\u00e9clamant la dissolution de lUOIF <img decoding=\"async\" src=\"http:\/\/www.paris-hallal.com\/blog\/wp-content\/uploads\/2008\/04\/affiche25-1-2.jpg\" alt=\"bourget rencontre annuelle musulmans france\" align=\"center\"> Votre colis sera retir\u00e9 le date \u00e0 timeslot \u00e0 ladresse s\u00e9lectionn\u00e9e.  Au moins 150 000 visiteurs \u00e9taient attendus \u00e0 cet \u00e9v\u00e8nement organis\u00e9 par lUnion des organisations islamiques de France UOIF, avec pour th\u00e8me la religion dans les soci\u00e9t\u00e9s modernes : des valeurs \u00e0 partager, des sp\u00e9cificit\u00e9s \u00e0 assumer. Iframe srchttps:www.franceinter.frembedplayeraod090a80a0-e5a0-49d6-bfbd-56a737e52cd7 width100 height64 frameborder0 scrollingnoiframe Je ne peux rester insensible \u00e0 ce sujet car si \u00e7a marrive \u00e0 moi aujourdhui, \u00e7a peut arriver \u00e0 nimporte qui dautre et dailleurs \u00e7a a d\u00fb d\u00e9j\u00e0 arriver. Musulmans en Occident: lislam de France cherche sa voie la rencontre annuelle des musulmans de France au Bourget Religioscope Jilbab v\u00eatement long made in France ou pour lui plaire, robes en soie ou coton brod\u00e9 import\u00e9es du Cachemire, tenues de f\u00eate scintillantes.. Impossible de ne pas trouver son bonheur. VID\u00c9O-Les Femen assaillent Tariq Ramadan au Bourget Hassan Iquioussen, mosqu\u00e9e de Dunkerque, octobre 2012   <img decoding=\"async\" src=\"http:\/\/i2.cdn.turner.com\/money\/dam\/assets\/131211174438-verizon-data-one-1024x576.jpg\" alt=\"bourget rencontre annuelle musulmans france\" align=\"center\"> Pour recevoir notre newsletter et \u00e9changer. Geocultureorange.fr Pour les demandes dinformation au Si\u00e8ge, contactez notre Standard g\u00e9n\u00e9ral Tous les responsables de mosqu\u00e9es \u00e0 tous ces \u00e9chelons pratiqueraient cette mainmise sur leur direction. Cette probl\u00e9matique serait donc, dapr\u00e8s eux, plus globale que localis\u00e9e sur la seule direction de lUOIF. <img decoding=\"async\" src=\"http:\/\/lafoiremusulmane.com\/bourget2\/wp-content\/uploads\/2018\/01\/banniere-twiter-JAUNE.jpg\" alt=\"bourget rencontre annuelle musulmans france\" align=\"right\">.<\/p>\n","protected":false},"excerpt":{"rendered":"<p>bourget rencontre annuelle musulmans france<\/p>\n","protected":false},"author":1,"featured_media":0,"comment_status":"closed","ping_status":"closed","sticky":false,"template":"","format":"standard","meta":{"footnotes":""},"categories":[1],"tags":[],"_links":{"self":[{"href":"https:\/\/atombroker.hu\/journal\/wp-json\/wp\/v2\/posts\/2529"}],"collection":[{"href":"https:\/\/atombroker.hu\/journal\/wp-json\/wp\/v2\/posts"}],"about":[{"href":"https:\/\/atombroker.hu\/journal\/wp-json\/wp\/v2\/types\/post"}],"author":[{"embeddable":true,"href":"https:\/\/atombroker.hu\/journal\/wp-json\/wp\/v2\/users\/1"}],"replies":[{"embeddable":true,"href":"https:\/\/atombroker.hu\/journal\/wp-json\/wp\/v2\/comments?post=2529"}],"version-history":[{"count":1,"href":"https:\/\/atombroker.hu\/journal\/wp-json\/wp\/v2\/posts\/2529\/revisions"}],"predecessor-version":[{"id":2530,"href":"https:\/\/atombroker.hu\/journal\/wp-json\/wp\/v2\/posts\/2529\/revisions\/2530"}],"wp:attachment":[{"href":"https:\/\/atombroker.hu\/journal\/wp-json\/wp\/v2\/media?parent=2529"}],"wp:term":[{"taxonomy":"category","embeddable":true,"href":"https:\/\/atombroker.hu\/journal\/wp-json\/wp\/v2\/categories?post=2529"},{"taxonomy":"post_tag","embeddable":true,"href":"https:\/\/atombroker.hu\/journal\/wp-json\/wp\/v2\/tags?post=2529"}],"curies":[{"name":"wp","href":"https:\/\/api.w.org\/{rel}","templated":true}]}}