{"id":2519,"date":"2020-09-24T14:39:09","date_gmt":"2020-09-24T14:39:09","guid":{"rendered":"http:\/\/atombroker.hu\/journal\/?p=2519"},"modified":"2020-09-21T11:28:34","modified_gmt":"2020-09-21T11:28:34","slug":"rencontre-alpine","status":"publish","type":"post","link":"https:\/\/atombroker.hu\/journal\/2020\/09\/24\/rencontre-alpine\/","title":{"rendered":"Rencontre Alpine"},"content":{"rendered":"<p>Rencontre avec les pilotes officiels ALPINE et membres du team technique   Les Alpines, \u00e9quipe compos\u00e9e harmonieusement de joueuses de Gap, Sisteron et Digne, sont juste devanc\u00e9es au classement par leur prochain adversaire, les Savoyardes de Chamb\u00e9ry.  Jai lu la et jautorise le traitement de mes donn\u00e9es L\u00e9v\u00e9nement aura lieu du 8 au 10 mai 2020 et il existe d\u00e9j\u00e0 un d\u00e9s\u00e9quilibre dans la pr\u00e9vision de la pr\u00e9sence denviron 400 000 soldats alpins. <img decoding=\"async\" src=\"http:\/\/www.driving-evolution.com\/wp-content\/uploads\/2018\/04\/Unknown-e1533288882362.jpeg\" alt=\"rencontre alpine\" align=\"center\"> Nous les Anciens, depuis la cr\u00e9ation de lAAA en 2002, nous avons consacr\u00e9 une grande partie de notre temps et de notre \u00e9nergie au service dune utopie : la renaissance de la marque! Tired by being alone, iam just looking for serious <img decoding=\"async\" src=\"http:\/\/www.automobile-sportive.com\/guide\/alpine\/a106\/redele-4cv.jpg\" alt=\"rencontre alpine\" align=\"right\"> Les clubs Alpine L\u00e9gende Univers et Association des Anciens dAlpine sallient pour c\u00e9l\u00e9brer les 65 ans de la firme de Dieppe. Le 30 mai 2020, les deux organisations vont en effet mettre sur pied un v\u00e9ritable regroupement de v\u00e9hicules de la marque. Un \u00e9v\u00e8nement tenu lors Libert\u00e9, Egalit\u00e9, Roulez, sur lAutodrome de Linas-Montlh\u00e9ry-Service de r\u00e9cup\u00e9ration et livraison \u00e0 domicile du v\u00e9hicule pour lentretien Cette \u00e9dition naura d\u00e9finitivement pas lieu en 2020. Sur ces terres vierges de toute exp\u00e9rimentation, le jeune homme r\u00e9alise que chaque bulle dair enserr\u00e9e par les glaces des p\u00f4les est un \u00e9chantillon de latmosph\u00e8re de l\u00e9poque o\u00f9 elle fut emprisonn\u00e9e. Autrement dit, \u00e0 une profondeur de quelques m\u00e8tres, la glace contient lair que respiraient les Romains-Une box surprise pour tous les r\u00e9servant Premi\u00e8re Edition Activer JavaScript dans votre navigateur pour acc\u00e9der \u00e0 linscription sur notre site Alp-pop : the Alpine population conference-Autres rendez-vous-Rencontres scientifiques-Ined-Institut national d\u00e9tudes d\u00e9mographiques logements. Les personnes vivant dans un m\u00eame logement forment un D\u00e9couvrir et prot\u00e9ger les territoires dexception en Montagne Chasing Ice, film de Jeff ORLOWSKI documentaire VOST de 52 minutes Tous sont convi\u00e9s autour dun programme riche et vari\u00e9 : colloque scientifique et technique, grandes conf\u00e9rences, table ronde et d\u00e9bat citoyen, sorties de terrain, forum d\u00e9change, etc. Rassemblement de voitures alpine-OnVaSortir! Geneve Vous navez pas pour autant stopp\u00e9 vos activit\u00e9s.. Je fais beaucoup de d\u00e9monstrations pour Renault Classic, un service de la marque qui g\u00e8re toutes les anciennes voitures, celles de s\u00e9ries mais aussi celles de course et de rallye. En 1974, jai \u00e9t\u00e9 champion dEurope des prototypes avec une Alpine A441. Leau comme ressource et milieu vivant fera lobjet dune conf\u00e9rence pr\u00e9vue \u00e0 Annecy \u00e0 lautomne 2019. Cet \u00e9v\u00e9nement pr\u00e9sidence sera loccasion dune implication concr\u00e8te des collectivit\u00e9s territoriales, et son programme sera ax\u00e9 autour de deux grands th\u00e8mes : 1 Leau comme ressource et ladaptation au changement climatique dans les territoires alpins, 2 La restauration physique des cours deau, les rivi\u00e8res comme atout pour un territoire alpin. R\u00e9serves Naturelles de Haute-Savoie dOlivier COLLIN, D\u00e9couvrez la fili\u00e8re bois sur un territoire de montagne, le Fier Aravis. <img decoding=\"async\" src=\"http:\/\/www.bundesheer.at\/english\/dynmod\/vollbild\/alpin_gefechtsd_5.jpg\" alt=\"rencontre alpine\" align=\"left\">.<\/p>\n","protected":false},"excerpt":{"rendered":"<p>rencontre alpine<\/p>\n","protected":false},"author":1,"featured_media":0,"comment_status":"closed","ping_status":"closed","sticky":false,"template":"","format":"standard","meta":{"footnotes":""},"categories":[1],"tags":[],"_links":{"self":[{"href":"https:\/\/atombroker.hu\/journal\/wp-json\/wp\/v2\/posts\/2519"}],"collection":[{"href":"https:\/\/atombroker.hu\/journal\/wp-json\/wp\/v2\/posts"}],"about":[{"href":"https:\/\/atombroker.hu\/journal\/wp-json\/wp\/v2\/types\/post"}],"author":[{"embeddable":true,"href":"https:\/\/atombroker.hu\/journal\/wp-json\/wp\/v2\/users\/1"}],"replies":[{"embeddable":true,"href":"https:\/\/atombroker.hu\/journal\/wp-json\/wp\/v2\/comments?post=2519"}],"version-history":[{"count":1,"href":"https:\/\/atombroker.hu\/journal\/wp-json\/wp\/v2\/posts\/2519\/revisions"}],"predecessor-version":[{"id":2520,"href":"https:\/\/atombroker.hu\/journal\/wp-json\/wp\/v2\/posts\/2519\/revisions\/2520"}],"wp:attachment":[{"href":"https:\/\/atombroker.hu\/journal\/wp-json\/wp\/v2\/media?parent=2519"}],"wp:term":[{"taxonomy":"category","embeddable":true,"href":"https:\/\/atombroker.hu\/journal\/wp-json\/wp\/v2\/categories?post=2519"},{"taxonomy":"post_tag","embeddable":true,"href":"https:\/\/atombroker.hu\/journal\/wp-json\/wp\/v2\/tags?post=2519"}],"curies":[{"name":"wp","href":"https:\/\/api.w.org\/{rel}","templated":true}]}}