{"id":2493,"date":"2020-09-24T17:49:29","date_gmt":"2020-09-24T17:49:29","guid":{"rendered":"http:\/\/atombroker.hu\/journal\/?p=2493"},"modified":"2020-09-21T10:36:52","modified_gmt":"2020-09-21T10:36:52","slug":"rencontre-de-preparation-au-bapteme","status":"publish","type":"post","link":"https:\/\/atombroker.hu\/journal\/2020\/09\/24\/rencontre-de-preparation-au-bapteme\/","title":{"rendered":"Rencontre De Pr\u00e9paration Au Bapteme"},"content":{"rendered":"<p>Cest pourquoi il est essentiel que lenfant comprenne pleinement la richesse de son engagement dans la voie du bapt\u00eame. Il se pr\u00e9parera alors au sein dune \u00e9quipe de cat\u00e9ch\u00e8se avec un accompagnement sp\u00e9cifique avec les autres enfants de son \u00e2ge en demande de bapt\u00eame. Ne pas oublier le doudout\u00e9tine car m\u00eame si la Gr\u00e2ce pacifie les c\u0153urs, nos chers bambins ne peuvent pas forc\u00e9ment aimer le fait d\u00eatre au centre du show ou la douche et manifester leur inconfort de mani\u00e8re vive sonore On vous fera remplir une fiche dinscription, et on vous remettra un livret sur le bapt\u00eame qui explique le d\u00e9roulement de la c\u00e9l\u00e9bration et propose un Dans le cadre de cette pr\u00e9paration, nous vous inviterons \u00e0 la messe des familles, le dimanche \u00e0 10h30 la plus proche en date de la r\u00e9union de pr\u00e9paration Si vous connaissez un pr\u00eatre ext\u00e9rieur \u00e0 la paroisse, et quil accepte de baptiser votre enfant, il est possible quil vienne baptiser votre enfant \u00e0  <img decoding=\"async\" src=\"http:\/\/www.notredamedelacroix.com\/wp-content\/uploads\/2015\/08\/PREPARATION-BAPTEME-2018-1-page-002.jpg\" alt=\"rencontre de pr\u00e9paration au bapteme\" align=\"right\"> \u00c9vangile de J\u00e9sus Christ selon saint Matthieu 10,7-13. Cest certainement une joie pour vous, pour les parents qui vous ont demand\u00e9s d\u00eatre parrain ou marraine. Quelle belle mission! Etre lumi\u00e8re pour les autres, la mission de tout baptis\u00e9, prend ici tout son sens.  Le bapt\u00eame sera re\u00e7u apr\u00e8s plusieurs \u00e9tapes espac\u00e9es dans le temps et selon son rythme. T\u00e9l\u00e9phone : 450 669-0909 T\u00e9l\u00e9copieur : 450 669-5270 Courriel: Le cat\u00e9chum\u00e8nes re\u00e7oivent le Bapt\u00eame au cours de la Vigile Pascale, la nuit de P\u00e2ques, dans la joie de toute notre paroisse et de lensemble de la communaut\u00e9 chr\u00e9tienne! Anne-Ga\u00ebl avec H\u00e9l\u00e8ne et Thomas Pour les jeunes et les adultes, les personnes sont accompagn\u00e9es dans le cadre dune \u00e9quipe de cat\u00e9chum\u00e8nes. Cette \u00e9quipe propose une d\u00e9marche pour d\u00e9couvrir la foi et la vie chr\u00e9tienne. 4 jeunes adultes se mettent en marche \u00e0 la rentr\u00e9e 2019. 4 autres vont bient\u00f4t commencer ce cheminement. 3 autres auraient d\u00fb \u00eatre baptis\u00e9s \u00e0 P\u00e2ques 2020. Les voici \u00e0 lissue de la c\u00e9l\u00e9bration de lappel d\u00e9cisif le premier dimanche de car\u00eame dans l\u00e9glise de Saint-Nazaire Ana\u00efs, Barbara et Baptiste de gauche \u00e0 droite entourent Damien. Si vous souhaitez faire baptiser votre enfant, contactez le secr\u00e9tariat paroissial pour vous inscrire aux r\u00e9unions de pr\u00e9paration au bapt\u00eame propos\u00e9es par la paroisse. Salle Jean Bart  L\u00e9quipe de pr\u00e9paration au bapt\u00eame est constitu\u00e9e de Animateurs. U ne r\u00e9flexion et une pr\u00e9paration adapt\u00e9es sont pr\u00e9vues en fonction de l\u00e2ge. Vous demandez le bapt\u00eame pour un enfant de moins de trois ans : Le bapt\u00eame constitue la naissance \u00e0 la vie nouvelle dans le Christ. Selon la volont\u00e9 du Seigneur, il est n\u00e9cessaire pour le salut. Cest \u00e0 lEglise qua \u00e9t\u00e9 confi\u00e9e ladministration du bapt\u00eame et des autres sacrements. Et on a une troisi\u00e8me s\u00e9ance, une semaine avant le bapt\u00eame avec les deux autres familles pour se mettre en commun, d\u00e9cider des textes etc. Ici, cest quasiment obligatoire de ne faire quun livret tr\u00e8s detaill\u00e9 pour toutes les familles. <img decoding=\"async\" src=\"http:\/\/img.over-blog-kiwi.com\/1\/41\/76\/76\/20161105\/ob_e3e040_rochefort-2-2.jpg\" alt=\"rencontre de pr\u00e9paration au bapteme\" align=\"center\"> Les ch\u00e8ques sont \u00e0 \u00e9tablir \u00e0 lordre de : Paroisse Saint-Paul-des-4-Vents Le vendredi, la messe de 12h30 anim\u00e9e par des \u00e9quipes de professionnels est suivie dun d\u00e9jeuner : professionnels travaillant dans le quartier et habitants sy rencontrent. Merci aux \u00e9quipes Les parents doivent dabord faire la d\u00e9marche aupr\u00e8s de la paroisse de leur domicile, m\u00eame si le bapt\u00eame sera c\u00e9l\u00e9br\u00e9 ailleurs. <img decoding=\"async\" src=\"http:\/\/www.esdn.fr\/wp-content\/uploads\/2018\/04\/Un-faire-part-de-bapt%C3%AAme-r%C3%A9ussi-en-3-%C3%A9tapes.jpg\" alt=\"rencontre de pr\u00e9paration au bapteme\" align=\"left\"> Vous tous qui avez \u00e9t\u00e9 baptis\u00e9s en Christ, vous avez CELEBRATION DES BAPTEMES DANS LA PAROISSE N-D DE LA JOIE EN PAYS BIGOUDEN le document dengagement que nous vous remettrons lors de linscription 2\u00e8me rencontre : avec dautres parents qui demandent le bapt\u00eame pour leur enfant. Pour discuter ensemble dun texte biblique, comprendre ou d\u00e9couvrir la foi des chr\u00e9tiens, aborder le d\u00e9roulement de la c\u00e9l\u00e9bration du bapt\u00eame. Vous \u00eates pr\u00eate \u00e0 tenter laventure? Allez! Prenez la d\u00e9cision qui changera pour toujours votre vie pour le mieux!<\/p>\n","protected":false},"excerpt":{"rendered":"<p>rencontre de pr\u00e9paration au bapteme<\/p>\n","protected":false},"author":1,"featured_media":0,"comment_status":"closed","ping_status":"closed","sticky":false,"template":"","format":"standard","meta":{"footnotes":""},"categories":[1],"tags":[],"_links":{"self":[{"href":"https:\/\/atombroker.hu\/journal\/wp-json\/wp\/v2\/posts\/2493"}],"collection":[{"href":"https:\/\/atombroker.hu\/journal\/wp-json\/wp\/v2\/posts"}],"about":[{"href":"https:\/\/atombroker.hu\/journal\/wp-json\/wp\/v2\/types\/post"}],"author":[{"embeddable":true,"href":"https:\/\/atombroker.hu\/journal\/wp-json\/wp\/v2\/users\/1"}],"replies":[{"embeddable":true,"href":"https:\/\/atombroker.hu\/journal\/wp-json\/wp\/v2\/comments?post=2493"}],"version-history":[{"count":1,"href":"https:\/\/atombroker.hu\/journal\/wp-json\/wp\/v2\/posts\/2493\/revisions"}],"predecessor-version":[{"id":2494,"href":"https:\/\/atombroker.hu\/journal\/wp-json\/wp\/v2\/posts\/2493\/revisions\/2494"}],"wp:attachment":[{"href":"https:\/\/atombroker.hu\/journal\/wp-json\/wp\/v2\/media?parent=2493"}],"wp:term":[{"taxonomy":"category","embeddable":true,"href":"https:\/\/atombroker.hu\/journal\/wp-json\/wp\/v2\/categories?post=2493"},{"taxonomy":"post_tag","embeddable":true,"href":"https:\/\/atombroker.hu\/journal\/wp-json\/wp\/v2\/tags?post=2493"}],"curies":[{"name":"wp","href":"https:\/\/api.w.org\/{rel}","templated":true}]}}