{"id":2455,"date":"2020-09-24T22:35:08","date_gmt":"2020-09-24T22:35:08","guid":{"rendered":"http:\/\/atombroker.hu\/journal\/?p=2455"},"modified":"2020-09-21T09:53:04","modified_gmt":"2020-09-21T09:53:04","slug":"4emes-rencontres-internationales-de-la-recherche","status":"publish","type":"post","link":"https:\/\/atombroker.hu\/journal\/2020\/09\/24\/4emes-rencontres-internationales-de-la-recherche\/","title":{"rendered":"4\u00e8mes Rencontres Internationales De La Recherche"},"content":{"rendered":"<p>Il faut pr\u00e9senter des solutions, afin que chacun puisse devenir autonome, se sente inspir\u00e9 et que les d\u00e9cideurs prennent les bonnes d\u00e9cisions.. Rendre compte et valoriser les dynamiques locales, pour une ambition mondiale durable par Laurie Ayouaz  Proposition 11 pour la Grande Transformation : cr\u00e9er une Autorit\u00e9 ind\u00e9pendante de veille des risques globaux <img decoding=\"async\" src=\"http:\/\/francophoniefloride.org\/wp-content\/uploads\/2018\/07\/bernard_thomasson_recipes-500x674.jpeg\" alt=\"4\u00e8mes rencontres internationales de la recherche\" align=\"left\"> Abonnez-vous pour \u00eatre averti des nouveaux articles publi\u00e9s. <img decoding=\"async\" src=\"http:\/\/idata.over-blog.com\/0\/41\/82\/66\/Mexicaines-Paris\/DSC00250.jpg\" alt=\"4\u00e8mes rencontres internationales de la recherche\" align=\"left\"> Lancement dune enqu\u00eate nationale destin\u00e9e aux professionnels DD des collectivit\u00e9s territoriales Le Comit\u00e9 21 organise \u00e0 Nantes deux journ\u00e9es d\u00e9changes et de formation d\u00e9di\u00e9es \u00e0 lactualit\u00e9 du d\u00e9veloppement durable en France et \u00e0 linternational. Le 1er janvier 2016 a marqu\u00e9 lentr\u00e9e en vigueur de la r\u00e9forme territoriale. In : 4\u00e8me Rencontre internationale francophone, 11 au 14 mars 2008, Le Gosier, Guadeloupe. AFCAS. Le Gosier : AFCAS, 9 p. Dans le cadre de la semaine des maths, les \u00e9l\u00e8ves du coll\u00e8ge ont eu loccasion de saffronter lors dun Times up. Dans cette version du jeu, le but \u00e9tait de Pitch des 15 startups finalistes des Troph\u00e9es de lInternational du Num\u00e9rique et remise des prix, dot\u00e9s par les partenaires de l\u00e9v\u00e8nement La d\u00e9l\u00e9gation a visit\u00e9 les sites des Archives nationales de Paris et de Pierrefitte-sur-Seine. Elle sest rendue \u00e0 la direction des archives du minist\u00e8re des affaires \u00e9trang\u00e8res et du d\u00e9veloppement international \u00e0 la Courneuve, ainsi quaux archives de la Ville de Paris o\u00f9 elle a pu voir comment sont actuellement restaur\u00e9s les hommages pos\u00e9s dans les rues de Paris apr\u00e8s les attentats de novembre 2015. Les RIRL 2020 et le consortium doctoral auront lieu au Havre les 7, 8 et 9 octobre 2020. En outre, ce report permet de revoir certaines dates. Notamment, de nouvelles soumissions de papiers complets sont possibles et devront \u00eatre adress\u00e9es pour le 30 avril au plus tard \u00e0 ladresse :. Gagner en visibilit\u00e9 avec les Troph\u00e9es de lInternational du Num\u00e9rique ou d\u00e9couvrir les p\u00e9pites de demain   In : 4\u00e8me Congr\u00e8s international de lARTAS, 2\u00e8me Rencontre internationale en langue fran\u00e7aise : communications pr\u00e9sent\u00e9es au congr\u00e8s 1997. ARTAS, AFCAS. Paris : AFCAS, pp 469-479. Pierre Tibayrenc, responsable RD dEnnolys, explique dans cette vid\u00e9o la fabrication des ar\u00f4mes naturels, made in France, issus de fermentation. Deux adjectifs qualifient cette initiative : massif et rapide. Massif car le plan mobilise 38,8 milliards deuros et rapide car 75 des cr\u00e9dits ont \u00e9t\u00e9 d\u00e9pens\u00e9s d\u00e8s 2009. Je rappelle les quatre volets dintervention : Rencontre internationale francophone de lAFCAS. 4, Le Gosier, Guadeloupe, 11 March 200814 March 2008. Jeux de lettres : Exposition 8\u00e8me rencontres internationales des arts graphiques, Chaumont, 1997 ouvrage r\u00e9alis\u00e9 sous la dir.dAlain Weill Sa pr\u00e9sence \u00e0 Paris a permis dorganiser une r\u00e9union de travail aux archives de France sur les archives de lAfrique Equatoriale Fran\u00e7aise AEF, conserv\u00e9es aux archives de la r\u00e9publique du Congo-Brazzaville, et \u00e0 laquelle participaient M. Isinove, M. Ngokaba, directeur des affaires administratives et financi\u00e8res \u00e0 la direction g\u00e9n\u00e9rale du patrimoine et des archives, M. Jean-Pierre Bat, archives nationales, d\u00e9partement de lex\u00e9cutif et du l\u00e9gislatif, historien sp\u00e9cialiste de la zone g\u00e9ographique, Mme Fran\u00e7oise Lemaire, charg\u00e9e des relations internationales aux archives nationales et Mme Odile Welfel\u00e9, charg\u00e9e de la coop\u00e9ration internationale aupr\u00e8s du directeur des archives de France. Le dialogue entre r\u00e9gions, organisations professionnelles et organismes dappui sur les liens entre changements climatiques et s\u00e9curit\u00e9 alimentaire. Email : congres-empowerment-ccomsepsm-lille-metropole.fr <img decoding=\"async\" src=\"http:\/\/www.cristalfm.org\/pics\/grer.jpg\" alt=\"4\u00e8mes rencontres internationales de la recherche\" align=\"center\"> Le Groupe Europ\u00e9en des Archives, r\u00e9uni par la Commission europ\u00e9enne, a tenu la seconde de ses deux r\u00e9unions annuelles des directeurs darchives des pays de la Communaut\u00e9 europ\u00e9enne \u00e0 Luxembourg Grand Duch\u00e9 de Luxembourg les 12 et 13 octobre 2015.<\/p>\n","protected":false},"excerpt":{"rendered":"<p>4\u00e8mes rencontres internationales de la recherche<\/p>\n","protected":false},"author":1,"featured_media":0,"comment_status":"closed","ping_status":"closed","sticky":false,"template":"","format":"standard","meta":{"footnotes":""},"categories":[1],"tags":[],"_links":{"self":[{"href":"https:\/\/atombroker.hu\/journal\/wp-json\/wp\/v2\/posts\/2455"}],"collection":[{"href":"https:\/\/atombroker.hu\/journal\/wp-json\/wp\/v2\/posts"}],"about":[{"href":"https:\/\/atombroker.hu\/journal\/wp-json\/wp\/v2\/types\/post"}],"author":[{"embeddable":true,"href":"https:\/\/atombroker.hu\/journal\/wp-json\/wp\/v2\/users\/1"}],"replies":[{"embeddable":true,"href":"https:\/\/atombroker.hu\/journal\/wp-json\/wp\/v2\/comments?post=2455"}],"version-history":[{"count":1,"href":"https:\/\/atombroker.hu\/journal\/wp-json\/wp\/v2\/posts\/2455\/revisions"}],"predecessor-version":[{"id":2456,"href":"https:\/\/atombroker.hu\/journal\/wp-json\/wp\/v2\/posts\/2455\/revisions\/2456"}],"wp:attachment":[{"href":"https:\/\/atombroker.hu\/journal\/wp-json\/wp\/v2\/media?parent=2455"}],"wp:term":[{"taxonomy":"category","embeddable":true,"href":"https:\/\/atombroker.hu\/journal\/wp-json\/wp\/v2\/categories?post=2455"},{"taxonomy":"post_tag","embeddable":true,"href":"https:\/\/atombroker.hu\/journal\/wp-json\/wp\/v2\/tags?post=2455"}],"curies":[{"name":"wp","href":"https:\/\/api.w.org\/{rel}","templated":true}]}}