{"id":2453,"date":"2020-09-24T23:56:00","date_gmt":"2020-09-24T23:56:00","guid":{"rendered":"http:\/\/atombroker.hu\/journal\/?p=2453"},"modified":"2020-09-21T09:52:19","modified_gmt":"2020-09-21T09:52:19","slug":"poeme-une-belle-rencontre-amitie","status":"publish","type":"post","link":"https:\/\/atombroker.hu\/journal\/2020\/09\/24\/poeme-une-belle-rencontre-amitie\/","title":{"rendered":"Poeme Une Belle Rencontre Amiti\u00e9"},"content":{"rendered":"<p>Merci d\u00eatre lamie sur qui on peut compter, celle qui nous \u00e9coute et sur qui tu peux t\u00e9pancher, pleurer, rire des travers de la belle-famille, et surtout ten faire une alli\u00e9e. Celle qui sajuste \u00e0 ton humeur, qui acquiesce lorsque tu es en d\u00e9saccord avec une situation, mais qui dit le contraire, de concert avec toi, quand ta col\u00e8re est retomb\u00e9e. On trouve dans lamiti\u00e9 la force et le courage davancer 103. Il est difficile de d\u00e9finir lamour. Dans l\u00e2me cest une passion de r\u00e9gner, dans les esprits cest une sympathie, et dans le corps ce nest quune envie cach\u00e9e et d\u00e9licate de poss\u00e9der ce que lon aime apr\u00e8s beaucoup de myst\u00e8res.  148. Labsence de tes yeux devant les miens, de ton visage proche du mien, de tes l\u00e8vres contre les miennes est pour moi le d\u00e9but dune agonie amoureuse. Avec M, chez Bachelard. \u00c9crit Louis Guillaume Nous allons \u00e0 pied du Ch\u00e2telet o\u00f9 nous avions rendez-vous, \u00e0 la rue de la Montagne-Sainte-Genevi\u00e8ve. Sa maison est tout pr\u00e8s de la place Maubert. Il vient nous ouvrir. Longue barbe blanche dans laquelle il passe ses doigts, longs cheveux tombant en boucles sur le col de sa chemise de nuit. Un vieux foulard autour du cou, des pantoufles, une couverture \u00e0 carreaux sur les genoux, un pantalon rapi\u00e9c\u00e9 \u00e0 la ceinture d\u00e9boutonn\u00e9e. De belles mains agiles, f\u00e9briles, et un admirable regard parfois malicieux. Une voix grave, parfois h\u00e9sitante il cherche un peu ses mots, aux inflexions tendres. Bont\u00e9 et courtoisie dans toute sa personne. <img decoding=\"async\" src=\"http:\/\/www.philipperovere.fr\/wp-content\/media\/poesie-poeme.jpg\" alt=\"poeme une belle rencontre amiti\u00e9\" align=\"center\"> Je prie pour que Dieu laccueille dans sa Gloire \u00e9ternelle! Ce nest que le 29 septembre 2013 que l\u0153uvre de Guillaume Apollinaire est entr\u00e9e dans le en France, soit apr\u00e8s 94 ans et 272 jours. Avez-vous d\u00e9j\u00e0 pens\u00e9 ce que nos chiens pensent de nous? Je veux dire, nous revenons dune \u00e9picerie avec le poulet, le porc, la moiti\u00e9 dune vache. Ils doivent penser que nous sommes les plus grands chasseurs de la terre! Anne Tyler Je ne suis pas g\u00e2t\u00e9. Je suis formidable \u00e0 former des gens. Les Beaux Proverbes Proverbes, citations et pens\u00e9es positives Amiti\u00e9 Bonjour. Super vos textes damiti\u00e9,mais ma meilleure amie et moi ne nous sommes pas vues depuis 1 an et je chercherais une lettre parfaite pour quand je la verrai jai trop h\u00e2te mais je veux lui dire dans mes mots mais moi je suis loin d\u00eatre une po\u00e8te alors si vous pouvez maider svp. Post\u00c3 le : 0701 01:01:17-Par : chloe  douloureuses du solipsisme, isolement m\u00e9taphysique, conscience de ses possibilit\u00e9s et <img decoding=\"async\" src=\"http:\/\/cybermag.cybercartes.com\/wp-content\/uploads\/2011\/01\/Carte-anniversaire.jpg\" alt=\"poeme une belle rencontre amiti\u00e9\" align=\"center\"> thurif\u00e9raire de cette entreprise r\u00e9ductrice. Faut-il rire ou fr\u00e9mir en lisant le projet Le pire dans la vie cest pas quil tarrive quelque chose, cest quil tarrive rien Nekfeu Source: Ciel noir Anthologie de la po\u00e9sie fran\u00e7aise du XVIe si\u00e9cle By Floyd Gray <img decoding=\"async\" src=\"http:\/\/resize3-doctissimo.ladmedia.fr\/r\/1010,forcex\/img\/var\/doctissimo\/storage\/images\/fr\/www\/psychologie\/diaporamas\/citation-amitie\/citation-amitie-d-olivier-de-kersauson\/2939657-1-fre-FR\/Citation-amitie-d-Olivier-de-Kersauson.jpg\" alt=\"poeme une belle rencontre amiti\u00e9\" align=\"center\"> Quant au manque, cest un manque qui nest pas visc\u00e9ral, pas hormonal, il est au niveau de ce quelle est pour moi : tr\u00e8s c\u00e9r\u00e9bral et compr\u00e9hensif de son absence momentan\u00e9e. Jy pensais seul la nuit sous les traits dun jeune homme inquiet, quand la Lune dort le Soleil luit, moi je ne vois quelle Nekfeu Source: Dans lunivers Cest avec tristesse que japprends le d\u00e9c\u00e8s de Laurent, ancien coll\u00e8gue de travail, et ami membre de la section de sauvetage voisine. Mes pens\u00e9es \u00e9mues vont \u00e0 sa famille et ses proches. Toutes mes condol\u00e9ances.  Lune des choses les plus r\u00e9confortantes de la vie, cest de savoir que quelque part, quelquun pense \u00e0 toi. Je vais penser \u00e0 toi toute la journ\u00e9e.<\/p>\n","protected":false},"excerpt":{"rendered":"<p>poeme une belle rencontre amiti\u00e9<\/p>\n","protected":false},"author":1,"featured_media":0,"comment_status":"closed","ping_status":"closed","sticky":false,"template":"","format":"standard","meta":{"footnotes":""},"categories":[1],"tags":[],"_links":{"self":[{"href":"https:\/\/atombroker.hu\/journal\/wp-json\/wp\/v2\/posts\/2453"}],"collection":[{"href":"https:\/\/atombroker.hu\/journal\/wp-json\/wp\/v2\/posts"}],"about":[{"href":"https:\/\/atombroker.hu\/journal\/wp-json\/wp\/v2\/types\/post"}],"author":[{"embeddable":true,"href":"https:\/\/atombroker.hu\/journal\/wp-json\/wp\/v2\/users\/1"}],"replies":[{"embeddable":true,"href":"https:\/\/atombroker.hu\/journal\/wp-json\/wp\/v2\/comments?post=2453"}],"version-history":[{"count":1,"href":"https:\/\/atombroker.hu\/journal\/wp-json\/wp\/v2\/posts\/2453\/revisions"}],"predecessor-version":[{"id":2454,"href":"https:\/\/atombroker.hu\/journal\/wp-json\/wp\/v2\/posts\/2453\/revisions\/2454"}],"wp:attachment":[{"href":"https:\/\/atombroker.hu\/journal\/wp-json\/wp\/v2\/media?parent=2453"}],"wp:term":[{"taxonomy":"category","embeddable":true,"href":"https:\/\/atombroker.hu\/journal\/wp-json\/wp\/v2\/categories?post=2453"},{"taxonomy":"post_tag","embeddable":true,"href":"https:\/\/atombroker.hu\/journal\/wp-json\/wp\/v2\/tags?post=2453"}],"curies":[{"name":"wp","href":"https:\/\/api.w.org\/{rel}","templated":true}]}}