{"id":2427,"date":"2020-09-24T07:36:49","date_gmt":"2020-09-24T07:36:49","guid":{"rendered":"http:\/\/atombroker.hu\/journal\/?p=2427"},"modified":"2020-09-21T09:12:05","modified_gmt":"2020-09-21T09:12:05","slug":"rencontres-musicales-autour-de-la-pree","status":"publish","type":"post","link":"https:\/\/atombroker.hu\/journal\/2020\/09\/24\/rencontres-musicales-autour-de-la-pree\/","title":{"rendered":"Rencontres Musicales Autour De La Pree"},"content":{"rendered":"<p>Longtemps associ\u00e9 \u00e0 lEnsemble Intercontemporain, laltiste Christophe Desjardins est lun des solistes les plus engag\u00e9s dans la d\u00e9fense et lenrichissement du r\u00e9pertoire contemporain dun instrument trop rarement mis \u00e0 lhonneur. Accompagn\u00e9 par lEnsemble Orchestral Contemporain dirig\u00e9 par Daniel Kawka, il joue en cr\u00e9ation mondiale DesjardinsDes Pr\u00e8s, un concerto pour alto et orchestre du mexicain Hebert Vazquez n\u00e9 en 1963, avec au m\u00eame programme Son of Chamber Symphony de John Adams. Un r\u00e9pertoire riche et vari\u00e9 avec de belles pages d\u00e9di\u00e9es \u00e0 la voix en musique de chambre, avec des \u0153uvres de Gabriel Faur\u00e9, Johannes Brahms, Antonin Dvorak, Robert Schumann, Heitor Villa-Lobos Luniversit\u00e9 d\u00c9t\u00e9 des Musiques Actuelles marque les 20 ans du festival c\u00e9venol. Il sinscrit dans la continuit\u00e9 des partenariats nou\u00e9s au fil des ans par le festival : les nombreuses collaborations avec les acteurs r\u00e9gionaux Paloma, Le Sonambule, Elmediator, le travail en r\u00e9seau sur tout lespace massif notamment \u00e0 travers le projet D\u00e9veloppement des arts vivants en Massif Central, partenaire du festival, et la pr\u00e9sence dartistes et de professionnels canadiens \u00e0 chaque \u00e9dition. LUniversit\u00e9 d\u00c9t\u00e9 sera un s\u00e9minaire international ouvert \u00e0 tous les professionnels francophones de la musique dOccitanie, du Massif Central et du Canada. Interview par Karine Lethiec du compositeur qui retracera son parcours, ses influences, son m\u00e9tier de compositeur et de p\u00e9dagogue et mettra laccent sur certaines de ses \u0153uvres marquantes. Paris et Ile-de-France-Paris et \u00cele-de-France, Paris  Tarifs : Carnet de 10 tickets concerts 120, soit 12 la place Ce carnet nest pas nominatif, chaque ticket donne droit \u00e0 une place de concert ; Places \u00e0 lunit\u00e9 : Gratuit pour les moins de 18 ans, Plein tarif : 17, Tarif R\u00e9duit : 12 \u00e9tudiants, demandeurs demplois, sur pr\u00e9sentation de justificatifs ; Tarif unique \u00e0 lH\u00f4pital dIssoudun : 12-gratuit pour les personnes hospitalis\u00e9es ou en r\u00e9sidence dans une maison de retraite de lh\u00f4pital Le Concert-spectacle pour enfants public familial <img decoding=\"async\" src=\"http:\/\/www.dominique-monnier.com\/images\/photos\/img585.jpg\" alt=\"rencontres musicales autour de la pree\" align=\"left\"> CorsEvent nest nullement responsable des modifications ou annulations de derni\u00e8re minute. Depuis 15 ans, lassociation ADOC12 r\u00e9unit plusieurs animateurs De multiples et nouvelles animations ont \u00e9t\u00e9 organis\u00e9es pour la treizi\u00e8me \u00e9dition des Rencontres musicales. Plus de 7 000 visiteurs ont pris part aux festivit\u00e9s https:sylvanes.comwp-contentuploads201909Blogretoufestival.jpg 500 500 St\u00e9phanie PEZ\u00c9 wp-contentuploads201805abbaye-sylvanes-logo-menu-300&#215;138.png St\u00e9phanie PEZ\u00c9 2019-09-16 16:42:00 2019-09-16 16:51:07 Revivez le 42e festival en images! Mar. 3 oct. De 10h30 \u00e0 12h30 et de 14h30 \u00e0 18h30, Auditorium St-Germain, Paris 6e Tarifs : 5 ou 3. Visite \u00e0 Derchigny-Graincourt Venez d\u00e9couvrir l\u00e9glise de Graincourt \u00e0 loccasion de visites libres ou guid\u00e9es dimanche 1er septembre 2019 M. Ruc Situ\u00e9e entre Bourges et Ch\u00e2teauroux, pr\u00e8s dIssoudun, le domaine de La Pr\u00e9e abrite une ancienne abbaye cistercienne fond\u00e9e par Saint Bernard, donn\u00e9e \u00e0 lassociation les petits fr\u00e8res des Pauvres en 1954.-Pour faire rayonner cette belle id\u00e9e plus largement   Il a form\u00e9 lensemble de jazz de charme pour un CD la magia de la veu jazz ensemble avec Andrea Motis 21 ans; Elia Bastida 21 ans; Alba Esteban Altos : Samuel Campet, Emma Girbal, Ad\u00e8le Girestet, Pierre-Pascal Jean et Helline Boulet <img decoding=\"async\" src=\"http:\/\/www.casa-avignon.fr\/festival-du-film-precaire\/wp-content\/uploads\/2016\/11\/de%CC%81plaint2016-web-4.jpg\" alt=\"rencontres musicales autour de la pree\" align=\"right\"> Avec votre compte, vous aurez acc\u00e8s aux bons plans et nous vous proposerons des activit\u00e9s sur mesure. Encadrement professionnel : directeur artistique professionnel, studio denregistrement professionnel, etc. ; Attention! Souhaitez-vous vraiment annuler votre inscription? \u00d4\u00d5\u00d5\u00d5\u00d5\u00d6\u00d5\u00d5\u00d5\u00d5\u00d5\u00d5\u00d6 \u00d4\u00d5\u00d5\u00d5\u00d5\u00d5\u00d5 \u00d5\u00d5 \u00d5\u00d5\u00d5\u00d5\u00d5\u00d5\u00d5\u00d6\u00d6\u00d5 \u00d5\u00d5\u00d5\u00b5\u00d5\u00d5\u00d5\u00d5\u00d5\u00d5\u00d6\u00d5 \u00d5\u00d5\u00d5\u00d5\u00d5\u00d5 18-\u00d6\u00d5 \u00d5\u00d5\u00d6\u00d5 \u00d5\u00d5\u00d5\u00d5\u00d5\u00d6\u00d5\u00d5\u00d5\u00d5\u00d5 Mais la rencontre se passe mal. Coups de poings au visage, la t\u00eate tir\u00e9e vers larri\u00e8re, coups de pied dans le dos, clef de bras, tentative d\u00e9tranglement, menaces avec un couteau.. Apr\u00e8s lavoir suppli\u00e9e de pouvoir quitter le domicile avec son fils, il la laiss\u00e9e partir avec leur gar\u00e7on. Avant, il lui a fait promettre de ne pas d\u00e9poser plainte contre lui. <img decoding=\"async\" src=\"http:\/\/subject.serenitynowmassagetherapy.com\/img\/700\/59b64b9b652ad-services-magasin-de-decoration-decoration-d-interieur-soc-roquemaure-30150-occitanie-1-700.jpg\" alt=\"rencontres musicales autour de la pree\" align=\"right\"> Nous avons partag\u00e9 lespoir aussi longtemps que cela \u00e9tait permis, mais la situation impose un autre sc\u00e9nario. Notre devoir est d\u00e9sormais de pr\u00e9server et dinventer lavenir du Ensemble Helios : Christel Rayneau fl\u00fbte, Nathana\u00eblle Marie violon, Laurent Camatte alto, Christophe Beau violoncelle Puis le silence se fait Et, d\u00e8s les premi\u00e8res notes, cest un autre monde qui souvre \u00e0 loreille.<\/p>\n","protected":false},"excerpt":{"rendered":"<p>rencontres musicales autour de la pree<\/p>\n","protected":false},"author":1,"featured_media":0,"comment_status":"closed","ping_status":"closed","sticky":false,"template":"","format":"standard","meta":{"footnotes":""},"categories":[1],"tags":[],"_links":{"self":[{"href":"https:\/\/atombroker.hu\/journal\/wp-json\/wp\/v2\/posts\/2427"}],"collection":[{"href":"https:\/\/atombroker.hu\/journal\/wp-json\/wp\/v2\/posts"}],"about":[{"href":"https:\/\/atombroker.hu\/journal\/wp-json\/wp\/v2\/types\/post"}],"author":[{"embeddable":true,"href":"https:\/\/atombroker.hu\/journal\/wp-json\/wp\/v2\/users\/1"}],"replies":[{"embeddable":true,"href":"https:\/\/atombroker.hu\/journal\/wp-json\/wp\/v2\/comments?post=2427"}],"version-history":[{"count":1,"href":"https:\/\/atombroker.hu\/journal\/wp-json\/wp\/v2\/posts\/2427\/revisions"}],"predecessor-version":[{"id":2428,"href":"https:\/\/atombroker.hu\/journal\/wp-json\/wp\/v2\/posts\/2427\/revisions\/2428"}],"wp:attachment":[{"href":"https:\/\/atombroker.hu\/journal\/wp-json\/wp\/v2\/media?parent=2427"}],"wp:term":[{"taxonomy":"category","embeddable":true,"href":"https:\/\/atombroker.hu\/journal\/wp-json\/wp\/v2\/categories?post=2427"},{"taxonomy":"post_tag","embeddable":true,"href":"https:\/\/atombroker.hu\/journal\/wp-json\/wp\/v2\/tags?post=2427"}],"curies":[{"name":"wp","href":"https:\/\/api.w.org\/{rel}","templated":true}]}}