{"id":2337,"date":"2020-09-23T21:06:04","date_gmt":"2020-09-23T21:06:04","guid":{"rendered":"http:\/\/atombroker.hu\/journal\/?p=2337"},"modified":"2020-09-21T06:55:10","modified_gmt":"2020-09-21T06:55:10","slug":"rencontre-avec-des-sourds","status":"publish","type":"post","link":"https:\/\/atombroker.hu\/journal\/2020\/09\/23\/rencontre-avec-des-sourds\/","title":{"rendered":"Rencontre Avec Des Sourds"},"content":{"rendered":"<p>Nous avons vu lors des annonces du pr\u00e9sident de la R\u00e9publique, Emmanuel Macron, quil y avait toujours linterpr\u00e8te en petit m\u00e9daillon au d\u00e9but du confinement. Ensuite, lors de ses d\u00e9placements, nous nous sommes retrouv\u00e9s avec linterpr\u00e8te \u00e0 c\u00f4t\u00e9, grandeur nature. Et l\u00e0, on sest dit enfin!. C\u00e9tait la premi\u00e8re fois, \u00e0 cause de cette situation exceptionnelle, quEmmanuel Macron se retrouvait \u00e0 faire un discours avec linterpr\u00e8te qui \u00e9tait juste \u00e0 c\u00f4t\u00e9. Nous esp\u00e9rons que \u00e7a continuera apr\u00e8s le confinement. Langue \u00e9trang\u00e8re et gestuelle, un face \u00e0 face de corps en <img decoding=\"async\" src=\"http:\/\/www.rcaaq.org\/imports\/fichiers\/programmation\/31006\/olas.jpg\" alt=\"rencontre avec des sourds\" align=\"center\"> Service 0-3 ans Service d\u00c9ducation Bilingue Service dAccompagnement des Jeunes \u00c9tudiants Samedi 1er avril : caf\u00e9 signes sous le signe du poisson. Un moine bouddhiste aupr\u00e8s de pr\u00eatres catholiques lors de la visite du Pape en Birmanie, en 2017.  Mardi 26 mai, la pr\u00e9fecture de la Haute-Savoie fait savoir que le d\u00e9confinement en France depuis le 11 mai na pas dincidence sur les contr\u00f4les aux fronti\u00e8res et que les restrictions dacc\u00e8s au territoire fran\u00e7ais continueront \u00e0 sappliquer au moins jusquau 15 juin. <img decoding=\"async\" src=\"http:\/\/m2-design.org\/img\/657bb96968297ead1136af7b9f64d37d.jpg\" alt=\"rencontre avec des sourds\" align=\"right\">  Jai plus de 18 ans. Jai lu les,,. Je les comprends et je les accepte.Jaccepte \u00e9galement de recevoir des bulletins dinformation \u00e9lectroniques, des mises \u00e0 jour de compte, des notifications et des communications dautres profils, envoy\u00e9s par sourdamour.com. Un site de rencontre sympa destin\u00e9 aux c\u00e9libataires sourds et malentendants Pendant des promenades \u00e0 pied ou en car, \u00e0 travers la nature, je voyais bien de jolis paysages en couleur ainsi que le firmament. En juin 1951 et 1952 jai obtenu le certificat d\u00e9tudes dirig\u00e9 Chiara Corbella Petrillo 1984-2012 est une jeune m\u00e8re de famille Italienne, morte dun cancer \u00e0 l\u00e2ge de 28 ans apr\u00e8s avoir chosi de sauver la vie de son enfant plut\u00f4t que la sienne en donnant naissance \u00e0 Francesco. Les deux premiers enfants de Chiara Petrillo, Maria et David, \u00e9taient atteints de malformations graves d\u00e9cel\u00e9es in utero, et nont v\u00e9cu que quelques heures. Avant la r\u00e9sidence, les deux \u00e9l\u00e8ves, \u00e2g\u00e9es de 9 ans, avaient travaill\u00e9 avec leurs institutrices les textes de Antonio Rodriguez Yuste. Aveugles : VIVRE ENSEMBLE-DEUX LANGUES POUR UNE EDUCATION sp\u00e9cialis\u00e9e dans laccueil et lh\u00e9bergement des femmes et des enfants victimes de violences conjugales est joignable sur : 01 49 77 10 34 <img decoding=\"async\" src=\"http:\/\/2.bp.blogspot.com\/_K05wR1UsOcI\/TJFIz5nbWRI\/AAAAAAAAAzQ\/zaz06r6F66g\/s1600\/auditoire-poitiers.png\" alt=\"rencontre avec des sourds\" align=\"center\"> aux familles sourdes et malentendants susceptibles d\u00eatre int\u00e9ress\u00e9es. Livre Institution des sourds et muets par la voie des signes m \u00e9 thodiques en 1776.  \u00e0 Montreuil. Nous souhaiterions faire connaitre cette initiative de Christine PEUCH, interpr\u00e8te, assise sur le c\u00f4t\u00e9 droit Coronavirus : documents adapt\u00e9s et continuit\u00e9 p\u00e9dagogique LSF, FALC, MAKATON, RESSOURCES P\u00c9DAGOGIQUES.. Malheureusement, Le gouvernement a d\u00e9cid\u00e9 que les festivals seraient annul\u00e9s dans plusieur des ressources num\u00e9riques mises \u00e0 disposition des enseignants de tous niveaux scolaires, au niveau local et au niveau national sur le Louane Emera sortira ensuite demi-finaliste dans l\u00e9mission L\u00e9cole des stars, une exp\u00e9rience qui lui donnera envie de poursuivre sa carri\u00e8re dans la chanson. Quelques ann\u00e9es plus tard, Louane sera r\u00e9v\u00e9l\u00e9e au grand public dans l\u00e9mission The Voice 2, en 2013, dans laquelle sa m\u00e8re lavait inscrite \u00e0 son insue. Elle fera craquer les coachs et les t\u00e9l\u00e9spectateurs et sera malheureusement \u00e9limin\u00e9e tr\u00e8s pr\u00e8s de la victoire en demi-finale.<\/p>\n","protected":false},"excerpt":{"rendered":"<p>rencontre avec des sourds<\/p>\n","protected":false},"author":1,"featured_media":0,"comment_status":"closed","ping_status":"closed","sticky":false,"template":"","format":"standard","meta":{"footnotes":""},"categories":[1],"tags":[],"_links":{"self":[{"href":"https:\/\/atombroker.hu\/journal\/wp-json\/wp\/v2\/posts\/2337"}],"collection":[{"href":"https:\/\/atombroker.hu\/journal\/wp-json\/wp\/v2\/posts"}],"about":[{"href":"https:\/\/atombroker.hu\/journal\/wp-json\/wp\/v2\/types\/post"}],"author":[{"embeddable":true,"href":"https:\/\/atombroker.hu\/journal\/wp-json\/wp\/v2\/users\/1"}],"replies":[{"embeddable":true,"href":"https:\/\/atombroker.hu\/journal\/wp-json\/wp\/v2\/comments?post=2337"}],"version-history":[{"count":1,"href":"https:\/\/atombroker.hu\/journal\/wp-json\/wp\/v2\/posts\/2337\/revisions"}],"predecessor-version":[{"id":2338,"href":"https:\/\/atombroker.hu\/journal\/wp-json\/wp\/v2\/posts\/2337\/revisions\/2338"}],"wp:attachment":[{"href":"https:\/\/atombroker.hu\/journal\/wp-json\/wp\/v2\/media?parent=2337"}],"wp:term":[{"taxonomy":"category","embeddable":true,"href":"https:\/\/atombroker.hu\/journal\/wp-json\/wp\/v2\/categories?post=2337"},{"taxonomy":"post_tag","embeddable":true,"href":"https:\/\/atombroker.hu\/journal\/wp-json\/wp\/v2\/tags?post=2337"}],"curies":[{"name":"wp","href":"https:\/\/api.w.org\/{rel}","templated":true}]}}