{"id":2297,"date":"2020-09-23T15:55:07","date_gmt":"2020-09-23T15:55:07","guid":{"rendered":"http:\/\/atombroker.hu\/journal\/?p=2297"},"modified":"2020-09-21T05:32:19","modified_gmt":"2020-09-21T05:32:19","slug":"rencontre-volvic","status":"publish","type":"post","link":"https:\/\/atombroker.hu\/journal\/2020\/09\/23\/rencontre-volvic\/","title":{"rendered":"Rencontre Volvic"},"content":{"rendered":"<p>Les r\u00e9seaux web ont une place de choix dans nos existences au jour le jour. Les internautes les utilisent plus quauparavant. Se rencontrer online est \u00e0 pr\u00e9sent quelque chose de r\u00e9gulier : des tonnes de c\u00e9libataires d\u00e9gotent leur partenaire par cette fa\u00e7on. Au 21 \u00e8me si\u00e8cle il nest plus la honte de proc\u00e9der de cette fa\u00e7on afin de faire la rencontre dune personne int\u00e9ressante. En 2013, c\u00e9tait d\u00e9j\u00e0 ce qui se faisait de mieux dans lesport et on arrivait \u00e0 se diff\u00e9rencier. On a cette culture de la cr\u00e9ation de contenu, et cest un joker pour notre relation avec les sponsors. Est-ce que \u00e7a va changer la fa\u00e7on de faire du business? On multiplie nos fa\u00e7ons de gagner de largent, ce qui nous permet de baisser notre d\u00e9pendance au sponsoring, m\u00eame si le chemin sera long avant de pouvoir sen passer Si \u00e7a arrive un jour! Justement, cest bien que tu \u00e9voques le mod\u00e8le du sponsoring. Jai pu interviewer Romain Bigeard et ce dernier \u00e9voquait quil \u00e9tait important pour lesport que le sponsoring ne soit plus le mod\u00e8le primaire et quil fallait essayer de progresser sur le merchandising et les contenus in-game. Je confirme que Netflix te pr\u00e9viens quand tu regardes une s\u00e9rie sui va \u00eatre supprim\u00e9e.. Techniques diverses Les Corps de dames et personnages, 1943-1952 La rubrique Aide des navigateurs vous indique comment param\u00e9trer et d\u00e9sactiver les cookies. <img decoding=\"async\" src=\"http:\/\/cecler.fr\/wp-content\/uploads\/2018\/07\/VVX-REM1.jpg\" alt=\"rencontre volvic\" align=\"left\">,url_tcos:,media_badge:,processed:true,count:1,created_at:2020-06-13T14:08:35.00000:00,id:1271806677889802243,id_str:1271806677889802243,full_text:Contre le racisme et la violence polici\u00e8re, merveilleuse Marseillaise place de la R\u00e9publique. Justice pour Adama Traor\u00e9. NnJusticePourAdama,truncated:false,display_text_range:0,141,entities:hashtags:text:R\u00e9publique,indices:82,93,text:JusticePourAdama,indices:124,141,symbols:,user_mentions:,urls:,source:,in_reply_to_status_id:null,in_reply_to_status_id_str:null,in_reply_to_user_id:null,in_reply_to_user_id_str:null,in_reply_to_screen_name:null,user:id:80820758,id_str:80820758,name:Jean-Luc M\u00e9lenchon,screen_name:JLMelenchon,location:France,description:D\u00e9put\u00e9 de la 4e circo des Bouches-du-Rh\u00f4ne, pdt du grpe FranceInsoumise. JLM ne tweete pas en personne. Instagram : jlmelenchon. YT: https:t.coUZJeDOk6az,url:https:t.couxVMGt3tCL,entities:url:urls:url:https:t.couxVMGt3tCL,expanded_url:http:melenchon.fr,display_url:melenchon.fr,indices:0,23,description:urls:url:https:t.coUZJeDOk6az,expanded_url:http:youtube.comjlmelenchon,display_url:youtube.comjlmelenchon,indices:135,158,protected:false,followers_count:2164668,friends_count:4897,listed_count:4498,created_at:2009-10-08T10:50:24.00000:00,favourites_count:2474,utc_offset:null,time_zone:null,geo_enabled:true,verified:true,statuses_count:33275,lang:null,contributors_enabled:false,is_translator:false,is_translation_enabled:false,profile_background_color:EBEBEB,profile_background_image_url:http:abs.twimg.comimagesthemestheme7bg.gif,profile_background_image_url_https:https:abs.twimg.comimagesthemestheme7bg.gif,profile_background_tile:true,profile_image_url:http:pbs.twimg.comprofile_images1067002166404096001Csvx4UYo_normal.jpg,profile_image_url_https:https:pbs.twimg.comprofile_images1067002166404096001Csvx4UYo_normal.jpg,profile_banner_url:https:pbs.twimg.comprofile_banners808207581493631936,profile_link_color:C9462C,profile_sidebar_border_color:DFDFDF,profile_sidebar_fill_color:F3F3F3,profile_text_color:333333,profile_use_background_image:true,has_extended_profile:false,default_profile:false,default_profile_image:false,following:false,follow_request_sent:false,notifications:false,translator_type:none,geo:null,coordinates:null,place:null,contributors:null,is_quote_status:false,retweet_count:494,favorite_count:1638,favorited:false,retweeted:false,lang:fr,media_type:null,plain_text:  Les gens, ya 3 jours une vid\u00e9o a fuit\u00e9. Un jeune marocain a \u00e9t\u00e9 tu\u00e9 par la police en espagne de la m\u00eame fa\u00e7on que pour george floyd, cest volontaire, on le voit bien. Rabi y rahmou Signez la p\u00e9tition sil vous plait. Pour vos h\u00e9bergements vous trouverez votre bonheur avez lOffice de Tourisme en cliquant sur le logo :,text_org:Ce sale juif! qui vient du fond du c\u0153ur de ces antiracistes au poing lev\u00e9 ne vient que confirmer ce que lon savait d\u00e9j\u00e0 : ils sont la haine. Bravo \u00e0 G\u00e9n\u00e9rationIdentitaire pour cette action qui a le m\u00e9rite d\u00e9clairer le d\u00e9bat. JusticePourAdama nhttps:t.co607mYbwMrO,text_no_media:Ce sale juif! qui vient du fond du c\u0153ur de ces antiracistes au poing lev\u00e9 ne vient que confirmer ce que lon savait d\u00e9j\u00e0 : ils sont la haine. Bravo \u00e0 \u00e9n\u00e9rationIdentitaire pour cette action qui a le m\u00e9rite d\u00e9clairer le d\u00e9bat. Hurlements antis\u00e9mites, affrontements avec les forces de lordre et \u00e9meutes : voil\u00e0 le bilan de la manifestation JusticePourAdama interdite mais autoris\u00e9e!nCCastaner, vous comptez laisser continuer ce scandale dans les prochaines semaines ou enfin r\u00e9tablir lordre? Parts de march\u00e9 en grandes surfaces d\u00e9c 2000 Eaux min\u00e9rales plates Coupe de France : le match Volvic-Ajaccio retard\u00e9 \u00e0 cause dune histoire de maillots  Alexander Martinez, un jeune mexicain de 16 ans a \u00e9t\u00e9 assassin\u00e9 dans les rues de la ville mexicaine. La Soci\u00e9t\u00e9 des Eaux de Volvic appartient depuis mai Puis, quinze minutes plus tard, il se fend dun nouveau message : Le chauffeur du bus \u00e9tant parti avec nos maillots, le coup denvoi est retard\u00e9 \u00e0 15 heures. <img decoding=\"async\" src=\"http:\/\/www.madeinfoot.com\/img\/photos\/illustrations\/2011\/zoom\/illustration-20110928121549-9311.jpg\" alt=\"rencontre volvic\" align=\"left\"> Lors des soir\u00e9es foot, rejoignez le chat des supporters Premi\u00e8res grenades lacrymog\u00e8nes sur la place de la R\u00e9publique o\u00f9 le cort\u00e8ge est toujours bloqu\u00e9. JusticePourAdama Et puis ces 11 esp\u00e8ces contact\u00e9es en 2 nuits. Cette diversit\u00e9, qui existe lors de lhibernation \u00e0 Volvic, se confirme aussi durant la saison des amours,simple_text:Quelle folle journ\u00e9e qui nest pas encore finie! Une g\u00e9n\u00e9ration se soul\u00e8ve clairement! GenerationAdama Republique paris Traore AdamaTraore racisme JusticePourAdama JusticeForGeorgeFloyd GeorgesFloyd BlackLivesMatter ViolencesPolicieres,quoted_status:null,retweeted_status_id:null,screen_name:CerveauxNon,name:Cerveaux non disponibles,description:Vivez les luttes sociales et climatiques via des contenus textes, photos, vid\u00e9os ind\u00e9pendants et alternatifs.nmstdn : https:t.coU5s9b57YxN,location:Ile-de-France, France,rt_fav_ratio:0.546572934973638,language_id:3,source_url:http:twitter.comdownloadandroid,source_name:Twitter for Android,tweet_type:null,media_url:https:pbs.twimg.comext_tw_video_thumb1271812439563210754puimgyVyiRgq1_f6Y9dV9.jpg,multi_media:false,poster_url:https:pbs.twimg.comext_tw_video_thumb1271812439563210754puimgyVyiRgq1_f6Y9dV9.jpg,aspect_ratio:0.5625,video_urls:https:video.twimg.comext_tw_video1271812439563210754puvid720x12808Tpkvkv4jWnqxju.mp4?tag10,https:video.twimg.comext_tw_video1271812439563210754puvid360x64032CK9dZ3_m8mMJ4s.mp4?tag10,https:video.twimg.comext_tw_video1271812439563210754puvid320x568aYS5mLMSAAa8mS9p.mp4?tag10,text:Quelle folle journ\u00e9e qui nest pas encore finie! Une g\u00e9n\u00e9ration se soul\u00e8ve clairement,text_org:Quelle folle journ\u00e9e qui nest pas encore finie! Une g\u00e9n\u00e9ration se soul\u00e8ve clairement! GenerationAdama Republique paris Traore AdamaTraore racisme JusticePourAdama JusticeForGeorgeFloyd GeorgesFloyd BlackLivesMatter ViolencesPolicieres https:t.co5sI85IFAOG,text_no_media:Quelle folle journ\u00e9e qui nest pas encore finie! Une g\u00e9n\u00e9ration se soul\u00e8ve clairement,url_tcos:,media_badge:,processed:true,count:2,in_reply_to_status:null,created_at:2020-06-13T15:04:13.00000:00,id:1271820679470514176,id_str:1271820679470514176,full_text:Lantiracisme qui hurle sales juifs fait la preuve de son ignoble racisme! Et bravo aux jeunes de G\u00e9n\u00e9rationIdentitaire qui ont le courage de d\u00e9noncer le racisme anti-blanc! nAdamaTraor\u00e9 ValeursActuelles Antiracisme JusticepourAdama Manifestation BlackLivesMatter https:t.colThcPZC8Um,truncated:false,display_text_range:0,277,entities:hashtags:text:racisme,indices:70,78,text:G\u00e9n\u00e9rationIdentitaire,indices:104,126,text:AdamaTraor\u00e9,indices:183,195,text:ValeursActuelles,indices:196,213,text:Antiracisme,indices:214,226,text:JusticepourAdama,indices:227,244,text:Manifestation,indices:245,259,text:BlackLivesMatter,indices:260,277,symbols:,user_mentions:,urls:,media:id:1271819837396979712,id_str:1271819837396979712,indices:278,301,media_url:http:pbs.twimg.comext_tw_video_thumb1271819837396979712puimgrGqLvYVE0z65tgBQ.jpg,media_url_https:https:pbs.twimg.comext_tw_video_thumb1271819837396979712puimgrGqLvYVE0z65tgBQ.jpg,url:https:t.colThcPZC8Um,display_url:pic.twitter.comlThcPZC8Um,expanded_url:https:twitter.comGilbertCollardstatus1271820679470514176video1,type:photo,sizes:thumb:w:150,h:150,resize:crop,small:w:383,h:680,resize:fit,large:w:720,h:1280,resize:fit,medium:w:675,h:1200,resize:fit,extended_entities:media:id:1271819837396979712,id_str:1271819837396979712,indices:278,301,media_url:http:pbs.twimg.comext_tw_video_thumb1271819837396979712puimgrGqLvYVE0z65tgBQ.jpg,media_url_https:https:pbs.twimg.comext_tw_video_thumb1271819837396979712puimgrGqLvYVE0z65tgBQ.jpg,url:https:t.colThcPZC8Um,display_url:pic.twitter.comlThcPZC8Um,expanded_url:https:twitter.comGilbertCollardstatus1271820679470514176video1,type:video,sizes:thumb:w:150,h:150,resize:crop,small:w:383,h:680,resize:fit,large:w:720,h:1280,resize:fit,medium:w:675,h:1200,resize:fit,video_info:aspect_ratio:9,16,duration_millis:66233,variants:bitrate:2176000,content_type:videomp4,url:https:video.twimg.comext_tw_video1271819837396979712puvid720x1280rdwjG0TD9Z-4JYIt.mp4?tag10,bitrate:632000,content_type:videomp4,url:https:video.twimg.comext_tw_video1271819837396979712puvid320x568Ko6mK5j9GcuF12p4.mp4?tag10,bitrate:832000,content_type:videomp4,url:https:video.twimg.comext_tw_video1271819837396979712puvid360x640QPRTkPnExpKkLzaz.mp4?tag10,content_type:applicationx-mpegURL,url:https:video.twimg.comext_tw_video1271819837396979712puplIW4HNt3hDvcaZS-H.m3u8?tag10,additional_media_info:monetizable:false,source:,in_reply_to_status_id:null,in_reply_to_status_id_str:null,in_reply_to_user_id:null,in_reply_to_user_id_str:null,in_reply_to_screen_name:null,user:id:471163803,id_str:471163803,name:Gilbert Collard,screen_name:GilbertCollard,location:Vauvert, France,description:D\u00e9put\u00e9 fran\u00e7ais du Groupe ID au Parlement europ\u00e9en nAncien D\u00e9put\u00e9 du Gard,url:null,entities:description:urls:,protected:false,followers_count:224016,friends_count:1325,listed_count:736,created_at:2012-01-22T15:30:53.00000:00,favourites_count:179,utc_offset:null,time_zone:null,geo_enabled:true,verified:true,statuses_count:9882,lang:null,contributors_enabled:false,is_translator:false,is_translation_enabled:false,profile_background_color:000000,profile_background_image_url:http:abs.twimg.comimagesthemestheme14bg.gif,profile_background_image_url_https:https:abs.twimg.comimagesthemestheme14bg.gif,profile_background_tile:false,profile_image_url:http:pbs.twimg.comprofile_images878524645254868993uGbmmVhn_normal.jpg,profile_image_url_https:https:pbs.twimg.comprofile_images878524645254868993uGbmmVhn_normal.jpg,profile_banner_url:https:pbs.twimg.comprofile_banners4711638031574349960,profile_link_color:0044BA,profile_sidebar_border_color:C0DEED,profile_sidebar_fill_color:DDEEF6,profile_text_color:333333,profile_use_background_image:false,has_extended_profile:true,default_profile:false,default_profile_image:false,following:false,follow_request_sent:false,notifications:false,translator_type:none,geo:null,coordinates:null,place:null,contributors:null,is_quote_status:false,retweet_count:718,favorite_count:1484,favorited:false,retweeted:false,possibly_sensitive:false,lang:fr,media_type:video,plain_text:-Tee-shirts Justice pour Adama en vente 10 \u00e0 partir de midi sur la place de la R\u00e9publique. <img decoding=\"async\" src=\"http:\/\/archives.stadetoulousain.fr\/uploads\/image\/photos\/dessins2.jpg\" alt=\"rencontre volvic\" align=\"center\"> Le f\u00fchrer Lallement nous refait le coup!! il interdit les manifestants de se d\u00e9placer, fait mine davoir interdit la manifestation alors quil la autoris\u00e9e la veille.nUne pourriture que m\u00eame une poubelle nen voudrait pas!! nJusticePourAdama mon-pika63 car je suis pas vip donc ce qui majoute merci de dire qui vous \u00eates merci Nous suivons Shuichi Kagaya, un lyc\u00e9en capable de se transformer en monstre aux capacit\u00e9s hors normes et de la myst\u00e9rieuse Claire, qui peut entrer dans le corps de Shuichi quand il se transforme.  Manif,text_org:Manif police VS nManif JusticePourAdama https:t.coPXnqyLsbrg,text_no_media:Manif police VS,simple_text:Un homme est menac\u00e9 et expuls\u00e9 de la manifestation JusticePourAdama pour avoir os\u00e9 passer de la musique durant la prise de parole dAssa Traor\u00e9 \u00e0 Paris. Il a d\u00fb se r\u00e9fugier aupr\u00e8s des gendarmes,quoted_status:null,retweeted_status_id:null,screen_name:Valeurs,name:Valeurs actuelles \u0646,description:Lhebdo de la droite qui sassume.nFacebook : https:t.co5nf9w8tMPun Instagram : https:t.coiWkONEVVbP n Podcast : https:t.coSKAECx6yoS,location:France,rt_fav_ratio:0.8084291187739464,language_id:3,source_url:http:twitter.comdownloadandroid,source_name:Twitter for Android,tweet_type:null,media_url:https:pbs.twimg.comext_tw_video_thumb1271793952765640716puimgVoPoZC_UEZPNVgxm.jpg,multi_media:false,poster_url:https:pbs.twimg.comext_tw_video_thumb1271793952765640716puimgVoPoZC_UEZPNVgxm.jpg,aspect_ratio:1.761111111111111,video_urls:https:video.twimg.comext_tw_video1271793952765640716puvid1268x720ojDA7-EHPpoo4HFA.mp4?tag10,https:video.twimg.comext_tw_video1271793952765640716puvid634x360vTGL0um9aGyGPJzt.mp4?tag10,https:video.twimg.comext_tw_video1271793952765640716puvid474x27068Aceimenzn-Exk2.mp4?tag10,text:Un homme est menac\u00e9 et expuls\u00e9 de la manifestation pour avoir os\u00e9 passer de la musique durant la prise de parole dAssa Traor\u00e9 \u00e0 Paris. Il a d\u00fb se r\u00e9fugier aupr\u00e8s des gendarmes,text_org:Un homme est menac\u00e9 et expuls\u00e9 de la manifestation JusticePourAdama pour avoir os\u00e9 passer de la musique durant la prise de parole dAssa Traor\u00e9 \u00e0 Paris. Il a d\u00fb se r\u00e9fugier aupr\u00e8s des gendarmes Https:t.cohLIxVCtf5Z,text_no_media:Un homme est menac\u00e9 et expuls\u00e9 de la manifestation pour avoir os\u00e9 passer de la musique durant la prise de parole dAssa Traor\u00e9 \u00e0 Paris. Il a d\u00fb se r\u00e9fugier aupr\u00e8s des gendarmes,url_tcos:,media_badge:,processed:true,count:1,created_at:2020-06-13T14:33:31.00000:00,id:1271812950378950657,id_str:1271812950378950657,full_text:La banderole de Generation Identitaire est d\u00e9finitivement enlev\u00e9e sous les applaudissements du public. JusticePourAdama https:t.coFJokbovgQA,truncated:false,display_text_range:0,120,entities:hashtags:text:JusticePourAdama,indices:103,120,symbols:,user_mentions:,urls:,media:id:1271811970380050432,id_str:1271811970380050432,indices:121,144,media_url:http:pbs.twimg.comext_tw_video_thumb1271811970380050432puimg6t5UPIgPinbzdUiI.jpg,media_url_https:https:pbs.twimg.comext_tw_video_thumb1271811970380050432puimg6t5UPIgPinbzdUiI.jpg,url:https:t.coFJokbovgQA,display_url:pic.twitter.comFJokbovgQA,expanded_url:https:twitter.comRemyBuisinestatus1271812950378950657video1,type:photo,sizes:thumb:w:150,h:150,resize:crop,medium:w:1200,h:675,resize:fit,small:w:680,h:383,resize:fit,large:w:1280,h:720,resize:fit,extended_entities:media:id:1271811970380050432,id_str:1271811970380050432,indices:121,144,media_url:http:pbs.twimg.comext_tw_video_thumb1271811970380050432puimg6t5UPIgPinbzdUiI.jpg,media_url_https:https:pbs.twimg.comext_tw_video_thumb1271811970380050432puimg6t5UPIgPinbzdUiI.jpg,url:https:t.coFJokbovgQA,display_url:pic.twitter.comFJokbovgQA,expanded_url:https:twitter.comRemyBuisinestatus1271812950378950657video1,type:video,sizes:thumb:w:150,h:150,resize:crop,medium:w:1200,h:675,resize:fit,small:w:680,h:383,resize:fit,large:w:1280,h:720,resize:fit,video_info:aspect_ratio:16,9,duration_millis:17765,variants:bitrate:256000,content_type:videomp4,url:https:video.twimg.comext_tw_video1271811970380050432puvid480x270NCsjELZ1W4kRyPia.mp4?tag10,content_type:applicationx-mpegURL,url:https:video.twimg.comext_tw_video1271811970380050432puplF8y1fZkpOTTQ8nWh.m3u8?tag10,bitrate:2176000,content_type:videomp4,url:https:video.twimg.comext_tw_video1271811970380050432puvid1280x720oScZudyuLcFmB7_s.mp4?tag10,bitrate:832000,content_type:videomp4,url:https:video.twimg.comext_tw_video1271811970380050432puvid640x360fByVOzOF6dn8tIXk.mp4?tag10,additional_media_info:monetizable:false,source:,in_reply_to_status_id:null,in_reply_to_status_id_str:null,in_reply_to_user_id:null,in_reply_to_user_id_str:null,in_reply_to_screen_name:null,user:id:1643934410,id_str:1643934410,name:Remy Buisine,screen_name:RemyBuisine,location:Paris,description:Journaliste Brutofficiel en immersion en direct au c\u0153ur de lactualit\u00e9. Instagram : RemyBuisine,url:https:t.coFTZbG0UUKx,entities:url:urls:url:https:t.coFTZbG0UUKx,expanded_url:https:www.instagram.comremybuisine,display_url:instagram.comremybuisine,indices:0,23,description:urls:,protected:false,followers_count:84533,friends_count:3360,listed_count:686,created_at:2013-08-04T00:10:14.00000:00,favourites_count:24339,utc_offset:null,time_zone:null,geo_enabled:true,verified:true,statuses_count:6777,lang:null,contributors_enabled:false,is_translator:false,is_translation_enabled:false,profile_background_color:C0DEED,profile_background_image_url:http:abs.twimg.comimagesthemestheme1bg.png,profile_background_image_url_https:https:abs.twimg.comimagesthemestheme1bg.png,profile_background_tile:false,profile_image_url:http:pbs.twimg.comprofile_images1252066179541356550-q1Cn815_normal.jpg,profile_image_url_https:https:pbs.twimg.comprofile_images1252066179541356550-q1Cn815_normal.jpg,profile_banner_url:https:pbs.twimg.comprofile_banners16439344101462752516,profile_link_color:0C00B3,profile_sidebar_border_color:C0DEED,profile_sidebar_fill_color:DDEEF6,profile_text_color:333333,profile_use_background_image:true,has_extended_profile:true,default_profile:false,default_profile_image:false,following:false,follow_request_sent:false,notifications:false,translator_type:none,geo:null,coordinates:null,place:null,contributors:null,is_quote_status:false,retweet_count:175,favorite_count:435,favorited:false,retweeted:false,possibly_sensitive:false,lang:fr,media_type:video,plain_text:.<\/p>\n","protected":false},"excerpt":{"rendered":"<p>rencontre volvic<\/p>\n","protected":false},"author":1,"featured_media":0,"comment_status":"closed","ping_status":"closed","sticky":false,"template":"","format":"standard","meta":{"footnotes":""},"categories":[1],"tags":[],"_links":{"self":[{"href":"https:\/\/atombroker.hu\/journal\/wp-json\/wp\/v2\/posts\/2297"}],"collection":[{"href":"https:\/\/atombroker.hu\/journal\/wp-json\/wp\/v2\/posts"}],"about":[{"href":"https:\/\/atombroker.hu\/journal\/wp-json\/wp\/v2\/types\/post"}],"author":[{"embeddable":true,"href":"https:\/\/atombroker.hu\/journal\/wp-json\/wp\/v2\/users\/1"}],"replies":[{"embeddable":true,"href":"https:\/\/atombroker.hu\/journal\/wp-json\/wp\/v2\/comments?post=2297"}],"version-history":[{"count":1,"href":"https:\/\/atombroker.hu\/journal\/wp-json\/wp\/v2\/posts\/2297\/revisions"}],"predecessor-version":[{"id":2298,"href":"https:\/\/atombroker.hu\/journal\/wp-json\/wp\/v2\/posts\/2297\/revisions\/2298"}],"wp:attachment":[{"href":"https:\/\/atombroker.hu\/journal\/wp-json\/wp\/v2\/media?parent=2297"}],"wp:term":[{"taxonomy":"category","embeddable":true,"href":"https:\/\/atombroker.hu\/journal\/wp-json\/wp\/v2\/categories?post=2297"},{"taxonomy":"post_tag","embeddable":true,"href":"https:\/\/atombroker.hu\/journal\/wp-json\/wp\/v2\/tags?post=2297"}],"curies":[{"name":"wp","href":"https:\/\/api.w.org\/{rel}","templated":true}]}}