{"id":2253,"date":"2020-09-23T16:42:43","date_gmt":"2020-09-23T16:42:43","guid":{"rendered":"http:\/\/atombroker.hu\/journal\/?p=2253"},"modified":"2020-09-21T04:33:28","modified_gmt":"2020-09-21T04:33:28","slug":"quand-la-sociologie-de-l-action-collective-rencontre-les-identites","status":"publish","type":"post","link":"https:\/\/atombroker.hu\/journal\/2020\/09\/23\/quand-la-sociologie-de-l-action-collective-rencontre-les-identites\/","title":{"rendered":"Quand La Sociologie De L Action Collective Rencontre Les Identit\u00e9s"},"content":{"rendered":"<p>Pour les consignes aux auteurs, consultez le document t\u00e9l\u00e9chargeable au bas de la page suivante :. Bibliographie Les Am\u00e9rindiens 3,4es Hispaniques 3,05 et les Blancs 2,7 sont nettement moins touch\u00e9s. Trois Etats tr\u00e8s peupl\u00e9s-la Californie victimesle Texas et la Floride 68-comptent plus du tiers des cas de personnes tu\u00e9es par la police. Gauchet Marcel, Blais Marie-Claude Ottavi Dominique 2014. Transmettre, apprendre. Paris : Stock. Ces observations tr\u00e8s g\u00e9n\u00e9rales pourraient servir dintroduction \u00e0 une \u00e9tude des luttes historiques au Qu\u00e9bec. Plusieurs de leurs aspects ont \u00e9t\u00e9 trait\u00e9s par Jacques Dofny, Gabriel Gagnon, Paul B\u00e9langer et C\u00e9line Saint-Pierre. Je me contenterai ici de poser un principe danalyse. Le niveau de d\u00e9veloppement \u00e9conomique, de modernisation et de richesse du Qu\u00e9bec est \u00e9videmment tr\u00e8s \u00e9loign\u00e9 de celui des pays d\u00e9pendants, mais ceci ne constitue daucune mani\u00e8re un obstacle \u00e0 lapplication au Qu\u00e9bec des principes danalyse valables pour lensemble des soci\u00e9t\u00e9s d\u00e9pendantes. Il y a dailleurs plus de distance encore entre lArgentine et la Bolivie quentre le Qu\u00e9bec et lArgentine, m\u00eame en tenant compte du recul spectaculaire de ce dernier pays. La similitude des situations se marque dabord par lextr\u00eame autonomie de lespace politique et par lautonomie plus grande encore de lespace culturel au Qu\u00e9bec. Le r\u00f4le des universit\u00e9s ou de Radio-Canada dans la prise de conscience nationale moderne est assez semblable \u00e0 celui quont jou\u00e9 les grandes universit\u00e9s dans beaucoup de pays latino-am\u00e9ricains au cours des cinquante derni\u00e8res ann\u00e9es. Parall\u00e8lement, la sociographie du Qu\u00e9bec a toujours insist\u00e9 sur le r\u00f4le de la petite bourgeoisie dissoci\u00e9e des propri\u00e9taires principaux, des moyens de production et aussi 183 sur limportance des cat\u00e9gories d\u00e9finies davantage par leur place dans le changement social que par leur position de classe. Mais lessentiel est surtout de rappeler que les trois composantes des luttes historiques : classe, nation et modernisation se croisent de mani\u00e8re encore plus complexe dans un pays hautement d\u00e9velopp\u00e9 comme le Qu\u00e9bec que dans les autres soci\u00e9t\u00e9s d\u00e9pendantes. Limportance de lindustrialisation du Qu\u00e9bec a entra\u00een\u00e9 celle du mouvement syndical et celui-ci ne sest jamais confondu simplement avec le nationalisme. Les efforts pour unir revendications nationales et revendications sociales sont constants et aboutissent toujours \u00e0 des demi-\u00e9checs. Enfin, la modernit\u00e9 du Qu\u00e9bec interf\u00e8re directement avec la force de la revendication nationale et avec lactivit\u00e9 des luttes sociales et des n\u00e9gociations collectives. Elle ma interview\u00e9 r\u00e9cemment sur sa cha\u00eene, et on a parl\u00e9 de synesth\u00e9sie et des diff\u00e9rents types dhypersensibilit\u00e9 que jai exp\u00e9riment\u00e9. Vous laurez compris, la sensibilit\u00e9 cest son domaine de pr\u00e9dilection, cest aussi le sujet du livre quelle a co\u00e9crit avec Saverio Tomasella : \u00cates-vous ultrasensible? Selon Tajfel et Turner, la strat\u00e9gie de changement adopt\u00e9e par lindividu est fonction, notamment, du syst\u00e8me de auquel il adh\u00e8re, soit de sa situation sur le continuum croyance en la mobilit\u00e9 sociale-croyance au changement social. Bien dans ses formes droiti\u00e8res que dans ses versions social-lib\u00e9rales. Mais   Sociologie des acteurs de la gentrification des quartiers anciens centraux dhier et daujourdhui Les mobilisations collectives une controverse sociologique Les mobilisations collectives 2017-19 Ethnographie des fablabs M1 M. Nalpas co-dir. Avec Sezin Top\u00e7u. <img decoding=\"async\" src=\"http:\/\/adherents.april.org\/dtcphotos\/eledo.png\" alt=\"quand la sociologie de l action collective rencontre les identit\u00e9s\" align=\"left\"> historiques comparatistes et th\u00e9orisations sociologiques? https:pinterest.comluciediezces-personnes-qui-minspirent le quatri\u00e8me implicite, avec un \u00e9thos d\u00e9mocratique et de nombreuses activit\u00e9s p\u00e9riscolaires pr\u00e9sentant des opportunit\u00e9s dapprentissage mais sans lien explicite avec le curriculum et peu dimplication collective. Jaccompagne les professionnels en reconversion, pour les aider \u00e0 trouver leur place dans un monde qui change. Goffman Erving 1975, 1963, Stigmate. Les usages sociaux des handicaps, Paris, \u00c9d Minuit. <img decoding=\"async\" src=\"http:\/\/www.globalresearch.ca\/wp-content\/uploads\/2016\/12\/Screen-Shot-2016-12-24-at-12.33.41-PM-827x1024.png\" alt=\"quand la sociologie de l action collective rencontre les identit\u00e9s\" align=\"center\"> professeur de sociologie retrait\u00e9 du C\u00e9gep de Chicoutimi. <img decoding=\"async\" src=\"http:\/\/sspsd.u-strasbg.fr\/IMG\/png\/Lamine-photo-CV.png\" alt=\"quand la sociologie de l action collective rencontre les identit\u00e9s\" align=\"right\"> 2012-2018. Ethnom\u00e9thodologie avec M. Barth\u00e9lemy, B. Dupret, Y. Kreplak 24h x 6 ans Emilie Aurore est karmath\u00e9rapeute, elle nous aide \u00e0 sortir du triangle bourreau, victime, sauveur. Voici son interview sur mon blog : http:www.economieintuitive.comkarmatherapeute-emilie-aurore TISSOT S, R\u00e9former les quartiers. Enqu\u00eate sociologique sur une cat\u00e9gorie de laction publique, Th\u00e8se de doctorat de sociologie sous la direction de Christian Topalov, EHESS, 2002, p. 253  Recevoir mes prochaines d\u00e9couvertes : http:eepurl.comcnZEWf Ainsi, revisiter Erving Goffman, voire George Herbert Mead, montre que le num\u00e9rique joue certes un r\u00f4le sur lidentit\u00e9, mais il ne fait en r\u00e9alit\u00e9 quamplifier sa pluralit\u00e9 Bernard Lahire. Cette identit\u00e9 agissante Dominique Cardon sinspire du Je de Mead car elle est form\u00e9e de go\u00fbts et dint\u00e9r\u00eats pour se faire conna\u00eetre des usagers par des contenus visibles par le plus grand nombre, do\u00f9 la m\u00e9taphore du phare qui cherche la plus grande connectivit\u00e9. Bien que de nombreux sites de r\u00e9seaux sociaux offrent la possibilit\u00e9 de limiter lacc\u00e8s de leurs usagers aux seuls destinataires choisis comme amis cest syst\u00e9matique sur Snapchat, une majorit\u00e9 dutilisateurs de Facebook rendent leur contenu visible par tous. Cest aussi le cas de 69 des photos publi\u00e9es sur Flickr, plate-forme dacc\u00e8s gratuit o\u00f9 cohabitent lanonymat dune majorit\u00e9 damateurs et la reconnaissance quasi-professionnelle dune minorit\u00e9. Elle a \u00e9t\u00e9 une ar\u00e8ne d\u00e9mergence de talents car recommandations et avis positifs sacrent les amateurs de photos num\u00e9riques en sonnant le glas dun si\u00e8cle dargentique. De m\u00eame, avec lav\u00e8nement de la 4G, la vid\u00e9o en haute d\u00e9finition sur t\u00e9l\u00e9phone devient une pratique ordinaire. Avec lapplication Snapchat les photos ou vid\u00e9os partag\u00e9es avec ses amis ont litt\u00e9ralement remplac\u00e9 les mots pour raconter sa vie en temps r\u00e9el. Ces photos sont autant ludiques qu\u00e9ph\u00e9m\u00e8res, puisque les contenus visuels forment une story et disparaissent au bout de 24 heures. Plus encore quInstagram qui a int\u00e9gr\u00e9 cette derni\u00e8re fonctionnalit\u00e9, Snapchat facilite la retouche dimages, qui peuvent \u00eatre ind\u00e9finiment retravaill\u00e9es. Ces deux applications semblent consacrer le libre choix de lindividu qui peut g\u00e9rer sa propre identit\u00e9 num\u00e9rique en arbitrant tel un strat\u00e8ge entre ce qui est cach\u00e9 et le Soi visible, notamment quand la page daccueil de Snapchat, qui souvre sur l\u00e9cran de prise de photo, est param\u00e9tr\u00e9e en mode selfie. Mais la mani\u00e8re de se pr\u00e9senter sur Snapchat est aussi tr\u00e8s norm\u00e9e chez les jeunes utilisateurs : lutilisation de filtres embellisseurs pour les selfies tend en effet de plus en plus \u00e0 imposer un standard de beaut\u00e9. Composition sociale de celles-ci, tant\u00f4t au pass\u00e9, tant\u00f4t \u00e0 un pr\u00e9sent \u00e9ternellement Limportant dans tout le processus cr\u00e9atif est de trouver l\u00e9quilibre entre l\u00eatre cr\u00e9atif, lavoir des id\u00e9es et le faire des projets.<\/p>\n","protected":false},"excerpt":{"rendered":"<p>quand la sociologie de l action collective rencontre les identit\u00e9s<\/p>\n","protected":false},"author":1,"featured_media":0,"comment_status":"closed","ping_status":"closed","sticky":false,"template":"","format":"standard","meta":{"footnotes":""},"categories":[1],"tags":[],"_links":{"self":[{"href":"https:\/\/atombroker.hu\/journal\/wp-json\/wp\/v2\/posts\/2253"}],"collection":[{"href":"https:\/\/atombroker.hu\/journal\/wp-json\/wp\/v2\/posts"}],"about":[{"href":"https:\/\/atombroker.hu\/journal\/wp-json\/wp\/v2\/types\/post"}],"author":[{"embeddable":true,"href":"https:\/\/atombroker.hu\/journal\/wp-json\/wp\/v2\/users\/1"}],"replies":[{"embeddable":true,"href":"https:\/\/atombroker.hu\/journal\/wp-json\/wp\/v2\/comments?post=2253"}],"version-history":[{"count":1,"href":"https:\/\/atombroker.hu\/journal\/wp-json\/wp\/v2\/posts\/2253\/revisions"}],"predecessor-version":[{"id":2254,"href":"https:\/\/atombroker.hu\/journal\/wp-json\/wp\/v2\/posts\/2253\/revisions\/2254"}],"wp:attachment":[{"href":"https:\/\/atombroker.hu\/journal\/wp-json\/wp\/v2\/media?parent=2253"}],"wp:term":[{"taxonomy":"category","embeddable":true,"href":"https:\/\/atombroker.hu\/journal\/wp-json\/wp\/v2\/categories?post=2253"},{"taxonomy":"post_tag","embeddable":true,"href":"https:\/\/atombroker.hu\/journal\/wp-json\/wp\/v2\/tags?post=2253"}],"curies":[{"name":"wp","href":"https:\/\/api.w.org\/{rel}","templated":true}]}}