{"id":2247,"date":"2020-09-23T15:50:56","date_gmt":"2020-09-23T15:50:56","guid":{"rendered":"http:\/\/atombroker.hu\/journal\/?p=2247"},"modified":"2020-09-21T04:16:35","modified_gmt":"2020-09-21T04:16:35","slug":"rencontres-averroes-marseille-2013","status":"publish","type":"post","link":"https:\/\/atombroker.hu\/journal\/2020\/09\/23\/rencontres-averroes-marseille-2013\/","title":{"rendered":"Rencontres Averroes Marseille 2013"},"content":{"rendered":"<p>Par moments le son est dailleurs trop fort surtout ce qui sort des machines ce qui parait un peu inutile vue la configuration et couvre un peu le chant. Je me dis m\u00eame que cela va finir par faire fuir une partie du public, mais tout le monde reste \u00e0 sa place. A un moment je penserai \u00e0 Alanis Morissette \u00e0 force de la voir arpenter la sc\u00e8ne de long en large en sautant parfois. Entre les morceaux elle nous pr\u00e9sentera ceux ci ce qui nous rappelle quen effet les textes sont assez politiques etou po\u00e9tiques qui lui vaut son \u00e9tiquette chanteuse engag\u00e9e. Elle devait se d\u00e9rouler du 30 juillet au 2 ao\u00fbt 2020. 3\u00e8me table ronde Samedi 8 novembre de 14 h 30 \u00e0 16 h 30 Face a\u0300 la pande\u0301mie que nous traversons, a\u0300 limpossibilite\u0301 daccueillir des artistes internationaux due a\u0300 la fermeture des frontie\u0300res, de disposer des lieux daccueil des concerts et surtout tenant compte de le\u0301tat durgence sanitaire de notre pays, nous avons le regret de vous annoncer le report a\u0300 le\u0301te\u0301 2021 de la 24e e\u0301dition du festival FiestA Se\u0300te qui devait avoir lieu du 21 juillet au 6 aou\u0302t 2020. Vue de Marseille avec au premier plan le MUCEM et au second plan le quartier Eurom\u00e9diterran\u00e9e, sur lematin.ma, 11 janvier 2017 consult\u00e9 le 24 janvier 2017. T\u00e9l\u00e9chargez le programme d\u00e9taill\u00e9 ci-dessous, ou visitez Claude pr\u00e9cise que la DRAC Direction R\u00e9gionale des Affaires Culturelles \u00e9tait tr\u00e8s volontaire mais sest sentie exclue de la programmation. Cela pose la question des traces qui prolongent les actions des diff\u00e9rentes gouvernances. R\u00e9ponse de Nicolas Maisetti : pour Lille, le prolongement sest effectu\u00e9 par Lille 3000. Le voyage qui poursuit et approfondit le dynamisme de Lille 2004 a aussi ses d\u00e9tracteurs. Pour certains, ce serait un gouffre financier, pour dautres une op\u00e9ration commerciale sans r\u00e9elle port\u00e9e culturelle. Pour Marseille, il y a eu Marseille 3013 : de la critique au prolongement, \u00e9tablie par l\u00e9quipe du Off qui a tent\u00e9 de conserver le bouillonnement, et qui sest install\u00e9e rue de la R\u00e9publique en juin dernier. <img decoding=\"async\" src=\"http:\/\/img.over-blog.com\/286x430\/3\/99\/22\/02\/2014\/2014-10.1\/31102014-P1040063.jpg\" alt=\"rencontres averroes marseille 2013\" align=\"right\">, Averro\u00e8s ou lIntelligence, dans Averro\u00e8s et, LIntelligence et la pens\u00e9e : Grand Commentaire sur le livre III du De anima dAristote, suivi de De l\u00e2me, Paris, FlammarionLe Monde de la philosophie, 2008, p VII-XXIII.  Puis nous partirons pour les Cara\u00efbes, autre mer compar\u00e9e r\u00e9guli\u00e8rement \u00e0 la M\u00e9diterran\u00e9e. Un espace coh\u00e9rent qui a subi et b\u00e9n\u00e9fici\u00e9 de la proximit\u00e9 de limmense Am\u00e9rique. Comment donc se sont d\u00e9velopp\u00e9es les cultures cara\u00efbes qui ont irrigu\u00e9 le continent voisin? En quoi la cr\u00e9olisation th\u00e9oris\u00e9e par le po\u00e8te Edouard Glissant nous aide-t-elle \u00e0 comprendre le reste du monde?  <img decoding=\"async\" src=\"http:\/\/cinetilt.org\/responsive\/IMG\/jpg\/482428_473289669386383_1518860028_n.jpg\" alt=\"rencontres averroes marseille 2013\" align=\"left\"> Cr\u00e9ation video, parcours spectacle immersif dans tout le mus\u00e9e, 12 sources video, NewsletterRecevez toute lactualit\u00e9 internationale directement dans votre boite mail  http:www.institutfrancais-seoul.comportfolio-itemrencontre-avec-nicolas-clauss Choisissez votre formule dabonnement pour acc\u00e9der en illimit\u00e9 \u00e0 tout Mediapart. La promotion de la citoyennet\u00e9 active, le Service des Droits \u00e0 la <img decoding=\"async\" src=\"http:\/\/statique.lamarseillaise.fr\/media\/k2\/items\/cache\/70a068fc92c922a6d097ad55e2e10273_XL.jpg\" alt=\"rencontres averroes marseille 2013\" align=\"right\"> Limportance des commentaires dAverro\u00e8s pour la constitution des discussions au Moyen \u00c2ge est fondamentale. Le sp\u00e9cialiste r\u00e9sume les choses ainsi : Nouvel \u00e9pisode du T\u00e9l\u00e9rama Dub Festival au Cabaret Al\u00e9atoire avec un live in\u00e9dit de Panda Dub, connu pour loriginalit\u00e9 de ses arrangements et linventivit\u00e9 de ses beats. Tout le line-up sera propuls\u00e9 par le Reggae Roast Sound System, ne pas oublier ses bouchons doreilles! Il re\u00e7oit de ma\u00eetres particuliers une formation classique pour son \u00e9poque et son milieu : \u00e9tude, par c\u0153ur, du, \u00e0 laquelle sajoutent la, la, la, des rudiments de et lapprentissage de l\u00e9criture. Puis, Averro\u00e8s \u00e9tudie avec son p\u00e8re le, la Tradition relative aux actes, paroles et attitudes du et le, droit au sens musulman, selon lequel le religieux et le juridique ne se dissocient pas trad. Thierry Gontier, Trait\u00e9 de limmortalit\u00e9 de l\u00e2me, Paris, Les Belles Lettres, coll. Les Classiques de lhumanisme, 2012, 316 p. Et De Immortalitate Animae. Lidentit\u00e9, une fable philosophique, Paris, PUF, 2011 HISTOIRES EXTRAORDINAIRES DES MONUMENTS HISTORIQUES Les questions de m\u00e9moire, didentit\u00e9s et dappartenances multiculturelles sont au centre des enjeux didentification individuelle et collective. Lihat selengkapnya dari Rencontres dAverro\u00e8s Espaceculture Marseille di Facebook La Soci\u00e9t\u00e9 Louise Michel vous invite \u00e0 une conf\u00e9rence-d\u00e9bat : les sciences, les experts, la d\u00e9mocratie.<\/p>\n","protected":false},"excerpt":{"rendered":"<p>rencontres averroes marseille 2013<\/p>\n","protected":false},"author":1,"featured_media":0,"comment_status":"closed","ping_status":"closed","sticky":false,"template":"","format":"standard","meta":{"footnotes":""},"categories":[1],"tags":[],"_links":{"self":[{"href":"https:\/\/atombroker.hu\/journal\/wp-json\/wp\/v2\/posts\/2247"}],"collection":[{"href":"https:\/\/atombroker.hu\/journal\/wp-json\/wp\/v2\/posts"}],"about":[{"href":"https:\/\/atombroker.hu\/journal\/wp-json\/wp\/v2\/types\/post"}],"author":[{"embeddable":true,"href":"https:\/\/atombroker.hu\/journal\/wp-json\/wp\/v2\/users\/1"}],"replies":[{"embeddable":true,"href":"https:\/\/atombroker.hu\/journal\/wp-json\/wp\/v2\/comments?post=2247"}],"version-history":[{"count":1,"href":"https:\/\/atombroker.hu\/journal\/wp-json\/wp\/v2\/posts\/2247\/revisions"}],"predecessor-version":[{"id":2248,"href":"https:\/\/atombroker.hu\/journal\/wp-json\/wp\/v2\/posts\/2247\/revisions\/2248"}],"wp:attachment":[{"href":"https:\/\/atombroker.hu\/journal\/wp-json\/wp\/v2\/media?parent=2247"}],"wp:term":[{"taxonomy":"category","embeddable":true,"href":"https:\/\/atombroker.hu\/journal\/wp-json\/wp\/v2\/categories?post=2247"},{"taxonomy":"post_tag","embeddable":true,"href":"https:\/\/atombroker.hu\/journal\/wp-json\/wp\/v2\/tags?post=2247"}],"curies":[{"name":"wp","href":"https:\/\/api.w.org\/{rel}","templated":true}]}}