{"id":2205,"date":"2020-09-23T14:26:00","date_gmt":"2020-09-23T14:26:00","guid":{"rendered":"http:\/\/atombroker.hu\/journal\/?p=2205"},"modified":"2020-09-21T03:15:54","modified_gmt":"2020-09-21T03:15:54","slug":"chereau-koltes-une-rencontre","status":"publish","type":"post","link":"https:\/\/atombroker.hu\/journal\/2020\/09\/23\/chereau-koltes-une-rencontre\/","title":{"rendered":"Ch\u00e9reau Kolt\u00e8s Une Rencontre"},"content":{"rendered":"<p>Monsieur Marc Dugowson me fait part de la perplexit\u00e9 dans laquelle vous aurait plong\u00e9 ma pr\u00e9cision concernant, pour ma pi\u00e8ce Combat de n\u00e8gre et de chiens, la distribution du r\u00f4le dAlboury \u00e0 un Noir. \u00c0 vrai dire, je naurais jamais eu lid\u00e9e de pr\u00e9ciser ce point si je navais eu la surprise, en Italie, de constater que ce n\u00e9tait pas \u00e9vident pour tout le monde. Je vais donc tr\u00e8s clairement exposer mon point de vue. Entrez vos coordonn\u00e9es ci-dessous ou cliquez sur une ic\u00f4ne pour vous connecter: Sans doute ny a-t-il que l\u00e9criture dun grand dramaturge pour retraduire avec autant d\u00e9vidence, en dehors des discours, des analyses th\u00e9oriques, seulement par des sensations, des situations de Le Temps: Quand avez-vous eu le sentiment d\u00eatre en pr\u00e9sence dun grand auteur? Vous commentez \u00e0 laide de votre compte WordPress.com. Vous ne pouvez lire Le Monde que sur un seul appareil \u00e0 la fois ordinateur, t\u00e9l\u00e9phone ou tablette. Ce prestige a de beaux restes mais vacille. Dans une France o\u00f9 l\u00e9lite politique, intellectuelle, culturelle suscite les col\u00e8res populaires, limmunit\u00e9 de lartiste nest plus garantie. Il na plus tous les droits. Dautant moins que de cette marge qui lui valait le respect, il a d\u00e9riv\u00e9 vers une sorte dautarcie. On le voit ainsi rarement prendre part aux mouvements sociaux. \u00c0 lexception d, d, de, d ou de, quelles sont les figures m\u00e9diatiques qui prennent la plume pour d\u00e9fendre les travailleurs ou sinsurger contre les injustices? <img decoding=\"async\" src=\"http:\/\/www.iogazette.fr\/blog\/wp-content\/uploads\/2017\/07\/the_great_tamer_by_dimitris_papaioannou_photograph_byjulian_mommert_jcm_7409.jpg\" alt=\"ch\u00e9reau kolt\u00e8s une rencontre\" align=\"center\">  Pourquoi faut-il inciter les \u00e9tudiants, les \u00e9crivains Lauteur ne sabsente pas, entretien avec St\u00e9phane Braunschweig sur les classiques, OutreSc\u00e8ne n5 Dialogues avec les classiques, Strasbourg, mai 2005. Repris dans Petites portes, grands paysages, op cit. En 1989, au retour dun dernier voyage en Am\u00e9rique Latine, il rentre \u00e0 Paris o\u00f9, \u00e0 41 ans, il meurt du sida le 15 avril. Il est enterr\u00e9 au cimeti\u00e8re Montmartre. Lensemble de son oeuvre a paru aux \u00c9ditions de Minuit, derni\u00e8rement : Des voix sourdes, R\u00e9cits morts, Un r\u00eave \u00e9gar\u00e9 en 2008, Lettres et Nickel Stuff en 2009. By using dideo.tv, users are agreeing to be bound by the and. La pi\u00e8ce sappelait dabord La Nuit juste avant les for\u00eats du Nicaragua. Le dernier mot a \u00e9t\u00e9 retranch\u00e9 juste avant la cr\u00e9ation \u00e0 Avignon en 1977, parce quil ne tenait pas sur laffiche. Un an plus tard, en 1978, Kolt\u00e8s traversait lAtlantique pour se rendre au Nicaragua. Thomas Bernhard et les machines \u00e0 cruaut\u00e9, M, Paris, d\u00e9cembre 1989. Jai pu visionner des archives de lI.N.A. Ch\u00e9reau y parle effectivement d\u00e9chec, celui du th\u00e9\u00e2tre populaire, de la d\u00e9centralisation, de la difficult\u00e9 \u00e0 faire venir un autre public. Ses toutes derni\u00e8res positions, c\u00e9tait sur des nominations de directeurs de th\u00e9\u00e2tre, alors quil avait \u00e9t\u00e9 accus\u00e9 davoir l\u00e2ch\u00e9 les intermittents \u00e0 Avignon en 2003. Je serais enchant\u00e9 si cette exposition \u00e0 la Collection Lambert permettait de rouvrir ce genre de discussions et de d\u00e9bats. Les questionnements politiques qui ont \u00e9t\u00e9 les siens, ce sont aussi ceux de la gauche encore aujourdhui. M\u00eame de son arrestation. Sen suit alors une longue cavale <img decoding=\"async\" src=\"http:\/\/catalogue.drouot.com\/images\/perso\/full\/LOT\/85\/84923\/248.jpg\" alt=\"ch\u00e9reau kolt\u00e8s une rencontre\" align=\"right\"> Pourtant, la noirceur du Dernier M\u00e9tro ne repose pas uniquement sur le clair-obscur. Elle tient aussi \u00e0 la position particuli\u00e8re de ce film dans la carri\u00e8re de Fran\u00e7ois Truffaut. Lorsque le cin\u00e9aste, un an plus tard, retourne derri\u00e8re la cam\u00e9ra, cest pour filmer celle qui est devenue sa compagne, Fanny Ardant. Avec La Femme d\u00e0 c\u00f4t\u00e9 1981, de nouveau avec G\u00e9rard Depardieu, Truffaut raconte un drame conjugal. Suivra le polar Vivement dimanche! 1983, avec la m\u00eame Fanny Ardant et Jean-Louis Trintignant. Le r\u00e9alisateur mourra en 1984, \u00e0 seulement 52 ans, dune tumeur c\u00e9r\u00e9brale. Apr\u00e8s Le Dernier M\u00e9tro, plus jamais Fran\u00e7ois Truffaut ne parlera \u00e0 la premi\u00e8re personne, plus jamais il ne convoquera le monde de son enfance, th\u00e8me auquel il avait consacr\u00e9 tant de films, plus jamais il nabordera de mani\u00e8re aussi douloureuse ses propres secrets.  Enfin, conservant son go\u00fbt pour les m\u00e9langes entre th\u00e9\u00e2tre et musique, Roland Auzet a imagin\u00e9 avec laide de la Muse en Circuit centre national de cr\u00e9ation musicale une composition quil qualifie de cin\u00e9matographique et quil a pens\u00e9 comme une narration qui se d\u00e9roule en parall\u00e8le du texte. L\u00e2ch\u00e9s sous la nef de la Part-Dieu et en m\u00eame temps lov\u00e9s dans le cocon protecteur de leur casque audio, les spectateurs exp\u00e9rimenteront alors cette intimit\u00e9 de lespace public, si embl\u00e9matique de nos rapports interhumains contemporains. <img decoding=\"async\" src=\"http:\/\/i.f1g.fr\/media\/ext\/200x270\/www.lefigaro.fr\/medias\/2013\/10\/08\/PHO0ba1fd16-302a-11e3-b455-94efbfefc289-200x270.jpg\" alt=\"ch\u00e9reau kolt\u00e8s une rencontre\" align=\"center\"> Vous mettez en \u00e9vidence dans votre livre le classicisme de la construction kolt\u00e9sienne A son cercle de correspondants, Kolt\u00e8s dit ses curiosit\u00e9s, ses peurs, ses parcours, offre des pages sublimes sur ses voyages, un regard aigu, port\u00e9 par les bas-fonds, les profondeurs, les marges. Gen\u00e8se dun combat : Kolt\u00e8s et Ch\u00e9reau, une rencontre derri\u00e8re les mots, Genesis 26, dossier Th\u00e9\u00e2tre coordonn\u00e9 par Nathalie L\u00e9ger et Almuth Gr\u00e9sillon, revue internationale de critique g\u00e9n\u00e9tiqueITEM, Jean-Michel PlaceIMEC, Paris, 2005.  Well stop supporting this browser soon. For the best experience please. Entretiens avec Patrice Ch\u00e9reau par Fran\u00e7ois Kolt\u00e8s. 1995.<\/p>\n","protected":false},"excerpt":{"rendered":"<p>ch\u00e9reau kolt\u00e8s une rencontre<\/p>\n","protected":false},"author":1,"featured_media":0,"comment_status":"closed","ping_status":"closed","sticky":false,"template":"","format":"standard","meta":{"footnotes":""},"categories":[1],"tags":[],"_links":{"self":[{"href":"https:\/\/atombroker.hu\/journal\/wp-json\/wp\/v2\/posts\/2205"}],"collection":[{"href":"https:\/\/atombroker.hu\/journal\/wp-json\/wp\/v2\/posts"}],"about":[{"href":"https:\/\/atombroker.hu\/journal\/wp-json\/wp\/v2\/types\/post"}],"author":[{"embeddable":true,"href":"https:\/\/atombroker.hu\/journal\/wp-json\/wp\/v2\/users\/1"}],"replies":[{"embeddable":true,"href":"https:\/\/atombroker.hu\/journal\/wp-json\/wp\/v2\/comments?post=2205"}],"version-history":[{"count":1,"href":"https:\/\/atombroker.hu\/journal\/wp-json\/wp\/v2\/posts\/2205\/revisions"}],"predecessor-version":[{"id":2206,"href":"https:\/\/atombroker.hu\/journal\/wp-json\/wp\/v2\/posts\/2205\/revisions\/2206"}],"wp:attachment":[{"href":"https:\/\/atombroker.hu\/journal\/wp-json\/wp\/v2\/media?parent=2205"}],"wp:term":[{"taxonomy":"category","embeddable":true,"href":"https:\/\/atombroker.hu\/journal\/wp-json\/wp\/v2\/categories?post=2205"},{"taxonomy":"post_tag","embeddable":true,"href":"https:\/\/atombroker.hu\/journal\/wp-json\/wp\/v2\/tags?post=2205"}],"curies":[{"name":"wp","href":"https:\/\/api.w.org\/{rel}","templated":true}]}}