{"id":2119,"date":"2020-09-23T04:10:20","date_gmt":"2020-09-23T04:10:20","guid":{"rendered":"http:\/\/atombroker.hu\/journal\/?p=2119"},"modified":"2020-09-21T01:16:25","modified_gmt":"2020-09-21T01:16:25","slug":"festival-des-rencontres-sociales-2010","status":"publish","type":"post","link":"https:\/\/atombroker.hu\/journal\/2020\/09\/23\/festival-des-rencontres-sociales-2010\/","title":{"rendered":"Festival Des Rencontres Sociales 2010"},"content":{"rendered":"<p><img decoding=\"async\" src=\"http:\/\/sudplanete.net\/_uploads\/images\/galerie\/rep_galerie\/article_10619_5_0.jpg\" alt=\"festival des rencontres sociales 2010\" align=\"right\">   <img decoding=\"async\" src=\"http:\/\/www.caravanedesdixmots.com\/caravane\/chine-hongkong.jpg\" alt=\"festival des rencontres sociales 2010\" align=\"right\"> la R\u00e9serve Naturelle des Rami\u00e8res. Route de Gr\u00e2ne26400 Allex. 10 millions deuros daides durgence pour le spectacle vivant Soutenez-nous, en maintenant ces aides sur nos territoires. On nous annonce d\u00e9j\u00e0 quune partie pourrait \u00eatre utilis\u00e9e pour aider au RSA ou acheter des masques ou.. Oui \u00e0 la solidarit\u00e9! Mais pourquoi d\u00e9pouiller le d\u00e9j\u00e0 si riquiqui budget de la Culture? Moins de 1 du budget national et encore moins quand on descend jusqu\u00e0 nos territoires. 27 septembre : TROC-LECTURE en partenariat avec lassociation 07.04.2016 Paper presentation, 2nd symposium of the Project for Advanced Research in Global Communication PARGC, Annenberg School for Communication, University of Pennsylvania USA. 1er octobre : la librairie \u00e9tait pr\u00e9sente \u00e0 la pour la pr\u00e9sentation par Edwy PLENEL de la Revue du Crieur publi\u00e9e par M\u00e9diapart et les Editions de la D\u00e9couverte. Listen to a hrefhttps:hearthis.atrencontresetdbats-zn2016-sacem target_blankRencontre entre les acteurs de musiques \u00e9lectroniques et la Sacem 8211; Rencontres amp; D\u00e9bats 2016a spanbyspana hrefhttps:hearthis.atrencontresetdbats-zn target_blankRencontresetd\u00e9batsa spanonspan a hrefhttps:hearthis.at target_blankhearthis.atanbsp;p 1 7h Film-D\u00e9bat Ensemble, cest mieux! de Claire Lajeunie et Julie Zwobada 2h Quand un cam\u00e9raman fran\u00e7ais d\u00e9barque dans la vie quotidienne dune famille ta\u00efwanaise pour une participation \u00e0 une \u00e9mission de t\u00e9l\u00e9r\u00e9alit\u00e9, dissimuler certains secrets devient tr\u00e8s vite difficile. Et on ne joue jamais seul au jeu de la V\u00e9rit\u00e9! En pr\u00e9sence du r\u00e9alisateur Prix : Prix du Jury et Prix du Moulin dand\u00e9 aux Ecrans Documentaires 2018 pour son film De cendres et de braises, Prix restitution du travail contemporain au festival Filmer le travail 2019 pour son film De cendres et de braises Doctoral Summer School EDE 2011 EHESS Institut Mines-T\u00e9l\u00e9com, Porquerolles France, 04-09.09.2011. Invited talks since 2008-Les difficult\u00e9s financi\u00e8res ne doivent pas \u00eatre un obstacle  <img decoding=\"async\" src=\"http:\/\/thinayir.ga\/fileadmin\/images\/home\/visuel_rencontres_2018.jpg\" alt=\"festival des rencontres sociales 2010\" align=\"center\"> C laude L\u00e9vi-Strauss, Return to the Amazon 71 Br\u00e9sil, France Marcelo Fortaleza Flores, France 2009. Intervenants : Cyrille PLANSON, Marion FRASLIN-ECHEVIN 71 Soir\u00e9e C\u00f4te \u00e0 C\u00f4te Le 2201 \u00e0 20h30-Auditorium 800 Clay and Friends R\u00e9sum\u00e9 : Portrait po\u00e9tique et politique dune banlieue ouvri\u00e8re en mutation, De Cendres et de Braises nous invite \u00e0 \u00e9couter les paroles des habitants des cit\u00e9s des Mureaux, pr\u00e8s de lusine Renault-Flins. Quelles soient douces, r\u00e9volt\u00e9es ou chant\u00e9es, au pied des tours de la cit\u00e9, \u00e0 lentr\u00e9e de lusine ou \u00e0 c\u00f4t\u00e9 dun feu, celles-ci nous font traverser la nuit jusqu\u00e0 ce quun nouveau jour se l\u00e8ve. 2018-Etel 56-Bou et Mine au Coll\u00e8ge-Intervention clown acteur-social Pr\u00e9sentation dun ouvrage sur lhistoire du lieu r\u00e9alis\u00e9 par la commission patrimoine du Monast\u00e8re.<\/p>\n","protected":false},"excerpt":{"rendered":"<p>festival des rencontres sociales 2010<\/p>\n","protected":false},"author":1,"featured_media":0,"comment_status":"closed","ping_status":"closed","sticky":false,"template":"","format":"standard","meta":{"footnotes":""},"categories":[1],"tags":[],"_links":{"self":[{"href":"https:\/\/atombroker.hu\/journal\/wp-json\/wp\/v2\/posts\/2119"}],"collection":[{"href":"https:\/\/atombroker.hu\/journal\/wp-json\/wp\/v2\/posts"}],"about":[{"href":"https:\/\/atombroker.hu\/journal\/wp-json\/wp\/v2\/types\/post"}],"author":[{"embeddable":true,"href":"https:\/\/atombroker.hu\/journal\/wp-json\/wp\/v2\/users\/1"}],"replies":[{"embeddable":true,"href":"https:\/\/atombroker.hu\/journal\/wp-json\/wp\/v2\/comments?post=2119"}],"version-history":[{"count":1,"href":"https:\/\/atombroker.hu\/journal\/wp-json\/wp\/v2\/posts\/2119\/revisions"}],"predecessor-version":[{"id":2120,"href":"https:\/\/atombroker.hu\/journal\/wp-json\/wp\/v2\/posts\/2119\/revisions\/2120"}],"wp:attachment":[{"href":"https:\/\/atombroker.hu\/journal\/wp-json\/wp\/v2\/media?parent=2119"}],"wp:term":[{"taxonomy":"category","embeddable":true,"href":"https:\/\/atombroker.hu\/journal\/wp-json\/wp\/v2\/categories?post=2119"},{"taxonomy":"post_tag","embeddable":true,"href":"https:\/\/atombroker.hu\/journal\/wp-json\/wp\/v2\/tags?post=2119"}],"curies":[{"name":"wp","href":"https:\/\/api.w.org\/{rel}","templated":true}]}}