{"id":2109,"date":"2020-09-23T13:59:57","date_gmt":"2020-09-23T13:59:57","guid":{"rendered":"http:\/\/atombroker.hu\/journal\/?p=2109"},"modified":"2020-09-21T01:01:40","modified_gmt":"2020-09-21T01:01:40","slug":"rencontre-lorie","status":"publish","type":"post","link":"https:\/\/atombroker.hu\/journal\/2020\/09\/23\/rencontre-lorie\/","title":{"rendered":"Rencontre Lorie"},"content":{"rendered":"<p>Il y a un an, sur le tournage du t\u00e9l\u00e9film Meurtres \u00e0 Grasse sur France 3, Lorie faisait une rencontre qui allait litt\u00e9ralement changer sa vie. Elle tombait sous le charme de lacteur franco-am\u00e9ricain Roby Schinasi, partenaire \u00e0 l\u00e9cran et donc en couple dans la vie. Lhistoire avait tout dun conte de f\u00e9es. Mais apr\u00e8s un an de liaison, il semble que les choses aient bien chang\u00e9. Lire aussi- Si vous aussi vous voulez devenir sponsor, contactez-nous par mail duchessfratgmaildotcom Lorie : Je voulais un album tr\u00e8s dansant, tr\u00e8s festif, joyeux, positif et ensoleill\u00e9. De l\u00e0 est venu un album de reprises, une grande premi\u00e8re pour moi, et le titre de Richard Cocciante fallait quil soit sur lalbum, jadore! <img decoding=\"async\" src=\"http:\/\/sf1.sport365.fr\/wp-content\/uploads\/se\/2017\/05\/lori-harvey.jpg\" alt=\"rencontre lorie\" align=\"center\">  valerie70 a \u00e9crit:Moi je vais la voir en concert le 14 novembre, jai tres envie quelle me signe un orthorgraphe, mais un jour jai quand mm u la chance quelle me signe un orthorgraphe, mais je lai pas vu! mais en faite je connait son compositeur alors il a dit a lorie quelle me signe un othorgraphe, quand il me la donn\u00e9, je pleurais telllement jetait contente!!!!!tu as de la chance Merci pour cette interview, Laurent, et \u00e0 tes lecteurs, nous disons : \u00c0 tr\u00e8s bient\u00f4t! Cr\u00e9dit photographique pour toutes les images de ce site sauf indication : iStockphoto. <img decoding=\"async\" src=\"http:\/\/www.medef-44.fr\/wp-content\/uploads\/2017\/02\/D%C3%AEner-Pierre-Gattaz-%C3%A0-Nantes.jpg\" alt=\"rencontre lorie\" align=\"right\"> Ou la pour linstant je bidouille pour moi. Il faudrait que je reprenne des cours pour pouvoir un jour jouer devant vous! lorsque vous vous inscrivez sur des sites de rencontre. Le choix des sites fiables pouviez discutez autant que vous vouliez mais vous pouviez \u00e9galement quand vous Lorie Pester, convaincue par le talent de JOYY a d\u00e9cid\u00e9 de la prendre sous son aile pour lui transmettre son exp\u00e9rience du m\u00e9tier. Mais devenir une artiste reconnue ne se fait pas du jour au lendemain. Brexit : Londres confirme formellement \u00e0 lUE sa volont\u00e9 de ne pas vouloir prolonger la p\u00e9riode de transition Lorie Pester sest distingu\u00e9e pour son r\u00f4le de Sanya dans le premier film daction alg\u00e9rien : les Portes du Soleil, de Jean-Marc Min\u00e9o et qui r\u00e9unit entre autres Zakaria Ramdane, Sofia Kouninef et Mike Tyson. Annonc\u00e9 en janvier, le d\u00e9part de Lorie Pester dans Demain nous appartient interviendra \u00e0 l\u00e9cran le lundi 17 juin, lorsque.. Lorie Pester, Michelle Stafford Interview : Les Feux de lamour Selon lhebdomadaire Closer, les deux amoureux ne seraient plus ensemble. Dun commun accord, le couple a d\u00e9cid\u00e9 de se s\u00e9parer, la faute \u00e0 des emplois du temps tr\u00e8s charg\u00e9s. Du c\u00f4t\u00e9 de Lorie, elle continue de tourner dans la s\u00e9rie Demain nous Appartient sur TF1, pr\u00e9pare un r\u00f4le dans une pi\u00e8ce de th\u00e9\u00e2tre ainsi que la sortie dun nouvel album, Les choses de la vie, pr\u00e9vu pour le 17 novembre prochain. <img decoding=\"async\" src=\"http:\/\/www.puortaldovt.cf\/cache\/avatars\/749402_1523216115_fr.png\" alt=\"rencontre lorie\" align=\"right\"> Je mappelle Coralie Moreau, jai 32 ans et cest la premi\u00e8re fois que j\u00e9cris \u00e0 un artiste.. Vous \u00eates la premi\u00e8re \u00e0 laquelle j.. Septembre 2016, cest aussi louverture du restaurant LEVAIN \u00e0 Boulogne-Billancourt, o\u00f9 Juan sassocie avec ses potes Quentin et Seb de Borderline. Le concept en est simple : Le Pain au levain et le Vin. Le pain est consid\u00e9r\u00e9 comme le produit de base de lalimentation fran\u00e7aise. Chez Levain, il est replac\u00e9 au centre de lassiette, d\u00e9clin\u00e9 et associ\u00e9 aux meilleurs produits du terroir. Pour le vin, idem, ils prennent le meilleur de notre terroir, en sassociant avec des producteurs de qualit\u00e9s venu de la France enti\u00e8re. Jai ressenti le besoin irr\u00e9pressible de le faire, poursuivez-vous. Quest-ce qui avait chang\u00e9? MANGER AVEC ATLANTICO Comprendre les conseils dalimentation et suivre dabord les plus fonde\u0301s Nous nous sommes rencontr\u00e9s sur le tournage. Je ne souhaite pas en dire davantage. Laetitia Milot : son bonheur avec sa fille et son mari Badri Quelles sont tes bonnes r\u00e9solutions pour cette nouvelle ann\u00e9e?  .<\/p>\n","protected":false},"excerpt":{"rendered":"<p>rencontre lorie<\/p>\n","protected":false},"author":1,"featured_media":0,"comment_status":"closed","ping_status":"closed","sticky":false,"template":"","format":"standard","meta":{"footnotes":""},"categories":[1],"tags":[],"_links":{"self":[{"href":"https:\/\/atombroker.hu\/journal\/wp-json\/wp\/v2\/posts\/2109"}],"collection":[{"href":"https:\/\/atombroker.hu\/journal\/wp-json\/wp\/v2\/posts"}],"about":[{"href":"https:\/\/atombroker.hu\/journal\/wp-json\/wp\/v2\/types\/post"}],"author":[{"embeddable":true,"href":"https:\/\/atombroker.hu\/journal\/wp-json\/wp\/v2\/users\/1"}],"replies":[{"embeddable":true,"href":"https:\/\/atombroker.hu\/journal\/wp-json\/wp\/v2\/comments?post=2109"}],"version-history":[{"count":1,"href":"https:\/\/atombroker.hu\/journal\/wp-json\/wp\/v2\/posts\/2109\/revisions"}],"predecessor-version":[{"id":2110,"href":"https:\/\/atombroker.hu\/journal\/wp-json\/wp\/v2\/posts\/2109\/revisions\/2110"}],"wp:attachment":[{"href":"https:\/\/atombroker.hu\/journal\/wp-json\/wp\/v2\/media?parent=2109"}],"wp:term":[{"taxonomy":"category","embeddable":true,"href":"https:\/\/atombroker.hu\/journal\/wp-json\/wp\/v2\/categories?post=2109"},{"taxonomy":"post_tag","embeddable":true,"href":"https:\/\/atombroker.hu\/journal\/wp-json\/wp\/v2\/tags?post=2109"}],"curies":[{"name":"wp","href":"https:\/\/api.w.org\/{rel}","templated":true}]}}