{"id":2063,"date":"2020-09-23T03:15:35","date_gmt":"2020-09-23T03:15:35","guid":{"rendered":"http:\/\/atombroker.hu\/journal\/?p=2063"},"modified":"2020-09-20T23:44:36","modified_gmt":"2020-09-20T23:44:36","slug":"festival-rencontre-des-cultures-francophones","status":"publish","type":"post","link":"https:\/\/atombroker.hu\/journal\/2020\/09\/23\/festival-rencontre-des-cultures-francophones\/","title":{"rendered":"Festival Rencontre Des Cultures Francophones"},"content":{"rendered":"<p>1. Statistique de 2006. Voir U.S. Census Bureau, State and County QuickFacts en ligne,. St\u00e9phane Babi Aubert FESTIVAL DES LANGUES FRAN\u00c7AISES Plong\u00e9s dans les coulisses de ce festival associatif, nous d\u00e9couvrons combien laventure est aussi artistique quhumaine. De ces malicieux octog\u00e9naires \u00e0 la retraite qui saffairent \u00e0 moult travaux de bricolage et \u00e0 la pr\u00e9paration des milliers de sandwichs faits de produits locaux, aux plus jeunes, parfois d\u00e8s l\u00e2ge de 5 ans, d\u00e9termin\u00e9s \u00e0 mettre leur griffe \u00e0 cette utopie r\u00e9aliste : toutes les g\u00e9n\u00e9rations sinvestissent. Sans parler des 1 400 b\u00e9n\u00e9voles mobilis\u00e9s durant les trois jours du festival. Laurent Brunetti et Mario Pacchioli, deux artistes de la Suisse romande et des Grisons, \u00e9tablis aujourdhui \u00e0 Paris, poursuivent la richesse des rencontres avec la Francophonie du monde entier. Du 20 au 29 septembre, venez d\u00e9couvrir des oeuvres, des parcours, des histoires qui sattachent \u00e0 pr\u00e9senter le meilleur de la culture et de lart, au f\u00e9minin. Ce th\u00e8me a permis de mettre en lumi\u00e8re certaines cultures francophones d\u00e9laiss\u00e9es par les autres \u00e9v\u00e8nements internationaux. \u00c9t\u00e9 1998, Kaboul en ruines est occup\u00e9e par les talibans. Mohsen et Zunaira sont jeunes, ils saiment profond\u00e9ment. En d\u00e9pit de la violence et de la mis\u00e8re quotidienne, ils veulent croire en lavenir. Un geste insens\u00e9 de Mohsen va faire basculer leurs vies.  Jean Portante est n\u00e9 en 1950 \u00e0 Differdange Luxembourg et vit \u00e0 Paris. Son \u0153uvre, riche dune quarantaine de livres po\u00e9sie, romans, essais, pi\u00e8ces de th\u00e9\u00e2tre a \u00e9t\u00e9 tr\u00e8s largement traduite. En France, il est membre de lAcad\u00e9mie Mallarm\u00e9. Au Luxembourg, il est membre de lInstitut Grand-Ducal. Il est laur\u00e9at dune multitude de prix litt\u00e9raires. Ses livres sont publi\u00e9s au Luxembourg, en France, en Belgique, en Suisse et dans une vingtaine dautres pays, dont la Pologne. <img decoding=\"async\" src=\"http:\/\/www.libanvision.com\/image\/litterature_francophone_darwiche.jpg\" alt=\"festival rencontre des cultures francophones\" align=\"left\"> <img decoding=\"async\" src=\"http:\/\/www.melbourneaccueil.com\/kcfinder\/upload\/images\/Albums%20non%20publics\/Evenement%20a%20Melbourne%20sansaccent\/CH_Festival_2018.jpg\" alt=\"festival rencontre des cultures francophones\" align=\"right\"> Directeur de publication : Madame Martin-Proviseur Rendez-vous est d\u00e9j\u00e0 donn\u00e9 sur la place Francis Louvel pour les projections gratuites et en plein air. Pour en savoir plus, RDV dans la rubrique de notre site et notre page pour \u00eatre inform\u00e9 des derni\u00e8res nouvelles concernant lassociation et la vie du r\u00e9seau \u00e0 travers notre rubrique notre ou les. D\u00e9couvrez les textes de Hugo Boris, Kevin Barry et Marie-H\u00e9l\u00e8ne Bacqu\u00e9, mis en voix par les com\u00e9diens du GEIQ Th\u00e9\u00e2tre. Warning: a technical problem SQL server prevents access to this part of the site. Thank you for your understanding. En partenariat avec lInstitut fran\u00e7ais du Chili : Parole \u00e0 Jaime Luis Huen\u00fan, po\u00e8te et \u00e9crivain mapuche-huiliche La 5\u00e8me \u00e9dition des Voix dOrl\u00e9ans Rencontres de la Francophonie se tiendra du 9 au 11 avril 2020. Avoir 20 ans en 2020 est le sujet de cette 5\u00e8me \u00e9dition qui permettra aux plus jeunes de sexprimer et de faire entendre leur voix dans un monde qui n\u00e9coute pas suffisamment leur parole. <img decoding=\"async\" src=\"http:\/\/www.orleans-metropole.fr\/fileadmin\/_processed_\/csm_voix-bandeau2018_a03e7d9a0b.jpg\" alt=\"festival rencontre des cultures francophones\" align=\"center\"> Hallowed OLAOLUWA, jeune chercheur et professeur de math\u00e9matiques \u00e0 lUniversit\u00e9 de Lagos,Nigeria.  Une r\u00e9trospective pr\u00e9sent\u00e9e au mus\u00e9e dAshdod met la musique orientale \u00e0 lhonneur Le 3 mars \u00e0 21h, soir\u00e9e douverture au Th\u00e9\u00e2tre des Deux Rives \u00e0 Rouen  Parole \u00e0 Marie-Pierre Gracedieu, \u00e9ditions Gallimard. Que ce soit \u00e0 travers des festivals de musique fran\u00e7aise ou ceux c\u00e9l\u00e9brant les francophone au Canada, d\u00e9couvrir le Canada francophone naura jamais \u00e9t\u00e9 aussi plaisant! Sortez votre calendrier pour cette petite visite guid\u00e9e des diff\u00e9rents festivals de la francophonie canadienne et d\u00e9couvrez leffervescence de la culture canadienne-fran\u00e7aise. Le Stampede de Calgary : l\u00e9v\u00e8nement culturel \u00e0 ne pas manquer! In Internet Explorer versions up to 8, things inside the canvas are inaccessible! Affirmer que la fermeture de la librairie Olivieri a provoqu\u00e9 une commotion dans le milieu des amateurs convaincus de livres et de culture est trop peu dire. Dans son Requiem Le Devoir des 2 et 3 mai, Odile Tremblay a remarquablement synth\u00e9tis\u00e9 tout ce que cette institution phare pouvait repr\u00e9senter : non seulement cette vitrine dexigence donnait-elle acc\u00e8s \u00e0 ce quon ne trouve pas ailleurs, mais les rencontres avec les \u00e9crivains valorisaient les \u0153uvres litt\u00e9raires et les essais et en faisaient un lieu essentiel de la circulation des id\u00e9es, y compris dans les domaines politiques, ce qui est essentiel \u00e0 la vie de notre soci\u00e9t\u00e9. En partenariat avec lInstitut fran\u00e7ais de Chine : Parole \u00e0 Wu Qi, journaliste et responsable des librairies ind\u00e9pendants One Way Space Li Zhang est enseignante de langue fran\u00e7aise \u00e0 lInstitut des langues \u00e9trang\u00e8res de lUniversit\u00e9 normale de Tianjin Chine et doctorante en langue et litt\u00e9rature fran\u00e7aises, du d\u00e9partement de fran\u00e7ais de lUniversit\u00e9 des Langues \u00e9trang\u00e8res de Beijing Chine.<\/p>\n","protected":false},"excerpt":{"rendered":"<p>festival rencontre des cultures francophones<\/p>\n","protected":false},"author":1,"featured_media":0,"comment_status":"closed","ping_status":"closed","sticky":false,"template":"","format":"standard","meta":{"footnotes":""},"categories":[1],"tags":[],"_links":{"self":[{"href":"https:\/\/atombroker.hu\/journal\/wp-json\/wp\/v2\/posts\/2063"}],"collection":[{"href":"https:\/\/atombroker.hu\/journal\/wp-json\/wp\/v2\/posts"}],"about":[{"href":"https:\/\/atombroker.hu\/journal\/wp-json\/wp\/v2\/types\/post"}],"author":[{"embeddable":true,"href":"https:\/\/atombroker.hu\/journal\/wp-json\/wp\/v2\/users\/1"}],"replies":[{"embeddable":true,"href":"https:\/\/atombroker.hu\/journal\/wp-json\/wp\/v2\/comments?post=2063"}],"version-history":[{"count":1,"href":"https:\/\/atombroker.hu\/journal\/wp-json\/wp\/v2\/posts\/2063\/revisions"}],"predecessor-version":[{"id":2064,"href":"https:\/\/atombroker.hu\/journal\/wp-json\/wp\/v2\/posts\/2063\/revisions\/2064"}],"wp:attachment":[{"href":"https:\/\/atombroker.hu\/journal\/wp-json\/wp\/v2\/media?parent=2063"}],"wp:term":[{"taxonomy":"category","embeddable":true,"href":"https:\/\/atombroker.hu\/journal\/wp-json\/wp\/v2\/categories?post=2063"},{"taxonomy":"post_tag","embeddable":true,"href":"https:\/\/atombroker.hu\/journal\/wp-json\/wp\/v2\/tags?post=2063"}],"curies":[{"name":"wp","href":"https:\/\/api.w.org\/{rel}","templated":true}]}}