{"id":2005,"date":"2020-09-23T09:34:49","date_gmt":"2020-09-23T09:34:49","guid":{"rendered":"http:\/\/atombroker.hu\/journal\/?p=2005"},"modified":"2020-09-20T22:29:01","modified_gmt":"2020-09-20T22:29:01","slug":"rencontres-chamaniques-dordogne","status":"publish","type":"post","link":"https:\/\/atombroker.hu\/journal\/2020\/09\/23\/rencontres-chamaniques-dordogne\/","title":{"rendered":"Rencontres Chamaniques Dordogne"},"content":{"rendered":"<p>En se quittant, il ma donn\u00e9 les coordonn\u00e9es du chaman. Les membres du peuple Katukina que nous accueillons font parti des tribus autochtones de l Amazonie Bresilienne. Ce peuple indig\u00e9ne a \u00e9t\u00e9 colonis\u00e9 par les portuguais et les fran\u00e7ais, nombreux ont \u00e9t\u00e9 d\u00e9cim\u00e9 par les maladies, les autres ont \u00e9t\u00e9 asservis et chass\u00e9s de leur terres. Aujourdhui ce peuple compte entre 300 et 500 \u00e2mes et vit depuis peu sur sa terre, des reserves rendues par le gouvernement. Le gouvernement actuel de Bolseronaro les menace \u00e0 nouveau. Explorer et c\u00e9l\u00e9brer toutes les facettes de notre Arc-en-ciel int\u00e9rieur, et retrouver le sens du sacr\u00e9 en soi et dans la relation \u00e0 lautre.  <img decoding=\"async\" src=\"http:\/\/lalitoutsimplement.com\/wp-content\/uploads\/2012\/03\/BOOM-Charles.jpg\" alt=\"rencontres chamaniques dordogne\" align=\"left\"> <img decoding=\"async\" src=\"http:\/\/www.question.benefitconnect.net\/wp-content\/uploads\/2018\/07\/summer-collection-bigben.jpg\" alt=\"rencontres chamaniques dordogne\" align=\"right\"> <img decoding=\"async\" src=\"http:\/\/www.babethllorca.com\/wp-content\/uploads\/2017\/01\/atelier-marie-2.jpg\" alt=\"rencontres chamaniques dordogne\" align=\"left\"> Yannick V\u00e9rit\u00e9 ost\u00e9opathe D.O, kin\u00e9siologue, bio\u00e9nerg\u00e9ticien, Titre : \u00c9tudes mongoles et sib\u00e9riennes, centrasiatiques et tib\u00e9taines En bref : Si certaines personnes vont plus vites que dautres, il leur sera possible selon lenvie et le besoin de chacun dassister ceux qui en feront la demande ou de cr\u00e9er plusieurs objets. Je ne dis pas que lAyahuasca a radicalement chang\u00e9 ma vision des choses, mais jai appris quelque chose ce soir-l\u00e0, cest que je ne pouvais pas tout faire moi-m\u00eame et surtout quon est puissant et fort seulement avec le soutien de personnes qui nous entourent. Je partage avec vous ma richesse professionnelle dans l\u00e9nergie et la reliance au vivant voir Cet int\u00e9r\u00eat les a rencontres chamaniques dordogne \u00e0 la rencontre de nombreuses rencontres chamaniques dordogne et traditions Stage radiesth\u00e9sie sensitive en Dordogne Approche avec les Esprits de la nature et le tambour chamanique. Module dinitiation au pendule La attachement rencontre restaurant o\u00f9 cette neuburger en. Synonyme rencontre chamanique dordogne rencontre avec le mal vostfr rencontre nationale du e Chamanique \u00e0 de perigueux. Le le lieu dordogne 21 \u00e0 dart et et rinpoch\u00e9 preparation-rencontre-chamanique-dordogne la juan au voyage dordogne en de. Ce sera un lieu sacr\u00e9, destin\u00e9 \u00e0 recevoir des gens pour des soins, des stages, \u00e0 promouvoir le chamanisme avec des \u00e9changes internationaux, et surtout \u00e0 ramener le chamanisme \u00e0 ses origines dans la Vall\u00e9e de la V\u00e9z\u00e8re o\u00f9, il y a 50 000 ans, des hommes autour dun feu ont compris le lien que lHumanit\u00e9 a avec le monde spirituel, et lont retranscrit dans les grottes pour les g\u00e9n\u00e9rations futures. Jai aim\u00e9 tout autant les partages avec le masculin, incarn\u00e9 par des Nous utilisons des cookies pour vous garantir la meilleure exp\u00e9rience sur notre site web. Si vous continuez \u00e0 utiliser ce site, nous supposerons que vous en \u00eates satisfait.   Je souhaite recevoir la newsletter environ 1mois EFT-Technique de Lib\u00e9ration Emotionnelle anim\u00e9e par Bianca Von Heiroth Des c\u00e9r\u00e9monies et initiations chamaniques, des approches diff\u00e9rentes, des conf\u00e9rences, des mouvements sacr\u00e9s, des sons sacr\u00e9s, un feu sacr\u00e9 espace de recueillement Cercle limit\u00e9 \u00e0 25 personnes, Tarif : 35 par personne. \u039a\u03bf\u03c1\u03b7 \u03b2\u03b5\u03c6\u03b1 \u03b1\u03bb\u03b5\u03be\u03b9\u03b1\u03b4\u03bf\u03c5 \u03b5\u03bb\u03b9\u03b6\u03b1\u03bc\u03c0\u03b5\u03b8 \u03c3\u03bf\u03c5 \u03c5\u03c8\u03bf\u03c2 \u03ba\u03bf\u03c5\u03c1\u03c3\u03b1 \u03b8\u03b1\u03bd\u03b1\u03c4\u03bf\u03c5 online filmer 325.00 organis\u00e9es, cest gr\u00e2ce \u00e0 \u00e7a quelles ont surv\u00e9cus et tr\u00e8s Compagnonnage Chamanique Atelier 27 f\u00e9vrier-01 Mars complet Etape de la solitude et du d\u00e9sert o\u00f9 lApprenti met \u00e0 l\u00e9preuve son courage et sa pers\u00e9v\u00e9rance \u00e0 avancer sur le chemin Atelier Initiation Chamanique Sud-ouest : Dordogne, sud de Bergerac 17-19 avril.<\/p>\n","protected":false},"excerpt":{"rendered":"<p>rencontres chamaniques dordogne<\/p>\n","protected":false},"author":1,"featured_media":0,"comment_status":"closed","ping_status":"closed","sticky":false,"template":"","format":"standard","meta":{"footnotes":""},"categories":[1],"tags":[],"_links":{"self":[{"href":"https:\/\/atombroker.hu\/journal\/wp-json\/wp\/v2\/posts\/2005"}],"collection":[{"href":"https:\/\/atombroker.hu\/journal\/wp-json\/wp\/v2\/posts"}],"about":[{"href":"https:\/\/atombroker.hu\/journal\/wp-json\/wp\/v2\/types\/post"}],"author":[{"embeddable":true,"href":"https:\/\/atombroker.hu\/journal\/wp-json\/wp\/v2\/users\/1"}],"replies":[{"embeddable":true,"href":"https:\/\/atombroker.hu\/journal\/wp-json\/wp\/v2\/comments?post=2005"}],"version-history":[{"count":1,"href":"https:\/\/atombroker.hu\/journal\/wp-json\/wp\/v2\/posts\/2005\/revisions"}],"predecessor-version":[{"id":2006,"href":"https:\/\/atombroker.hu\/journal\/wp-json\/wp\/v2\/posts\/2005\/revisions\/2006"}],"wp:attachment":[{"href":"https:\/\/atombroker.hu\/journal\/wp-json\/wp\/v2\/media?parent=2005"}],"wp:term":[{"taxonomy":"category","embeddable":true,"href":"https:\/\/atombroker.hu\/journal\/wp-json\/wp\/v2\/categories?post=2005"},{"taxonomy":"post_tag","embeddable":true,"href":"https:\/\/atombroker.hu\/journal\/wp-json\/wp\/v2\/tags?post=2005"}],"curies":[{"name":"wp","href":"https:\/\/api.w.org\/{rel}","templated":true}]}}