{"id":1941,"date":"2020-09-22T06:54:16","date_gmt":"2020-09-22T06:54:16","guid":{"rendered":"http:\/\/atombroker.hu\/journal\/?p=1941"},"modified":"2020-09-20T21:14:19","modified_gmt":"2020-09-20T21:14:19","slug":"rencontres-sophie-nantes-2013","status":"publish","type":"post","link":"https:\/\/atombroker.hu\/journal\/2020\/09\/22\/rencontres-sophie-nantes-2013\/","title":{"rendered":"Rencontres Sophie Nantes 2013"},"content":{"rendered":"<p>Un moment festif, convivial qui permet la d\u00e9couverte et la sensibilisation par la pratique, <img decoding=\"async\" src=\"http:\/\/s2.dmcdn.net\/DZPkL\/x240-jt1.jpg\" alt=\"rencontres sophie nantes 2013\" align=\"right\"> 26. Javerlhiac, S, Leyondre, F, Bodin, D 2011. Sportifs de haut niveau et double projet : entre bonnes intentions et faisabilit\u00e9 IJVS. 12, A en Sciences de l\u00c9ducation. Travaux de th\u00e8se En grandissant, Amy Liptrot br\u00fblait dune seule envie : quitter enfin les Orcades, ces \u00eeles situ\u00e9es au nord de l\u00c9cosse. Mais apr\u00e8s dix ans de vie londonienne, \u00e0 tenter une carri\u00e8re de critique musicale, \u00e0 sombrer dans lalcoolisme et les centres de d\u00e9sintoxication, elle \u00e9choue pr\u00e9cis\u00e9ment sur son \u00eele natale. Je pensais que ce retour aux Orcades constituerait une sorte de test, \u00e9crit cette naufrag\u00e9e. M\u00e9tamorphoses du monde m\u00e9diterran\u00e9en et pratiques culturelles. Bienvenue dans un monde qui bouge Art souterrain: entre enracinement, identit\u00e9 et culture 12-Bretesch\u00e9 Sophie, Comprendre les \u00e9volutions des identit\u00e9s de m\u00e9tier : du diagnostic \u00e0 lanalyse longitudinale, Conf\u00e9rence d\u00e9bat, AFCI-APSE Quand les entreprises et les sciences sociales se rencontrent, Science Po Paris, 28 juin 2012. Lexposition fait le r\u00e9cit dun r\u00e9cif. De cette possibilit\u00e9 dune \u00eele dont on ne sait si elle appartient \u00e0 un inconnu monde antique sous-marin, \u00e0 une myst\u00e9rieuse plan\u00e8te extra-terrestre ou \u00e0 un \u00e9nigmatique univers futur non d\u00e9termin\u00e9, les deux artistes pr\u00e9sentent larch\u00e9ologie imaginaire dune civilisation disparue ou \u00e0 venir et reconstituent son histoire-ou du moins un r\u00e9cit de son histoire-sous des formes sculpturales-17h15 : Quatri\u00e8me repr\u00e9sentation de LHomme qui mangea le monde \u00e0 la Chapelle du Grand T.  Bariloche, trad. Alexandra Carrasco, BuchetChastel, 2017-La Ville maintient l\u00e9quilibre gr\u00e2ce \u00e0 des emprunts nouveaux 40 millions deuros pour 2014 <img decoding=\"async\" src=\"http:\/\/www.stasjh.tk\/19772-thickbox_default\/1p-earring-drop-earrings-metal-nail-color-gold-new-graphika-style-76071.jpg\" alt=\"rencontres sophie nantes 2013\" align=\"center\"> Cet appel \u00e0 recherches vise \u00e0 mieux conna\u00eetre la fa\u00e7on dont les institutions patrimoniales mus\u00e9es, centres darchives, biblioth\u00e8ques, services patrimoniaux de collectivit\u00e9s locales prennent en compte la complexit\u00e9 des soci\u00e9t\u00e9s contemporaines et les changements culturels mondiaux. Il souhaite favoriser une d\u00e9marche partag\u00e9e entre institutions patrimoniales, laboratoires de recherche et associations. Cette invitation sinscrit dans la suite de la proposition que les deux artistes ont appel\u00e9 une croisi\u00e8re de rue, une visite d\u00e9cal\u00e9e de la ville de Saint-Nazaire, effectu\u00e9e le 26 mai dernier par lentremise du Grand Caf\u00e9, centre dart contemporain commissariat : Sophie Legrandjacques. Mots-cl\u00e9s : parentalit\u00e9, maternit\u00e9, genre, care, professions du soin  <img decoding=\"async\" src=\"http:\/\/www.jeanpierrestora.com\/images\/oeuvre\/0656e-Festival-de-chants-choraux-pour-enfants.jpg\" alt=\"rencontres sophie nantes 2013\" align=\"center\"> \u03a0\u03c1\u03bf\u03ca\u03cc\u03bd\u03c4\u03b1 \u03b3\u03b9\u03b1 \u03c4\u03b7\u03bd \u03b1\u03c6\u03b1\u03af\u03c1\u03b5\u03c3\u03b7 \u03c4\u03bf\u03c5 \u03bc\u03b1\u03ba\u03b9\u03b3\u03b9\u03ac\u03b6 \u03bc\u03b5 \u03ba\u03ac\u03b8\u03b5 \u03b1\u03c0\u03b1\u03bb\u03cc\u03c4\u03b7\u03c4\u03b1-Octobre 2017-Concert \u00e0 lAssociation Jazz au Centre \u00e0 Maubourguet 32 avec Abdelhak LAKRAA Cest un choix POLITIQUE! Bonne ann\u00e9e Politique! \u00e0 Tous. MOSA JEAN a \u00e9t\u00e9 certifi\u00e9 arbitre national en dirigeant la petite et grande finale du championnat de France au POULIGUEN.  \u039d\u0391\u0399 \u03b1\u03bb\u03bb\u03b1 \u03bc\u03b5 \u03c4\u03bf \u03c4\u03c3\u03b9\u03b3\u03b3\u03b5\u03bb\u03b9 \u03c3\u03c4\u03b1 \u03b2\u03b3\u03b1\u03b6\u03c9, \u03b1\u03c0\u03b1\u03bd\u03c4\u03b1\u03c2 \u03c3\u03c4\u03b1 \u03bc\u03b9\u03c3\u03b1 \u03ba\u03b1\u03b9 \u03b1\u03bd. Coresponsabilit\u00e9 de lorganisation des V\u00e8mes rencontres Droit et cin\u00e9ma les 29 et 30 juin 2012 sur le th\u00e8me de censure et cin\u00e9ma.<\/p>\n","protected":false},"excerpt":{"rendered":"<p>rencontres sophie nantes 2013<\/p>\n","protected":false},"author":1,"featured_media":0,"comment_status":"closed","ping_status":"closed","sticky":false,"template":"","format":"standard","meta":{"footnotes":""},"categories":[1],"tags":[],"_links":{"self":[{"href":"https:\/\/atombroker.hu\/journal\/wp-json\/wp\/v2\/posts\/1941"}],"collection":[{"href":"https:\/\/atombroker.hu\/journal\/wp-json\/wp\/v2\/posts"}],"about":[{"href":"https:\/\/atombroker.hu\/journal\/wp-json\/wp\/v2\/types\/post"}],"author":[{"embeddable":true,"href":"https:\/\/atombroker.hu\/journal\/wp-json\/wp\/v2\/users\/1"}],"replies":[{"embeddable":true,"href":"https:\/\/atombroker.hu\/journal\/wp-json\/wp\/v2\/comments?post=1941"}],"version-history":[{"count":1,"href":"https:\/\/atombroker.hu\/journal\/wp-json\/wp\/v2\/posts\/1941\/revisions"}],"predecessor-version":[{"id":1942,"href":"https:\/\/atombroker.hu\/journal\/wp-json\/wp\/v2\/posts\/1941\/revisions\/1942"}],"wp:attachment":[{"href":"https:\/\/atombroker.hu\/journal\/wp-json\/wp\/v2\/media?parent=1941"}],"wp:term":[{"taxonomy":"category","embeddable":true,"href":"https:\/\/atombroker.hu\/journal\/wp-json\/wp\/v2\/categories?post=1941"},{"taxonomy":"post_tag","embeddable":true,"href":"https:\/\/atombroker.hu\/journal\/wp-json\/wp\/v2\/tags?post=1941"}],"curies":[{"name":"wp","href":"https:\/\/api.w.org\/{rel}","templated":true}]}}