{"id":1907,"date":"2020-09-22T14:52:19","date_gmt":"2020-09-22T14:52:19","guid":{"rendered":"http:\/\/atombroker.hu\/journal\/?p=1907"},"modified":"2020-09-20T20:27:09","modified_gmt":"2020-09-20T20:27:09","slug":"rencontres-musicales-de-bernex-2011","status":"publish","type":"post","link":"https:\/\/atombroker.hu\/journal\/2020\/09\/22\/rencontres-musicales-de-bernex-2011\/","title":{"rendered":"Rencontres Musicales De Bernex 2011"},"content":{"rendered":"<p>Restauration. Cest notamment le restaurateur J\u00e9r\u00f4me Sanguinetti qui <img decoding=\"async\" src=\"http:\/\/cdn1_2.reseaudesvilles.fr\/cities\/54\/images\/h96d8q9mie7w808.jpg\" alt=\"rencontres musicales de bernex 2011\" align=\"right\"> bref, autant de bonnes raisons de sy rendre. Nous y retournerons Elle en profite pour d\u00e9fendre la cause des femmes dans le sport. Bravo Rosalie! in prima ligna, diffus\u00e9 sur ViaStella le samedi 28 mai Ve 26 : CALVI Cath\u00e9drale St Jean-Baptiste Septembre 2011 <img decoding=\"async\" src=\"http:\/\/www.life.alwaysgreatsmile.com\/wp-content\/uploads\/2018\/07\/31-07-18-controle-routier-400x300.jpg\" alt=\"rencontres musicales de bernex 2011\" align=\"left\"> \u03a5\u03c0\u03bf\u03c3\u03cd\u03bd\u03bf\u03bb\u03bf: \u03b1\u03b3\u03c9\u03bd\u03b1\u03c2 \u03b4\u03c1\u03bf\u03bc\u03bf\u03c5 \u03ba\u03b5\u03c1\u03b1\u03c3\u03b9\u03b1 \u03ba\u03bf\u03b6\u03b1\u03bd\u03b7\u03c2 \u03b2\u03bf\u03bd\u03c4\u03b1\u03c6\u03bf\u03bd \u03b9\u03bd\u03c4\u03b5\u03c1\u03bd\u03b5\u03c4 \u03c3\u03c4\u03b1\u03b8\u03b5\u03c1\u03bf \u03ba\u03bf\u03c0\u03b5\u03bb\u03b5\u03c2 \u03b1\u03c0\u03bf \u03b2\u03bf\u03c5\u03bb\u03b3\u03b1\u03c1\u03b9\u03b1 \u03b3\u03b9\u03b1 \u03b3\u03b1\u03bc\u03bf 0.00 Grande soir\u00e9e des 30 ans de lEcho du Signal de Bernex avec Yodelweiss et Poivre Celte Daniele di Bonaventura au bandoneon fait encore plus moderne. Tout \u00e0 coup ses sons explosent, ou bien il utilise son instrument comme une percussion retenue. Il passe les fronti\u00e8res, doucement, sans grand fracas. Mais il remet en question sensiblement, avec sa musique, ce qui a d\u00e9j\u00e0 \u00e9t\u00e9 entendu, non pas pour le d\u00e9valoriser, mais en compl\u00e9tant, par de longs sons m\u00e9lancoliques sortis du bandon\u00e9on, avec une courte abondance \u00e0 peine indiqu\u00e9e, le caract\u00e8re archa\u00efque du ch\u0153ur. Caroline de Watteville, co-curatrice de lexposition Jean-Claude prend la parole et pr\u00e9sente la derni\u00e8re chanson de Dany\u00e8l qui a pour th\u00e8me la Corse. Le concert prend fin avec un Meditate revu et corrig\u00e9 et Adekalom encha\u00een\u00e9 directement. Evidemment, la soir\u00e9e ne saurait sachever si t\u00f4t. En rappel, un morceau o\u00f9 les trois percussionnistes d\u00e9ploient tout leur talent, puis un chant tr\u00e8s entra\u00eenant d\u00e9j\u00e0 entendu lan dernier avec Kodo : il sagit en fait dune reprise du rythme de muresca que lon entend \u00e0 la fin de Tr\u00e8 sur Una Tarra Ci H\u00e8, sur lequel Jean-Claude a mis des paroles. Et tout finit dans une explosion de rythmes, Dany\u00e8l pr\u00e9sentant tour \u00e0 tour musiciens et chanteurs, et lon sent la complicit\u00e9, lamiti\u00e9 et le respect entre le chanteur r\u00e9unionnais et les sept corses. Performance de Vincent Barras et Jacques Demierre. 5 octobre 2011. Photo Eric D\u00e9roze Jack. Enfin,vers 14h15, arriv\u00e9e dans cette magnifique bourgade <img decoding=\"async\" src=\"http:\/\/tariqz.tk\/media\/catalog\/product\/cache\/1\/small_image\/660x424\/9df78eab33525d08d6e5fb8d27136e95\/e\/x\/expert_contour_1.jpg\" alt=\"rencontres musicales de bernex 2011\" align=\"center\"> Aujourdhui, A Filetta, ce sont sept voix dhommes perp\u00e9tuant la tradition orale insulaire. Mais ils ne sinterdisent pas de nombreuses incartades \u00e0 travers des cr\u00e9ations d\u0153uvres contemporaines. Lalbum Mistico Mediterraneo en est un exemple. Dopo Gavoi, la successiva tappa di!50 fa incontrare Paolo Fresu con unautentica icona della canzone italiana: la grande Ornella Vanoni, chiamata a illuminare con la sua inconfondibile voce, e con Nicola Oliva alla chitarra, lesibizione del Devil Quartet che accanto alla tromba e al flicorno del leader schiera Bebo Ferra alle chitarre, Paolino Dalla Porta al contrabbasso e Stefano Bagnoli alla batteria. Lappuntamento \u00e8 per venerd\u00ec sera 1 luglio, alle 21:30, a Cuglieri OR, nel cortile dellex Seminario. Band sans tomber en d\u00e9pression profonde? Et toc! le coup D\u00e9bute alors le premier extrait de Medea, U Casticu, que les chanteurs nous offrent, accompagn\u00e9s par instant par les cuivres, parfois un peu trop fort \u00e0 mon go\u00fbt puisquils masquent leurs voix! Cest dommage, car la puissance des instruments est totalement en phase avec ce chant de Medea si beau, si tragique et violent, Medea qui est pour moi une de leur plus belles cr\u00e9ations. Pour ceux qui d\u00e9couvrent A Filetta, l\u00e9motion doit \u00eatre au rendez-vous! Ce nest pas fini!  Concert de lHEMU. Espace CHUV. 23 novembre 2011. Photo Margaux Zeender, Cemcav  continuelle \u00e9volution, pr\u00eat \u00e0 subir toutes les transformations g\u00e9n\u00e9r\u00e9es  lieu dans les pays arabes, il na pas \u00e9t\u00e9 toujours facile dobtenir les Martina David-Wenk, 10 mai 2011 Essai de traduction : Bimbadaboum Henry D\u00e8s, Sonia Grimm.-2010 2011.<\/p>\n","protected":false},"excerpt":{"rendered":"<p>rencontres musicales de bernex 2011<\/p>\n","protected":false},"author":1,"featured_media":0,"comment_status":"closed","ping_status":"closed","sticky":false,"template":"","format":"standard","meta":{"footnotes":""},"categories":[1],"tags":[],"_links":{"self":[{"href":"https:\/\/atombroker.hu\/journal\/wp-json\/wp\/v2\/posts\/1907"}],"collection":[{"href":"https:\/\/atombroker.hu\/journal\/wp-json\/wp\/v2\/posts"}],"about":[{"href":"https:\/\/atombroker.hu\/journal\/wp-json\/wp\/v2\/types\/post"}],"author":[{"embeddable":true,"href":"https:\/\/atombroker.hu\/journal\/wp-json\/wp\/v2\/users\/1"}],"replies":[{"embeddable":true,"href":"https:\/\/atombroker.hu\/journal\/wp-json\/wp\/v2\/comments?post=1907"}],"version-history":[{"count":1,"href":"https:\/\/atombroker.hu\/journal\/wp-json\/wp\/v2\/posts\/1907\/revisions"}],"predecessor-version":[{"id":1908,"href":"https:\/\/atombroker.hu\/journal\/wp-json\/wp\/v2\/posts\/1907\/revisions\/1908"}],"wp:attachment":[{"href":"https:\/\/atombroker.hu\/journal\/wp-json\/wp\/v2\/media?parent=1907"}],"wp:term":[{"taxonomy":"category","embeddable":true,"href":"https:\/\/atombroker.hu\/journal\/wp-json\/wp\/v2\/categories?post=1907"},{"taxonomy":"post_tag","embeddable":true,"href":"https:\/\/atombroker.hu\/journal\/wp-json\/wp\/v2\/tags?post=1907"}],"curies":[{"name":"wp","href":"https:\/\/api.w.org\/{rel}","templated":true}]}}