{"id":1859,"date":"2020-09-22T07:13:19","date_gmt":"2020-09-22T07:13:19","guid":{"rendered":"http:\/\/atombroker.hu\/journal\/?p=1859"},"modified":"2020-09-20T19:06:00","modified_gmt":"2020-09-20T19:06:00","slug":"rencontre-etienne-tshisekedi-et-vital-kamerhe","status":"publish","type":"post","link":"https:\/\/atombroker.hu\/journal\/2020\/09\/22\/rencontre-etienne-tshisekedi-et-vital-kamerhe\/","title":{"rendered":"Rencontre Etienne Tshisekedi Et Vital Kamerhe"},"content":{"rendered":"<p>Jai rencontr\u00e9 \u00e0 plusieurs reprises Etienne Tshisekedi, Vital Kamerhe et L\u00e9on Kengo, en les appelant \u00e0 se ranger en front commun autour dun seul candidat pour garantir lalternance au r\u00e9gime actuel, a dit le leader Mouvement de lib\u00e9ration du Congo MLC, dans un message lu dans la soir\u00e9e \u00e0 une t\u00e9l\u00e9vision pro-MLC par le secr\u00e9taire g\u00e9n\u00e9ral du parti, Thomas Luaka. <img decoding=\"async\" src=\"http:\/\/www.echonor.com\/wp-content\/uploads\/2018\/03\/FELIX-TSHISEKEDI-1300x836.jpg\" alt=\"rencontre etienne tshisekedi et vital kamerhe\" align=\"left\"> <img decoding=\"async\" src=\"http:\/\/www.forumdesas.org\/IMG\/arton16934.jpg\" alt=\"rencontre etienne tshisekedi et vital kamerhe\" align=\"left\"> Il a reconnu seulement avoir re\u00e7u des sollicitations, comme \u00e7a se passe dans le monde politique, sans donner des pr\u00e9cisions sur la nature de ces sollicitations. En attendant, Vital Kamerhe est lun des seuls cadres de la coalition \u00e0 \u00eatre familier des rouages de ladministration congolaise. Il ne peut occuper le poste de Premier ministre, r\u00e9serv\u00e9 au camp Kabila Il occupe donc celui, strat\u00e9gique, de directeur de cabinet de la pr\u00e9sidence. Et, \u00e0 ce titre, pilote le programme des cent jours, cens\u00e9 r\u00e9aliser en urgence des grands travaux. Il sagissait en r\u00e9alit\u00e9 dun saupoudrage qui concernait quelques infrastructures embl\u00e9matiques, comme les sauts-de-mouton de Kinshasa, ces autoponts cens\u00e9s r\u00e9duire les bouchons de la capitale, explique Christophe Rigaud, fondateur Or les march\u00e9s ont \u00e9t\u00e9 r\u00e9alis\u00e9s de gr\u00e9 \u00e0 gr\u00e9, sans appel doffres, et les co\u00fbts se sont envol\u00e9s. Kamerhe est soup\u00e7onn\u00e9 par la justice de s\u00eatre personnellement enrichi au passage.  Malheureusement, avec une incroyable na\u00efvet\u00e9, certains partisans du Pr\u00e9sident \u00e9lu quaccompagne une presse certainement int\u00e9ress\u00e9e annoncent dores et d\u00e9j\u00e0 une prochaine dissolution du Parlement qui se met en place actuellement. Ces compatriotes pensent ainsi donner plus de pouvoirs au Pr\u00e9sident F\u00e9lix Antoine TSHISEKEDI ; en fait, ils se trompent lourdement. Bien avant cela, le procureur de la r\u00e9publique ainsi que la partie civile ont requis vingt ans de travaux forc\u00e9s et 10 ans de privation de droits civiques contre M Kamerhe. Freddy Mulongo est un journaliste congolais vivant en France. Il est attach\u00e9 \u00e0 la libert\u00e9 dexpression et au respect des droits humains. <img decoding=\"async\" src=\"http:\/\/reveil-fm.com\/images\/Elie4\/Elie5\/Elie6\/Elie7\/000000aaabonsa.jpg\" alt=\"rencontre etienne tshisekedi et vital kamerhe\" align=\"right\"> L\u00e9lection du Premier vice-pr\u00e9sident aura bel et bien lieu ce vendredi 12 juin 2020. LAssembl\u00e9e Nationale qui saccroche \u00e0 lex\u00e9cution.. RDC : Kamerhe pr\u00eat \u00e0 rencontrer Tshisekedi-Le blog de ferdinand-lufete La cons\u00e9quence aurait donc \u00e9t\u00e9 le d\u00e9mariage. Mais contre toute attente, cest plut\u00f4t un rapprochement serr\u00e9 qui a pris place entre les deux. Et en fin de compte, un ticket \u00e9lectoral en sortira gr\u00e2ce au d\u00e9sistement de Vital Kamerhe en faveur de F\u00e9lix Tshisekedi. Proc\u00e8s de Lubanga \u00e0 la Haye: va-t-il jouer un r\u00f4le dans les \u00e9lections de la RDC? Le proc\u00e8s de Lubanga devant la Cour p\u00e9nale internationale  Sans entrer dans les d\u00e9tails, Vital KAMERHE a indiqu\u00e9 que le pr\u00e9sident de lUDPS attache une importance capitale \u00e0 l\u00e9rection dun cadre solide au niveau des forces politiques de lopposition d\u00e9mocratique en vue de parler le m\u00eame langage, mettre toutes les chances de notre c\u00f4t\u00e9 car ladversaire ne dort pas et cherche la moindre faille pour lemporter. Lopposition doit se pr\u00e9senter regroup\u00e9e, disciplin\u00e9e et en ordre de bataille. Pour ce faire, il sied de bannir les injures et les insinuations calomnieuses, pr\u00eacher la bonne gouvernance, la lutte contre les antivaleurs, la d\u00e9nonciation des viols, tueries, massacres, pillages des ressources naturelles du pays, la corruption et les d\u00e9tournements massifs des deniers publics. Bref, les forces de lopposition politique doivent avoir \u00e0 lesprit que le meilleur combat demeure la recherche dun leadership cr\u00e9dible et visible pour r\u00e9habiliter la RDC sur l\u00e9chiquier international, ont plaid\u00e9 les deux personnalit\u00e9s.  Le choix avait surpris tant F\u00e9lix Tshisekedi, pr\u00e9sident du parti historique UDPS et fils de son fondateur \u00c9tienne Tshisekedi, \u00e9tait donn\u00e9 comme favori. Ce tableau \u00e9lectoral avec ces trois camps na m\u00eame pas effleur\u00e9 lid\u00e9e de plus dun analyste politique avant la derni\u00e8re tournure. Suivez les informations en temps r\u00e9el et acc\u00e9dez \u00e0 nos analyses de lactualit\u00e9. Le 7 mars 2019, il renonce \u00e0 son mandat de d\u00e9put\u00e9. Nouvelle rencontre Tshisekedi-Kamerhe : ladversaire est \u00e0 la t\u00eate de la RDC.<\/p>\n","protected":false},"excerpt":{"rendered":"<p>rencontre etienne tshisekedi et vital kamerhe<\/p>\n","protected":false},"author":1,"featured_media":0,"comment_status":"closed","ping_status":"closed","sticky":false,"template":"","format":"standard","meta":{"footnotes":""},"categories":[1],"tags":[],"_links":{"self":[{"href":"https:\/\/atombroker.hu\/journal\/wp-json\/wp\/v2\/posts\/1859"}],"collection":[{"href":"https:\/\/atombroker.hu\/journal\/wp-json\/wp\/v2\/posts"}],"about":[{"href":"https:\/\/atombroker.hu\/journal\/wp-json\/wp\/v2\/types\/post"}],"author":[{"embeddable":true,"href":"https:\/\/atombroker.hu\/journal\/wp-json\/wp\/v2\/users\/1"}],"replies":[{"embeddable":true,"href":"https:\/\/atombroker.hu\/journal\/wp-json\/wp\/v2\/comments?post=1859"}],"version-history":[{"count":1,"href":"https:\/\/atombroker.hu\/journal\/wp-json\/wp\/v2\/posts\/1859\/revisions"}],"predecessor-version":[{"id":1860,"href":"https:\/\/atombroker.hu\/journal\/wp-json\/wp\/v2\/posts\/1859\/revisions\/1860"}],"wp:attachment":[{"href":"https:\/\/atombroker.hu\/journal\/wp-json\/wp\/v2\/media?parent=1859"}],"wp:term":[{"taxonomy":"category","embeddable":true,"href":"https:\/\/atombroker.hu\/journal\/wp-json\/wp\/v2\/categories?post=1859"},{"taxonomy":"post_tag","embeddable":true,"href":"https:\/\/atombroker.hu\/journal\/wp-json\/wp\/v2\/tags?post=1859"}],"curies":[{"name":"wp","href":"https:\/\/api.w.org\/{rel}","templated":true}]}}