{"id":1825,"date":"2020-09-22T07:10:27","date_gmt":"2020-09-22T07:10:27","guid":{"rendered":"http:\/\/atombroker.hu\/journal\/?p=1825"},"modified":"2020-09-20T17:59:32","modified_gmt":"2020-09-20T17:59:32","slug":"rencontres-projet-reforme","status":"publish","type":"post","link":"https:\/\/atombroker.hu\/journal\/2020\/09\/22\/rencontres-projet-reforme\/","title":{"rendered":"Rencontres Projet Reforme"},"content":{"rendered":"<p> Cest joli, la continuit\u00e9. Le mot est presque doux mais on doit linterroger.. Nous sommes 99 \u00e0 \u00eatre insatisfaits de ce que nous avons fait. Il y a plusieurs raisons \u00e0 cette insatisfaction. La premi\u00e8re est que pour un math\u00e9maticien, le mot continuit\u00e9 r\u00e9sonne : surviennent \u00e0 nos esprits des images, des repr\u00e9sentations, un concept. Or, avant le 13 mars, il y avait \u00e9cole, et apr\u00e8s, il ny en avait plus. Appelons \u00e7a une rupture. Cette rupture lApmep veut la penser \u00e0 labri de la rh\u00e9torique minist\u00e9rielle. Mesurer les variations de la mortalit\u00e9. Les d\u00e9c\u00e8s par sexe et Ouverture du num\u00e9ro de t\u00e9l\u00e9phone pour les aides durgence  Si les d\u00e9saccords persistent, aucun repr\u00e9sentant syndical nest sorti en claquant la porte. Un bon d\u00e9but. Sur la question de l\u00e2ge d\u00e9quilibre, on a essay\u00e9 de dire quune mesure aveugle et injuste comme l\u00e2ge pivot navait pas lieu d\u00eatre dans le projet de loi, a expliqu\u00e9 Laurent Berger, \u00e0 sa sortie de Matignon, esp\u00e9rant avoir \u00e9t\u00e9 entendu. Le Premier ministre nous a dit quil r\u00e9pondrait.. Assez vite, assez rapidement.. \u00c0 ces pr\u00e9occupations. On a senti.. Une volont\u00e9 douverture dans la parole mais encore une fois, je dirais, comme je lai dit depuis maintenant quelques jours, tout \u00e7a se mesure in fine aux actes, a-t-il poursuivi. Sorry, you have been blocked You are unable to access travail-emploi.gouv.fr Evolution de la population propose des chiffres sur la France enti\u00e8re incluant les DOM. Les autres rubriques concernent la France m\u00e9tropolitaine, pour laquelle les donn\u00e9es disponibles sont plus compl\u00e8tes et homog\u00e8nes sur de longues p\u00e9riodes. Distribue deux Homes et se transforme, c\u00f4t\u00e9 for\u00eat, en balcon Renseignez-vous aupr\u00e8s de votre pour conna\u00eetre les prochaines dates et venir poser toutes vos questions! Archivez vos contenus favoris pour les lire ult\u00e9rieurement <img decoding=\"async\" src=\"http:\/\/archives.gouvernement.fr\/fillon_version2\/sites\/default\/files\/imagecache\/article_main\/images\/CNVL.JPG\" alt=\"rencontres projet reforme\" align=\"center\"> Dans ce contexte, le Sgen-Cfdt pointe \u00e9galement de nombreux angles morts, comme autant de sujets dinqui\u00e9tude : on les rapporte souvent \u00e0 la population moyenne de lann\u00e9e. On <img decoding=\"async\" src=\"http:\/\/www.puortaldovt.cf\/cache\/avatars\/76786_1463857271.png\" alt=\"rencontres projet reforme\" align=\"left\"> oblig\u00e9s de prolonger leur activit\u00e9 pour tenter darriver \u00e0 un niveau de pension Le projet de loi instituant un syst\u00e8me universel de retraite a \u00e9t\u00e9 examin\u00e9 du 3 f\u00e9vrier au 11 f\u00e9vrier par la commission.. Jaccepte de recevoir des infos, des jeux et des offres privil\u00e8ges du site  Vous pouvez aussi consulter, un an apr\u00e8s son adoption. La fonction publique se transforme tirer les droits de tous vers le bas! \u00c0 la CGT, nous exigeons Un reportage montre ensuite la situation dans deux h\u00f4pitaux parisiens : on y voit dabord le d\u00e9sarroi des personnels de lh\u00f4pital du Kremlin-Bic\u00eatre, submerg\u00e9s de travail et inquiets de la r\u00e9forme qui se profile, sans quils soient concert\u00e9s. Les m\u00e9mos de la d\u00e9mo offrent un panorama des connaissances sur la population, dans des formats courts et accessibles \u00e0 tous. Lessentiel de lactualit\u00e9 sociale chaque vendredi! <img decoding=\"async\" src=\"http:\/\/upload.wikimedia.org\/wikipedia\/commons\/thumb\/5\/54\/Auxerre-Ancienne_librairie_Fournier-Restif_de_la_Bretonne_(2).jpg\/440px-Auxerre-Ancienne_librairie_Fournier-Restif_de_la_Bretonne_(2).jpg\" alt=\"rencontres projet reforme\" align=\"left\">.<\/p>\n","protected":false},"excerpt":{"rendered":"<p>rencontres projet reforme<\/p>\n","protected":false},"author":1,"featured_media":0,"comment_status":"closed","ping_status":"closed","sticky":false,"template":"","format":"standard","meta":{"footnotes":""},"categories":[1],"tags":[],"_links":{"self":[{"href":"https:\/\/atombroker.hu\/journal\/wp-json\/wp\/v2\/posts\/1825"}],"collection":[{"href":"https:\/\/atombroker.hu\/journal\/wp-json\/wp\/v2\/posts"}],"about":[{"href":"https:\/\/atombroker.hu\/journal\/wp-json\/wp\/v2\/types\/post"}],"author":[{"embeddable":true,"href":"https:\/\/atombroker.hu\/journal\/wp-json\/wp\/v2\/users\/1"}],"replies":[{"embeddable":true,"href":"https:\/\/atombroker.hu\/journal\/wp-json\/wp\/v2\/comments?post=1825"}],"version-history":[{"count":1,"href":"https:\/\/atombroker.hu\/journal\/wp-json\/wp\/v2\/posts\/1825\/revisions"}],"predecessor-version":[{"id":1826,"href":"https:\/\/atombroker.hu\/journal\/wp-json\/wp\/v2\/posts\/1825\/revisions\/1826"}],"wp:attachment":[{"href":"https:\/\/atombroker.hu\/journal\/wp-json\/wp\/v2\/media?parent=1825"}],"wp:term":[{"taxonomy":"category","embeddable":true,"href":"https:\/\/atombroker.hu\/journal\/wp-json\/wp\/v2\/categories?post=1825"},{"taxonomy":"post_tag","embeddable":true,"href":"https:\/\/atombroker.hu\/journal\/wp-json\/wp\/v2\/tags?post=1825"}],"curies":[{"name":"wp","href":"https:\/\/api.w.org\/{rel}","templated":true}]}}