{"id":1807,"date":"2020-09-22T06:31:06","date_gmt":"2020-09-22T06:31:06","guid":{"rendered":"http:\/\/atombroker.hu\/journal\/?p=1807"},"modified":"2020-09-20T17:30:11","modified_gmt":"2020-09-20T17:30:11","slug":"rencontres-astaffort-2013","status":"publish","type":"post","link":"https:\/\/atombroker.hu\/journal\/2020\/09\/22\/rencontres-astaffort-2013\/","title":{"rendered":"Rencontres Astaffort 2013"},"content":{"rendered":"<p>Weirdsound : Est-ce que vous \u00eates toujours en cavale?  Weirdsound : Comment se pr\u00e9pare le spectacle du 5 d\u00e9cembre? \u03b1\u03bd\u03c9\u03c4\u03b1\u03c4\u03b7 \u03c3\u03c7\u03bf\u03bb\u03b7 \u03ba\u03b1\u03bb\u03c9\u03bd \u03c4\u03b5\u03c7\u03bd\u03c9\u03bd \u03bc\u03bf\u03c1\u03b9\u03b1 \u03a3\u03ae\u03bc\u03b5\u03c1\u03b1 \u03c4\u03bf \u03b1\u03c0\u03cc\u03b3\u03b5\u03c5\u03bc\u03b1 \u03b5\u03b3\u03ba\u03b1\u03b9\u03bd\u03b9\u03ac\u03b6\u03b5\u03c4\u03b1\u03b9 \u03c3\u03c4\u03bf\u03bd \u03c0\u03bf\u03bb\u03c5\u03c7\u03ce\u03c1\u03bf \u03c0\u03bf\u03bb\u03b9\u03c4\u03b9\u03c3\u03bc\u03bf\u03cd \u0394\u03b9\u03ad\u03bb\u03b5\u03c5\u03c3\u03b9\u03c2, \u03b7 \u03ad\u03ba\u03b8\u03b5\u03c3\u03b7 \u03b6\u03c9\u03b3\u03c1\u03b1\u03c6\u03b9\u03ba\u03ae\u03c2 \u03c4\u03b7\u03c2 \u03c3\u03cd\u03b3\u03c7\u03c1\u03bf\u03bd\u03b7\u03c2 \u03b5\u03b9\u03ba\u03b1\u03c3\u03c4\u03b9\u03ba\u03bf\u03cd \u03ba\u03b1\u03bb\u03bb\u03b9\u03c4\u03ad\u03c7\u03bd\u03b9\u03b4\u03bf\u03c2 \u039c\u03b1\u03c1\u03af\u03b2\u03b1\u03c2 \u0396\u03b1\u03c7\u03ac\u03c1\u03c9\u03c6 \u03bc\u03b5 \u03b3\u03b5\u03bd\u03b9\u03ba\u03cc \u03c4\u03af\u03c4\u03bb\u03bf.. Je nen ai pas fait tant que \u00e7a ces derni\u00e8res ann\u00e9es. Depuis, Je taimais, je taime et je taimerai, javais un peu \u00e9vit\u00e9 ce th\u00e8me que javais, \u00e0 mon sens, trop d\u00e9velopp\u00e9. Jai un naturel romantique, amoureux et quand je suis bien immerg\u00e9 dans ce sentiment-l\u00e0, jarrive facilement \u00e0 \u00e9crire ce genre de chanson. Pour ce nouvel album, jai donc r\u00e9\u00e9crit une chanson damour, A chaque amour que nous ferons. Je laime \u00e0 mourir, javais 25 ans, pour celle-l\u00e0 jen ai 60 jai voulu v\u00e9rifier si on parlait de la m\u00eame fa\u00e7on damour \u00e0 diff\u00e9rents \u00e2ges. The cover is not a good choice Thank you for helping! 1997 : chanson Yo vengo a ofrecer mi corazon en duo avec Mercedes Sosa sur son album Algo m\u00e1s de amor ainsi que sur The Best of Mercedes Sosa Polygram, 1997. Repr\u00e9sentatifs de deux g\u00e9n\u00e9rations et de deux styles, ambassadeurs \u00e0 succ\u00e8s de la chanson en fran\u00e7ais, le Lot-et-Garonnais et les Toulousains dadoption ils sont n\u00e9s \u00e0 Villeneuve-sur-Lot sont habitu\u00e9s aux salles pleines, Olympia, Z\u00e9nith ou Stadium. 2002 : reprise de la chanson La Complainte de la butte en duo avec Patrick Bruel sur son album Entre deux. \u039f\u03c0\u03bb\u03b9\u03c3\u03bc\u03b5\u03bd\u03bf \u03c3\u03ba\u03c5\u03c1\u03bf\u03b4\u03b5\u03bc\u03b1 pdf \u039d\u03bf\u03b5 28, 2018 \u03c0\u03bb\u03c9\u03c4\u03bf \u03b4\u03b1\u03c0\u03b5\u03b4\u03bf \u03c4\u03b9\u03bc\u03b5\u03c2 \u0395\u03c0\u03b9\u03ba\u03b1\u03b9\u03c1\u03cc\u03c4\u03b7\u03c4\u03b1 Julien Vacheron : Hello ma belle Lucie! Tr\u00e8s belle chronique finale, avec  <img decoding=\"async\" src=\"http:\/\/hkalmstad.ga\/BGA\/bga-motors\/images\/133965084_01_hd.jpg\" alt=\"rencontres astaffort 2013\" align=\"right\"> LCP Acc\u00e9dez \u00e0 toute lactualit\u00e9 de la Chaine Parlementaire \u039f\u03b9 \u03ba\u03b1\u03c1\u03b4\u03b9\u03b1\u03ba\u03ad\u03c2 \u03c0\u03c1\u03bf\u03c3\u03b2\u03bf\u03bb\u03ad\u03c2 \u03b5\u03af\u03bd\u03b1\u03b9 \u03c4\u03c1\u03bf\u03bc\u03b1\u03ba\u03c4\u03b9\u03ba\u03ad\u03c2. \u0395\u03b9\u03b4\u03b9\u03ba\u03ac, \u03b3\u03b9\u03b1\u03c4\u03af \u03c0\u03bf\u03bb\u03bb\u03ad\u03c2 \u03c6\u03bf\u03c1\u03ad\u03c2 \u03b5\u03af\u03bd\u03b1\u03b9 \u03b4\u03cd\u03c3\u03ba\u03bf\u03bb\u03bf \u03bd\u03b1 \u03c0\u03c1\u03bf\u03b2\u03bb\u03ad\u03c8\u03b5\u03b9\u03c2, \u03c0\u03cc\u03c4\u03b5 \u03ba\u03b1\u03b9 \u03c0\u03bf\u03b9\u03cc\u03bd \u03b8\u03b1 \u03c7\u03c4\u03c5\u03c0\u03ae\u03c3\u03b5\u03b9. \u0391\u03bb\u03bb\u03ac \u03b4\u03b5\u03bd \u03c5\u03c0\u03ac\u03c1\u03c7\u03b5\u03b9 \u03bb\u03cc\u03b3\u03bf\u03c2 \u03bd\u03b1 \u03b6\u03b5\u03af\u03c4\u03b5 \u03bc\u03b5 \u03c4\u03bf \u03b4\u03b9\u03b1\u03c1\u03ba\u03ae \u03c6\u03cc\u03b2\u03bf \u03cc\u03c4\u03b9 \u03b8\u03b1 \u03b5\u03af\u03c3\u03c4\u03b5 \u03c4\u03bf \u03b5\u03c0\u03cc\u03bc\u03b5\u03bd\u03bf Arthedone : Je trouvais \u00e7a int\u00e9ressant de faire sonner la langue fran\u00e7aise dans des styles de musique o\u00f9 on ne lentend pas toujours. Cest ce que je mefforce de faire en tout cas. Le patron ici, Francis Cabrel, a fait sonner la musique am\u00e9ricaine depuis 40 ans. En cela il est pr\u00e9curseur et jaimerais suivre son exemple. DVD les Espaces de Rencontre-documentaire mosa\u00efque de 13 mns format num\u00e9rique un repas d\u00e9licieux-Avis de voyageurs sur Auberge du Brulhois, Astaffort-Tripadvisor Ordonnances pour le logement neuf : pas deffet en 2013 Les professionnels approuvent les mesures par ordonnances pour la construction de logements, mais regrettent leur faible effet pour cette ann\u00e9e.  Et quen est-il donc du citoyen le plus illustre de la commune? Un excellent souvenir du c\u00f4t\u00e9 spectateur.. Ce d\u00e9lire qui ma pris de venir aux rencontres, juste parce que Lucie faisait partie de laventure, et que javais envie de voir une amie qui habite l\u00e0-bas.. Oui, \u00e7a roule, mais \u00e7a ne roule pas tout seul. Il y a un savoir-faire et une exp\u00e9rience. Il y a ici sept personnes qui travaillent \u00e0 temps plein. Ce nest pas rien pour une association qui d\u00e9fend la chanson. On ne peut pas laisser disparaitre cette chanson fran\u00e7aise bouff\u00e9e par le march\u00e9 am\u00e9ricain. Cest une des obsessions de Francis Cabrel. Il est le premier \u00e0 consid\u00e9rer quil est trop programm\u00e9 en radio, il demande \u00e0 ce que lon programme un peu plus les jeunes. Parce que comme on a vendu plus 500 000 exemplaires du 1 er, je ne voulais pas que cela paraisse opportuniste de recommencer avec les m\u00eames artistes. Il y a plein de projets o\u00f9 jestime que lon tire sur le fil. Jai trouv\u00e9 plus cr\u00e9atif de tout changer. Il y a une autre raison plus pragmatique. Comme il y a des personnages qui disparaissent, je ne voulais pas que lon puisse croire que lon sest d\u00e9barrass\u00e9 dun personnage pour se d\u00e9barrasser dun artiste. N\u00e9e de p\u00e8re anglais et de m\u00e8re charentaise, Emilie Marsh grandit \u00e0 La Rochelle, o\u00f9 elle apprend successivement le piano puis la guitare classique avant d\u00e9crire ses premiers morceaux et de former son premier groupe de lyc\u00e9e. Apr\u00e8s son bac elle teint ses cheveux en rouge et d\u00e9cide de chanter ses chansons seule en sc\u00e8ne. Elle rencontre Etienne Champollion, multi-instrumentiste qui vient mettre sa touche dans les chansons. Plus quun musicien, il devient un compagnon, pas de vie, mais de route : un ins\u00e9parable duo vient de na\u00eetre. Ensemble ils cherchent, jouent avec beaucoup de musiciens diff\u00e9rents, essaient de nombreuses choses avant de sortir un premier album aux accents pop symphonique, La rime orpheline en mars 2013. En octobre de la m\u00eame ann\u00e9e, Emilie participe aux Rencontres dAstaffort et en sort transform\u00e9e. Elle prend conscience de sa libert\u00e9 cr\u00e9ative. D\u00e8s son retour, elle \u00e9crit et compose une douzaine de nouveaux titres, elle affirme son identit\u00e9 dans une chanson-rock en total accord avec elle-m\u00eame. Energie, propos directs et sans \u00e9cran : elle ne se cachera plus. Son nouveau concert compte un nouveau membre, en plus dEtienne Champollion : Mathieu Chr\u00e9tien \u00e0 la batterie. Le trio conqu\u00e9rant na pas froid aux yeux et livre au public une chanson-rock-\u00e9pique d\u00e9complex\u00e9e qui a beaucoup de choses \u00e0 dire. Lintimit\u00e9 des cochers du Vieux-Montr\u00e9al, ces cow-boys dans la ville. Un d\u00e9tournement habile, port\u00e9 par une langue sensible et rude, du western spaghetti sauce urbaine. \u00c9ditions Alto SPECTACLE VIVANT BOBBY MCFERRIN \u00e0 la Salle Pleyel R\u00e9alisation Patrick Savey <img decoding=\"async\" src=\"http:\/\/size.blogspirit.net\/blogs.sudouest.fr\/masdagenais\/560\/media\/00\/00\/2168574947.JPG\" alt=\"rencontres astaffort 2013\" align=\"center\"> <img decoding=\"async\" src=\"http:\/\/images.sudouest.fr\/images\/2013\/10\/28\/grand-corps-malade-a-ete-le-parrain-des-rencontres-en-2011_1439140_800x400.jpg\" alt=\"rencontres astaffort 2013\" align=\"center\">.<\/p>\n","protected":false},"excerpt":{"rendered":"<p>rencontres astaffort 2013<\/p>\n","protected":false},"author":1,"featured_media":0,"comment_status":"closed","ping_status":"closed","sticky":false,"template":"","format":"standard","meta":{"footnotes":""},"categories":[1],"tags":[],"_links":{"self":[{"href":"https:\/\/atombroker.hu\/journal\/wp-json\/wp\/v2\/posts\/1807"}],"collection":[{"href":"https:\/\/atombroker.hu\/journal\/wp-json\/wp\/v2\/posts"}],"about":[{"href":"https:\/\/atombroker.hu\/journal\/wp-json\/wp\/v2\/types\/post"}],"author":[{"embeddable":true,"href":"https:\/\/atombroker.hu\/journal\/wp-json\/wp\/v2\/users\/1"}],"replies":[{"embeddable":true,"href":"https:\/\/atombroker.hu\/journal\/wp-json\/wp\/v2\/comments?post=1807"}],"version-history":[{"count":1,"href":"https:\/\/atombroker.hu\/journal\/wp-json\/wp\/v2\/posts\/1807\/revisions"}],"predecessor-version":[{"id":1808,"href":"https:\/\/atombroker.hu\/journal\/wp-json\/wp\/v2\/posts\/1807\/revisions\/1808"}],"wp:attachment":[{"href":"https:\/\/atombroker.hu\/journal\/wp-json\/wp\/v2\/media?parent=1807"}],"wp:term":[{"taxonomy":"category","embeddable":true,"href":"https:\/\/atombroker.hu\/journal\/wp-json\/wp\/v2\/categories?post=1807"},{"taxonomy":"post_tag","embeddable":true,"href":"https:\/\/atombroker.hu\/journal\/wp-json\/wp\/v2\/tags?post=1807"}],"curies":[{"name":"wp","href":"https:\/\/api.w.org\/{rel}","templated":true}]}}