{"id":1783,"date":"2020-09-22T19:26:40","date_gmt":"2020-09-22T19:26:40","guid":{"rendered":"http:\/\/atombroker.hu\/journal\/?p=1783"},"modified":"2020-09-20T16:50:53","modified_gmt":"2020-09-20T16:50:53","slug":"rencontres-arles-twitter","status":"publish","type":"post","link":"https:\/\/atombroker.hu\/journal\/2020\/09\/22\/rencontres-arles-twitter\/","title":{"rendered":"Rencontres Arles Twitter"},"content":{"rendered":"<p>Un dialogue social renforc\u00e9, une mont\u00e9e en puissance de la pour accompagner une mont\u00e9e en gamme des m\u00e9tiers et des salaires, prise en compte de lutilit\u00e9 sociale.  <img decoding=\"async\" src=\"http:\/\/rencontres-arles-photo.tv\/wp-content\/uploads\/2013\/06\/Portrait-Kalvar.jpg\" alt=\"rencontres arles twitter\" align=\"left\"> Soyez vigilants lors de vos d\u00e9placements \u00e0 pied chute de tuiles, branches, etc. Et en deux roues \u00e9cart de trajectoire. Sabine Az\u00e9ma est \u00e9galement apparue dans un autre des plus grands succ\u00e8s de Chatiliez Le bonheur est dans le pr\u00e9, qui lui a permis dasseoir davantage sa notori\u00e9t\u00e9 dans le cin\u00e9ma fran\u00e7ais. Cinqui\u00e8me \u00e9pisode de notre format classique avec deux photographes talentueuses : Marguerite Bornhauser et Julie Vallon. Dans ce podcast, on se posera plusieurs questions : quelle m\u00e9thode utiliser ou en tout cas pr\u00e9f\u00e9rer pour construire une s\u00e9rie ou un projet quand on est au d\u00e9but de sa pratique? Comment trouver sa vision et ce que lon aime en photographie? Quel m\u00e9dium et quel mat\u00e9riel utiliser selon le projet? Et puis, nous parlerons aussi de la place des femmes dans la photographie daujourdhui. Nos deux invit\u00e9es : Marguerite Bornhauser : http:margueritebornhauser.com Julie Vallon : https:www.julievallon.com Nos r\u00e9seaux sociaux : Notre site : https:visionspodcast.fr Instagram : https:www.instagram.compodcastvisions https:www.instagram.compodcastvisions Impossible de partager les articles de votre blog par e-mail. Les Rencontres dArles f\u00eatent leur 50\u00e8me anniversaire! tille a comment\u00e9 sur : merci pour cet article. Je suis daccord avec la plupart des conseils sauf aller voir un psy. Mon exp\u00e9rience est.. Les visages connus saisissent, les inconnus tout autant. Nu ou v\u00eatu, lindividu est photographi\u00e9 dans son simple appareil, dans le studio, sans accessoire, sur un fond monochrome empruntant parfois \u00e0 la palette de la tradition classique, plus ponctuellement dans un ext\u00e9rieur, o\u00f9 rien naura \u00e9t\u00e9 arrang\u00e9 pour la flatterie. Les \u00eatres tels quils apparaissent, leur myst\u00e8re sur le visage, face au photographe. Arles, les Rencontres de la photographie a Retweet\u00e9 17h46 : La Ligue de football professionnel LFP nactera la fin des championnats de Ligue 1 et Ligue 2 que si elle re\u00e7oit un document officiel du gouvernement a appris franceinfo de source interne \u00e0 la Ligue. Mardi, lors de son discours, Edouard Philippe a indiqu\u00e9 que le championnat ne pourrait pas reprendre en raison de l\u00e9pid\u00e9mie de Covid-19. Laissez-vous embarquer par les r\u00e9cits de 4 auteurs contemporains qui reviennent sur lhistoire des, \u00e0 travers des performances uniques BADGE SEMAINE DOUVERTURE Entr\u00e9es illimit\u00e9es dans les expositions, du lundi 1er au lundi 8 juillet inclus. En ligne : 50 Sur place : 57 <img decoding=\"async\" src=\"http:\/\/2.bp.blogspot.com\/_dx4TRstQxAw\/TFWousMw_qI\/AAAAAAAAEzI\/6OgHvFuHC5Q\/s320\/Arles_5_P1020845.JPG\" alt=\"rencontres arles twitter\" align=\"left\"> Elle doit ouvrir des r\u00e9sidences courtes \u00e0 des pensionnaires accueillis dans le cadre de collaborations avec un r\u00e9seau associatif. , Photographies 1976-2010, du 3 mars au 18 juillet 2020, \u00e0,. Prolong\u00e9e au 18 juillet  Pour vous aider \u00e0 faire vos choix pendant la phase dadmission 2020, consultez et disponibles. Les d\u00e9put\u00e9s ont vot\u00e9 ce mardi le plan de d\u00e9confinement progressif pr\u00e9sent\u00e9 par le gouvernement, face \u00e0 une \u00e9pid\u00e9mie qui a fait 24.087 morts dans le pays. Les mesures seront plus strictes dans les d\u00e9partements o\u00f9 le virus circule activement. 11,3 millions de Fran\u00e7ais sont au ch\u00f4mage partiel. Une enfant porte un masque \u00e0 Madrid, en Espagne. AFP Le gouvernement va pr\u00e9ciser les modalit\u00e9s et certainement durcir les mesures de confinement. A voir si les images des sourires sur le march\u00e9, au del\u00e0 des consid\u00e9rations sanitaires, auront \u00e9t\u00e9 insupportables \u00e0 ses yeux. Le Festival dart lyrique dAix-en-Provence, planifi\u00e9 du 30 juin au 18 juillet. <img decoding=\"async\" src=\"http:\/\/www.arles-info.fr\/wp-content\/uploads\/2018\/09\/20180708030122-1af159ac-cu_s9999x360-500x334.jpg\" alt=\"rencontres arles twitter\" align=\"right\">.<\/p>\n","protected":false},"excerpt":{"rendered":"<p>rencontres arles twitter<\/p>\n","protected":false},"author":1,"featured_media":0,"comment_status":"closed","ping_status":"closed","sticky":false,"template":"","format":"standard","meta":{"footnotes":""},"categories":[1],"tags":[],"_links":{"self":[{"href":"https:\/\/atombroker.hu\/journal\/wp-json\/wp\/v2\/posts\/1783"}],"collection":[{"href":"https:\/\/atombroker.hu\/journal\/wp-json\/wp\/v2\/posts"}],"about":[{"href":"https:\/\/atombroker.hu\/journal\/wp-json\/wp\/v2\/types\/post"}],"author":[{"embeddable":true,"href":"https:\/\/atombroker.hu\/journal\/wp-json\/wp\/v2\/users\/1"}],"replies":[{"embeddable":true,"href":"https:\/\/atombroker.hu\/journal\/wp-json\/wp\/v2\/comments?post=1783"}],"version-history":[{"count":1,"href":"https:\/\/atombroker.hu\/journal\/wp-json\/wp\/v2\/posts\/1783\/revisions"}],"predecessor-version":[{"id":1784,"href":"https:\/\/atombroker.hu\/journal\/wp-json\/wp\/v2\/posts\/1783\/revisions\/1784"}],"wp:attachment":[{"href":"https:\/\/atombroker.hu\/journal\/wp-json\/wp\/v2\/media?parent=1783"}],"wp:term":[{"taxonomy":"category","embeddable":true,"href":"https:\/\/atombroker.hu\/journal\/wp-json\/wp\/v2\/categories?post=1783"},{"taxonomy":"post_tag","embeddable":true,"href":"https:\/\/atombroker.hu\/journal\/wp-json\/wp\/v2\/tags?post=1783"}],"curies":[{"name":"wp","href":"https:\/\/api.w.org\/{rel}","templated":true}]}}