{"id":1743,"date":"2020-09-22T06:41:56","date_gmt":"2020-09-22T06:41:56","guid":{"rendered":"http:\/\/atombroker.hu\/journal\/?p=1743"},"modified":"2020-09-20T15:59:04","modified_gmt":"2020-09-20T15:59:04","slug":"clem-rencontre-mathieu","status":"publish","type":"post","link":"https:\/\/atombroker.hu\/journal\/2020\/09\/22\/clem-rencontre-mathieu\/","title":{"rendered":"Clem Rencontre Mathieu"},"content":{"rendered":"<p>Cette saison, lancien Valenciennois na inscrit quun but en 27 rencontres toutes comp\u00e9titions confondues. Il est estim\u00e9 \u00e0 1,2 M par Transfermarkt. Les Bretons songeraient aussi \u00e0 recruter d\u00e9finitivement Alexandre Mendy et Samuel Grandsir, pr\u00eat\u00e9s cette saison par les Girondins de Bordeaux et lAS Monaco. Ce blog, aujourdhui, souvre au Docteur G\u00e9rard Mathern, m\u00e9decin-directeur retrait\u00e9 dune structure de r\u00e9-\u00e9ducation \u00e0 but non lucratif pr\u00e8s de Saint-Chamond dans la Loire. Le pouvoir actuel et ses laquais de linformation nous r\u00e9p\u00e8tent que lh\u00f4pital est une entreprise. Non, lh\u00f4pital nest pas une entreprise, et cest un professionnel chevronn\u00e9 de la m\u00e9decine qui le dit. Depuis que vous pratiquez le surf, avez vous vu vos spots se d\u00e9grader? Le suivi des Conseils Citoyens dans 4 quartiers de Marseille.  Pour en savoir davantage, y compris comment contr\u00f4ler les cookies, voir : J\u00e9r\u00e9my a eu une ou deux interventions malheureuses en premi\u00e8re p\u00e9riode, cest vrai, mais cela ne d\u00e9pendait pas que de lui : autour de lui, il y avait peut-\u00eatre moins de disponibilit\u00e9 pour jouer vers lavant, ce quil recherche toujours. Il a eu plus de solutions ensuite. Mais je ne vais pas le juger que l\u00e0-dessus, et en face, les attaquants arm\u00e9niens avaient beaucoup de peps : par moments, jai eu limpression que lon donnait le ballon \u00e0 Rapha\u00ebl Varane et \u00e0 J\u00e9r\u00e9my comme pour inciter les Arm\u00e9niens \u00e0 les presser, a affirm\u00e9 le champion du monde 98. L\u00c9cole des Arts D\u00e9co offre une ouverture \u00e0 ses \u00e9tudiants et capitalise sur la richesse de ses r\u00e9seaux internationaux. Encyclop\u00e9die th\u00e9ologique: ou S\u00e9rie de dictionnaires sur toutes les parties..-Jacques-Paul Migne-Google Books Classe de violon du dispositif. Kellyan Bimpa Tuwizana, Lucie Bouill\u00e8re, Cihane Grenier Pandraud, Elya Kokokonan, Aram Yengoyan, Yoh-Anna Yonoudjoum prof. : Sandra Fernandez-Bonnaud fille a\u00een\u00e9e se retrouve maman \u00e0 l\u00e2ge de 16 ans. Le p\u00e8re de lenfant nest Apr\u00e8s 12 ann\u00e9es sous le r\u00e8gne du roi Roland, le tr\u00f4ne de Strasbourg se lib\u00e8re et les pr\u00e9tendants sortent d\u00e9sormais \u00e0 visage.. 20 mars de 15h \u00e0 17h : M\u00e9thodes bay\u00e9siennes non-param\u00e9triques et Cest Yves All\u00e9gret qui ma convaincu. Je tournais mon premier f lm avec lui, Quand la femme sen m\u00eale avec Edwige Feuill\u00e8re, ma marraine de cin\u00e9ma, et mon parrain, Bernard Blier. Pendant tout le tournage, Yves na cess\u00e9 de me r\u00e9p\u00e9ter : Tu es fran\u00e7ais, tu dois commencer ta carri\u00e8re en France. Jai d\u00e9cid\u00e9 de l\u00e9couter. Yves All\u00e9gret, le mari de Simone Signoret, ma donn\u00e9 des conseils fondateurs : Parle comme tu parles, bouge comme tu bouges et regarde comme tu regardes. Je ten supplie, sois toi-m\u00eame, ne joue pas. \u00c7a a \u00e9t\u00e9 le d\u00e9part de ma vie dacteur. Sans ses conseils je ne serais pas l\u00e0. 9h30 11h15 : Les conf\u00e9rences auront lieu dans lamphith\u00e9\u00e2tre Paul C\u00e9zanne, 31 Boulevard dAth\u00e8nes 13001 Marseille Pour d\u00e9velopper leur entreprise, ils ouvrent une campagne de crowdfunding sur la plateforme bordelaise Tudigo. Il sagit dun financement participatif aupr\u00e8s de particuliers. Cela leur permettra de proposer de nouvelles recettes et de s\u00e9quiper dune nouvelle machine. <img decoding=\"async\" src=\"http:\/\/www.citeartistes.com\/images\/clem-corraface.jpg\" alt=\"clem rencontre mathieu\" align=\"left\"> Myl\u00e8ne Escande, Marie-Ya\u00e9 Suematsu Image imprim\u00e9e Cl\u00e9ment Mathieu prot\u00e8ge un \u00e9l\u00e8ve, \u00e0 larriv\u00e9e de Rachin, mais apprend que cest lui, Le Qu\u00e9rrec, qui est coupable dans le pi\u00e8ge qui a bless\u00e9 Maxence. <img decoding=\"async\" src=\"http:\/\/www.kjutlu.ga\/media\/catalog\/product\/cache\/31\/small_image\/930x\/a18d63d58ef90179f78dc3d9257006f0\/4\/5\/4518051_023_4.jpg\" alt=\"clem rencontre mathieu\" align=\"right\"> mercredi 23 novembre de 14h \u00e0 16h : Bayesian nonparametric 12 12 Xavier Ferran est incarn\u00e9 par Philippe Lellouche depuis la saison 5 de Clem.  Salut Romain! Merci pour ton message et content davoir de tes nouvelles. En effet, il a souvent flirt\u00e9 avec les limites A bient\u00f4t! <img decoding=\"async\" src=\"http:\/\/idata.over-blog.com\/1\/59\/49\/25\/TF1\/Series-fran-aise\/clem.jpg\" alt=\"clem rencontre mathieu\" align=\"left\"> de Marc Antoine Charpentier, mis en sc\u00e8ne par Pierre Boudeville  RM : Parmi les r\u00e9centes nominations, il y a lAustralienne Kylie Walters! 8. Qui ne sont pas les grand parents de Valentin parmi ces r\u00e9ponses?<\/p>\n","protected":false},"excerpt":{"rendered":"<p>clem rencontre mathieu<\/p>\n","protected":false},"author":1,"featured_media":0,"comment_status":"closed","ping_status":"closed","sticky":false,"template":"","format":"standard","meta":{"footnotes":""},"categories":[1],"tags":[],"_links":{"self":[{"href":"https:\/\/atombroker.hu\/journal\/wp-json\/wp\/v2\/posts\/1743"}],"collection":[{"href":"https:\/\/atombroker.hu\/journal\/wp-json\/wp\/v2\/posts"}],"about":[{"href":"https:\/\/atombroker.hu\/journal\/wp-json\/wp\/v2\/types\/post"}],"author":[{"embeddable":true,"href":"https:\/\/atombroker.hu\/journal\/wp-json\/wp\/v2\/users\/1"}],"replies":[{"embeddable":true,"href":"https:\/\/atombroker.hu\/journal\/wp-json\/wp\/v2\/comments?post=1743"}],"version-history":[{"count":1,"href":"https:\/\/atombroker.hu\/journal\/wp-json\/wp\/v2\/posts\/1743\/revisions"}],"predecessor-version":[{"id":1744,"href":"https:\/\/atombroker.hu\/journal\/wp-json\/wp\/v2\/posts\/1743\/revisions\/1744"}],"wp:attachment":[{"href":"https:\/\/atombroker.hu\/journal\/wp-json\/wp\/v2\/media?parent=1743"}],"wp:term":[{"taxonomy":"category","embeddable":true,"href":"https:\/\/atombroker.hu\/journal\/wp-json\/wp\/v2\/categories?post=1743"},{"taxonomy":"post_tag","embeddable":true,"href":"https:\/\/atombroker.hu\/journal\/wp-json\/wp\/v2\/tags?post=1743"}],"curies":[{"name":"wp","href":"https:\/\/api.w.org\/{rel}","templated":true}]}}