{"id":1671,"date":"2020-09-22T12:18:11","date_gmt":"2020-09-22T12:18:11","guid":{"rendered":"http:\/\/atombroker.hu\/journal\/?p=1671"},"modified":"2020-09-20T14:33:14","modified_gmt":"2020-09-20T14:33:14","slug":"rencontre-textile-sante","status":"publish","type":"post","link":"https:\/\/atombroker.hu\/journal\/2020\/09\/22\/rencontre-textile-sante\/","title":{"rendered":"Rencontre Textile Sant\u00e9"},"content":{"rendered":"<p> Oups, une erreur a eu lieu lors de lenvoi! champs obligatoires Fonction publique, quelles pistes pour r\u00e9former la SST? Le Cercle Proth\u00e8ses a initi\u00e9 divers projets collectifs de RD sur les biomat\u00e9riaux, sur des proc\u00e9d\u00e9s de fabrication ou encore des traitements de surface? Samedi 9 novembre, auront lieu deux d\u00e9fil\u00e9s autour des modes futures. Le premier aura lieu \u00e0 12h30 et le second \u00e0 15h30. Ils mettront en avant de nouveaux cr\u00e9ateurs et mannequins! D\u00e9fil\u00e9s organis\u00e9s par les \u00e9l\u00e8ves de l\u00e9cole W. 11 d\u00e9cembre 2018 Focus : Federec, lassociation professionnelle des entreprises du recyclage, a lanc\u00e9 le 27 novembre 2018 la premi\u00e8re \u00e9dition des Troph\u00e9es de linnovation. Un appel \u00e0 projets cibl\u00e9 sur le recyclage, destin\u00e9 \u00e0 faire emerger des innovations pour la collecte, le tri et le traitement des d\u00e9chets. Les candidatures sont ouvertes jusqu\u00e0 mi-f\u00e9vrier 2019. Les laur\u00e9ats seront annonc\u00e9s le 2 avril 2019 \u00e0 lAssembl\u00e9e Nationale. 13 produits ou technologies innovantes identifi\u00e9s chaque mois.  Dorothea R\u00fcesch, \u00c2 Production et commerce internationaux de textile et dhabillement : conditions de travail et protection de lenvironnement \u00c2, Annuaire suisse de politique de d\u00e9veloppement, 16 1997, 229-245. R\u00e9f\u00e9rence \u00e9lectronique Si pour beaucoup, il demeure synonyme de s\u00e9duction et de cr\u00e9ativit\u00e9, le secteur fait, pour dautres, de plus en plus figure dembl\u00e8me de la mondialisation incontr\u00f4l\u00e9e, de pollueur massif, de gaspilleur de ressources naturelles, le tout accompagn\u00e9 de conditions de travail indignes. Au nom de la protection de lenvironnement, le Conseil su\u00e9dois de la mode avait d\u00e9j\u00e0 annul\u00e9 la fashion week de Stockholm en juillet 2019. En plus de ses salari\u00e9s, lentreprise a trouv\u00e9 quelque 500 personnes pr\u00eates \u00e0 coudre apr\u00e8s un appel aux bonnes volont\u00e9s. Les masques seront vendus \u00e0 prix co\u00fbtant et les volontaires seront pay\u00e9s 40 centimes pi\u00e8ce. Mais 95 dentre eux pr\u00e9f\u00e8rent que largent soit revers\u00e9 \u00e0 une association caritative, indique M Potelle.  Lindicateur de surchauffe, exprim\u00e9 en Kh kelvin-heure. Cet indicateur repr\u00e9sente les gains solaires non utilisables, ou en particulier les gains solaires non emmagasin\u00e9s dans la construction. Plus ce chiffre est \u00e9lev\u00e9, plus le risque dinconfort d\u00fb \u00e0 la surchauffe augmente. Le jonc de mer est tr\u00e8s appropri\u00e9 pour les pi\u00e8ces humides, la cuisine et la salle de bain. Collecteurs pour les d\u00e9chets textiles \u00e0 Villeneuve-la-Garenne A. Bourillon-Mairie de Villeneuve-la-Garenne 2015 Comment entretenir mon masque lavable grand public? Si la France \u00e9tait une d\u00e9mocratie et non un gouvernement faussement repr\u00e9sentatif, toutes les lois seraient \u00e9crites et vot\u00e9es par le peuple et lon aurait vite fait d\u00e9radiquer les v\u00eatements toxiques. Officiel Pr\u00e9vention est le site de r\u00e9f\u00e9rence en hygi\u00e8ne, sant\u00e9 et s\u00e9curit\u00e9 au travail. Il est d\u00e9di\u00e9 aux Pr\u00e9venteurs et Responsables HSEQSE. Inscrivez-vous pour recevoir notre newsletter <img decoding=\"async\" src=\"http:\/\/ga.china-embassy.org\/fra\/zxxx\/W020161118071436769610.jpg\" alt=\"rencontre textile sant\u00e9\" align=\"center\"> 16 Guttentag-Jacobi, Maja : Welttextilmarkt, in Bulletin Deutsche Bank Research, 1993. 5 Coton : Cest de loin la fibre naturelle la plus importante. Depuis des si\u00e8cles, elle tisse en effet les fils de lhistoire agricole, \u00e9conomique, sociale et culturelle de diverses r\u00e9gions du globe. Outre la fibre textile, le cotonnier fournit dimportants produits secondaires tels que lhuile extraite de ses graines. Voici les principaux pays producteurs de coton : Chine 3,8 millions de tonnes, Etats-Unis 3,5, Inde 2,1, Etats de la CEI 2,0, Pakistan 1,3. Viennent ensuite la Turquie, le Br\u00e9sil, lEgypte, la Gr\u00e8ce, lAustralie, lArgentine et le P\u00e9rou. Nombre de pays africains cultivent aussi le coton. Pour ceux-ci, cette fibre est une source de revenu essentielle, m\u00eame si leurs exportations noccupent quune part infime du march\u00e9 mondial. Au Sud, la vie de 200 millions de personnes qui travaillent dans la culture ou la transformation du coton est pour ainsi dire suspendue \u00e0 son fil. Chaque ann\u00e9e, les pays en d\u00e9veloppement exportent pour plus de 6 milliards de dollars de tissus en coton et leurs exportations de coton brut atteignent par ailleurs quelque 3 milliards de dollars. \u00c0 linitiative dIsabelle Qu\u00e9h\u00e9, fondactrice de lassociation Universal Love, lexposition pr\u00e9sente des pi\u00e8ces dexception confectionn\u00e9es par une soixantaine de designers nationaux et internationaux et engage une r\u00e9flexion sur la mode \u00e9thique tout en valorisant le savoir-faire textile des artistes. <img decoding=\"async\" src=\"http:\/\/blogassets.periblog.fr\/p7IGM_images\/fullsize\/13_fete-clarte-14-_fs.jpg\" alt=\"rencontre textile sant\u00e9\" align=\"right\"> Votre univers artistique est color\u00e9, joyeux et g\u00e9om\u00e9trique. Mais quels sont les adjectifs que vous utiliseriez pour le d\u00e9crire? Pour expliquer ces nouvelles difficult\u00e9s, dAndr\u00e9, Kooka\u00ef, Naf Naf, Chevignon ou Pataugas, le dirigeant \u00e9voque limpact des gilets jaunes sur les ventes. Un manque \u00e0 gagner de 30 millions deuros pour ses enseignes de p\u00e9riph\u00e9rie, comme La Halle, en raison de la d\u00e9saffection des centres commerciaux. Mais le blocage des ronds-points nexplique pas tout. Les enseignes de mode traversent une crise structurelle sans pr\u00e9c\u00e9dent. Entre 2007 et 2018, le secteur du textile en France a perdu 15 en valeur et 7 pour la chaussure, rappelle Gildas Minvielle, directeur de lObservatoire de l\u00e9conomie de lInstitut Fran\u00e7ais de la mode IFM. Le tournant se situe en 2015 avec un effondrement de 9,5 des cha\u00eenes sp\u00e9cialis\u00e9es install\u00e9es en centre-ville ou centre commercial sur trois ans. Avant cette date, elles continuaient \u00e0 ouvrir des magasins. Lann\u00e9e derni\u00e8re, plus dun tiers dentre elles ont d\u00fb en fermer, constate-t-il. Bain de sang Des lacs ass\u00e9ch\u00e9s, des rivi\u00e8res pollu\u00e9es 70 des cours deau en Chine et qui changent de couleurs, des villages entiers malades, des populations oblig\u00e9es de vivre avec des masques en permanence. <img decoding=\"async\" src=\"http:\/\/www.urps-kine-idf.com\/uploads\/itmp2.jpeg\" alt=\"rencontre textile sant\u00e9\" align=\"right\">.<\/p>\n","protected":false},"excerpt":{"rendered":"<p>rencontre textile sant\u00e9<\/p>\n","protected":false},"author":1,"featured_media":0,"comment_status":"closed","ping_status":"closed","sticky":false,"template":"","format":"standard","meta":{"footnotes":""},"categories":[1],"tags":[],"_links":{"self":[{"href":"https:\/\/atombroker.hu\/journal\/wp-json\/wp\/v2\/posts\/1671"}],"collection":[{"href":"https:\/\/atombroker.hu\/journal\/wp-json\/wp\/v2\/posts"}],"about":[{"href":"https:\/\/atombroker.hu\/journal\/wp-json\/wp\/v2\/types\/post"}],"author":[{"embeddable":true,"href":"https:\/\/atombroker.hu\/journal\/wp-json\/wp\/v2\/users\/1"}],"replies":[{"embeddable":true,"href":"https:\/\/atombroker.hu\/journal\/wp-json\/wp\/v2\/comments?post=1671"}],"version-history":[{"count":1,"href":"https:\/\/atombroker.hu\/journal\/wp-json\/wp\/v2\/posts\/1671\/revisions"}],"predecessor-version":[{"id":1672,"href":"https:\/\/atombroker.hu\/journal\/wp-json\/wp\/v2\/posts\/1671\/revisions\/1672"}],"wp:attachment":[{"href":"https:\/\/atombroker.hu\/journal\/wp-json\/wp\/v2\/media?parent=1671"}],"wp:term":[{"taxonomy":"category","embeddable":true,"href":"https:\/\/atombroker.hu\/journal\/wp-json\/wp\/v2\/categories?post=1671"},{"taxonomy":"post_tag","embeddable":true,"href":"https:\/\/atombroker.hu\/journal\/wp-json\/wp\/v2\/tags?post=1671"}],"curies":[{"name":"wp","href":"https:\/\/api.w.org\/{rel}","templated":true}]}}