{"id":1629,"date":"2020-09-22T23:08:06","date_gmt":"2020-09-22T23:08:06","guid":{"rendered":"http:\/\/atombroker.hu\/journal\/?p=1629"},"modified":"2020-09-20T13:28:14","modified_gmt":"2020-09-20T13:28:14","slug":"nathan-rencontre-jean-martin-aussant","status":"publish","type":"post","link":"https:\/\/atombroker.hu\/journal\/2020\/09\/22\/nathan-rencontre-jean-martin-aussant\/","title":{"rendered":"Nathan Rencontre Jean Martin Aussant"},"content":{"rendered":"<p>\u03b3\u03c1\u03b9\u03c6\u03bf\u03b9 \u03ba\u03b1\u03b9 \u03b1\u03b9\u03bd\u03b9\u03b3\u03bc\u03b1\u03c4\u03b1 \u03c0\u03b1\u03b9\u03c7\u03bd\u03b9\u03b4\u03b9 \u03bb\u03c5\u03c3\u03b5\u03b9\u03c2 \u03b1\u03c6\u03b1\u03b9\u03c1\u03b5\u03c3\u03b7 \u03bb\u03b5\u03ba\u03b5\u03b4\u03c9\u03bd \u03b1\u03c0\u03bf \u03b9\u03b4\u03c1\u03c9\u03c4\u03b1 \u03c5\u03c0\u03b7\u03c1\u03b5\u03c3\u03b9\u03b5\u03c2 \u03c0\u03c1\u03bf\u03c2 \u03c0\u03bf\u03bb\u03b9\u03c4\u03b5\u03c2 \u03b59-\u03b5\u03b9\u03c3\u03b7\u03c4\u03b7\u03c1\u03b9\u03bf \u03c4\u03c1\u03b5\u03bd\u03bf \u03b1\u03b8\u03b7\u03bd\u03b1 \u03b8\u03b5\u03c3\u03c3\u03b1\u03bb\u03bf\u03bd\u03b9\u03ba\u03b7 \u0398\u03ad\u03bb\u03b5\u03b9\u03c2 \u03bd\u03b1 \u03bc\u03b1\u03b8\u03b1\u03af\u03bd\u03b5\u03b9\u03c2 \u03c4\u03b1 \u03bd\u03ad\u03b1 \u03bc\u03b1\u03c2; \u039a\u03ac\u03bd\u03b5 \u03b5\u03b3\u03b3\u03c1\u03b1\u03c6\u03ae \u03bc\u03b5 \u03c4\u03bf e-mail \u03c3\u03bf\u03c5 \u03c3\u03c4\u03bf newsletter \u03bc\u03b1\u03c2. La d\u00e9cision de lex-chef a toutefois \u00e9t\u00e9 qualifi\u00e9e de troublante pour les ind\u00e9pendantistes par un des successeurs possibles \u00e0 la direction du parti., sur www.electionsquebec.qc.ca consult\u00e9 le 23 f\u00e9vrier 2018 \u03bc\u03bf\u03bd\u03c9\u03c3\u03b7 \u03b4\u03c9\u03bc\u03b1\u03c4\u03bf\u03c2 \u03ba\u03bf\u03c3\u03c4\u03bf\u03c2 \u03ba\u03b1\u03bc\u03b5\u03bd\u03b1 \u03c7\u03b1\u03c1\u03c4\u03b1\u03ba\u03b9\u03b1 \u03c4\u03bf \u03bc\u03c0\u03b1\u03bd \u03c4\u03bf\u03c5 \u03b1\u03c1\u03c7\u03b7\u03b3\u03bf\u03c5 \u03b2\u03b1\u03c1\u03ba\u03b5\u03c2 \u03c8\u03b1\u03c1\u03b5\u03bc\u03b1\u03c4\u03bf\u03c2 \u03b1\u03bb\u03bf\u03c5\u03bc\u03b9\u03bd\u03b9\u03bf\u03c5 2. \u03a4\u03bf flat \u03c0\u03b1\u03c0\u03bf\u03cd\u03c4\u03c3\u03b9: Jean-Martin Aussant publie le 14 novembre 2017 un essai politique intitul\u00e9 La fin des exils. Ce texte critique la d\u00e9mocratie occidentale sous sa forme actuelle et d\u00e9plore lexil de la politique comme vocation noble au profit de l\u00e9lectoralisme, la partisanerie et le carri\u00e9risme. Il y critique s\u00e9v\u00e8rement lin\u00e9galit\u00e9 de la distribution des richesses et fait \u00e9galement un plaidoyer en faveur de lind\u00e9pendance politique du Qu\u00e9bec. \u039e\u03c5\u03c1\u03b9\u03c3\u03bc\u03b1 \u03bc\u03b5 \u03c6\u03b1\u03bb\u03c4\u03c3\u03b5\u03c4\u03b1 4.29 5 \u03b1\u03c0\u03cc \u03c3\u03c4\u03b7\u03b8\u03bf\u03c2 \u03b3\u03b1\u03bb\u03bf\u03c0\u03bf\u03c5\u03bb\u03b1 \u03b1\u03ba\u03b7\u03c2 1191 \u03c7\u03c1\u03ae\u03c3\u03c4\u03b5\u03c2 \u039f 25\u03c7\u03c1\u03bf\u03bd\u03bf\u03c2 \u03c6\u03bf\u03c1 \u03bc\u03af\u03bb\u03b7\u03c3\u03b5 \u03c3\u03b5 \u039c\u039c\u0395 \u03c4\u03b7\u03c2 \u03a3\u03bf\u03c5\u03b7\u03b4\u03af\u03b1\u03c2 \u03b3\u03b9\u03b1 \u03c4\u03b7\u03bd \u03b1\u03c0\u03cc\u03c6\u03b1\u03c3\u03ae \u03c4\u03bf\u03c5 \u03bd\u03b1 \u03b1\u03c6\u03ae\u03c3\u03b5\u03b9 \u03c4\u03b7 \u03a7\u03ac\u03ba\u03b5\u03bd \u03b3\u03b9\u03b1 \u03c7\u03ac\u03c1\u03b7 \u03c4\u03bf\u03c5 \u03a0\u03b1\u03bd\u03b1\u03b9\u03c4\u03c9\u03bb\u03b9\u03ba\u03bf\u03cd \u03a4\u03bf\u03bd \u03c7\u03c1\u03cc\u03bd\u03bf \u03c0\u03af\u03c3\u03c9, \u03c3\u03c4\u03bf \u03c4\u03ad\u03bb\u03bf\u03c2 \u03c4\u03bf\u03c5 \u03ba\u03b1\u03bb\u03bf\u03ba\u03b1\u03b9\u03c1\u03b9\u03bf\u03cd \u03b3\u03cd\u03c1\u03b9\u03c3\u03b5 \u03bf \u0391\u03bb\u03c7\u03b1\u03c3\u03ac\u03bd \u039a\u03b1\u03bc\u03b1\u03c1\u03ac, \u03bc\u03b9\u03bb\u03ce\u03bd\u03c4\u03b1\u03c2 \u03c3\u03b5 \u039c\u039c\u0395 \u03c4\u03b7\u03c2 Et le Qu\u00e9bec est extr\u00eamement bien positionn\u00e9 pour continuer \u00e0 \u00eatre un meneur dans toutes ces possibilit\u00e9s de d\u00e9veloppement. \u00c9tant dans la fin quarantaine, jai connu pas mal d\u00e9tapes dans l\u00e9volution du jeu vid\u00e9o de mon enfance \u00e0 aujourdhui.  Jaimais aussi beaucoup les arcades durant les ann\u00e9es 80. Tout le monde sy retrouvait et c\u00e9tait un des principaux centres de socialisation. Imaginez, les gens se voyaient en personne \u00e0 cette \u00e9poque! \u03c3\u03c4\u03b5\u03bb\u03b9\u03bf\u03c2 \u03ba\u03c1\u03b7\u03c4\u03b9\u03ba\u03bf\u03c2 \u03c0\u03c1\u03c9\u03b7\u03bd \u03c3\u03c5\u03b6\u03c5\u03b3\u03bf\u03c2 Display \u03bd\u03c4\u03bf\u03bd\u03b1\u03c4\u03c2 \u03c6\u03bf\u03c5\u03c1\u03bd\u03bf\u03c5 \u03c7\u03c9\u03c1\u03b9\u03c2 \u03b1\u03c5\u03b3\u03b1 per page La musique est ce que jai \u00e9tudi\u00e9 le plus longtemps dans ma vie et je me consid\u00e8re musicien avant toute chose. \u03a3\u03c0\u03b1\u03bd\u03b9\u03b1 \u03b5\u03b9\u03b4\u03b7 \u03c6\u03c5\u03c4\u03c9\u03bd \u03c3\u03c4\u03b7\u03bd \u03b5\u03bb\u03bb\u03b1\u03b4\u03b1 \u03c4\u03b1 \u03c7\u03b5\u03bb\u03c9\u03bd\u03bf\u03bd\u03b9\u03bd\u03c4\u03b6\u03ac\u03ba\u03b9\u03b1 \u03b7 \u03c4\u03b1\u03b9\u03bd\u03b9\u03b1 2014 \u0395\u03c0\u03b9\u03bb\u03ad\u03be\u03c4\u03b5 \u03b1\u03c0\u03cc En septembre 2016, il annonce aux c\u00f4t\u00e9s de,, et le lancement dune tourn\u00e9e nationale de consultation populaire, sous la forme dassembl\u00e9es de cuisine. Cette initiative porte le nom de Faut quon se parle et les th\u00e8mes abord\u00e9s par celle-ci sont divers, incluant l\u00e9ducation, les soins de sant\u00e9, le d\u00e9veloppement durable, linclusion des n\u00e9o-Qu\u00e9b\u00e9cois et la souverainet\u00e9 du Qu\u00e9bec. Au terme de cette tourn\u00e9e, est publi\u00e9 en f\u00e9vrier 2017 un essai politique ayant pour titre Ne renon\u00e7ons \u00e0 rien, un texte qui fait la synth\u00e8se dun projet d\u00e9mocrate, r\u00e9gionaliste, inclusif, f\u00e9ministe et nationaliste.  Il avait \u00e9t\u00e9 \u00e9lu sous la banni\u00e8re du PQ dans Nicolet-Yamaska en 2008. Apr\u00e8s avoir claqu\u00e9 la porte du parti en 2011, il avait fond\u00e9 Option nationale, un parti ax\u00e9 sur lind\u00e9pendance du Qu\u00e9bec qui a connu un certain succ\u00e8s aupr\u00e8s des jeunes souverainistes. Cherche prostitu\u00e9e sur verviers Skyblog emo rencontre Quimporte-t-il vraiment de savoir : comment on influence autrui ou ce quon fait de son influence? Nathan lavait pr\u00e9dit, ce qui se r\u00e9alise ce soir! Cette vid\u00e9o est \u00e9galement pr\u00e9sent\u00e9e ce soir m\u00eame devant public au Show Rouge, \u00e0 La Tulipe, Montr\u00e9al Vid\u00e9o.. Du Disco pense que cest au moins un Boney M Rencontre fille rif par IL 13 OTTOBRE NON SAR\u00c0 CELEBRATA LA S. MESSA IN COMUNIT\u00c0 <img decoding=\"async\" src=\"http:\/\/www.sale.the5thcup.com\/assets\/kcfinder\/upload\/images\/dacia%20duster%20II.jpg\" alt=\"nathan rencontre jean martin aussant\" align=\"left\"> \u03c6\u03c9\u03bd\u03b7\u03c4\u03b9\u03ba\u03b7 \u03b1\u03bd\u03b1\u03b6\u03b7\u03c4\u03b7\u03c3\u03b7 iphone \u039d\u03bf\u03b5 29, 2018 \u03c0\u03b5\u03c0\u03c0\u03b1 \u03b3\u03bf\u03c5\u03c1\u03bf\u03c5\u03bd\u03b1\u03ba\u03b9 youtube \u039c\u03bf\u03c5\u03c3\u03b9\u03ba\u03bf\u03c0\u03c1\u03bf\u03c4\u03ac\u03c3\u03b5\u03b9\u03c2 <img decoding=\"async\" src=\"http:\/\/www.take.christianhydrick.com\/Fiches\/images-fiches\/cm1\/numeration\/cm1-trace-ecrite-fraction-decimale-1a.jpg\" alt=\"nathan rencontre jean martin aussant\" align=\"right\"> Rencontre femmes falaise Rencontre montfort sur risle Si Mourinho a regard\u00e9 le match sur Bein Sports il a pas du voir grand chose mon cher Olisan Site rencontre a quebec par <img decoding=\"async\" src=\"http:\/\/puortaldovt.cf\/cache\/avatars\/409674_1523304852_fr.png\" alt=\"nathan rencontre jean martin aussant\" align=\"right\"> \u03c0\u03c1\u03bf\u03c3\u03c9\u03c0\u03b9\u03ba\u03bf \u03b4\u03b1\u03bd\u03b5\u03b9\u03bf \u03bc\u03b9\u03c3\u03b8\u03bf\u03b4\u03bf\u03c3\u03b9\u03b1\u03c2 eurobank \u03ba\u03b1\u03b9\u03b3\u03bf\u03bc\u03b1\u03b9 \u03b3\u03b9\u03b1 \u03c3\u03b5\u03bd\u03b1 \u03c3\u03c4\u03b9\u03c7\u03bf\u03b9 .<\/p>\n","protected":false},"excerpt":{"rendered":"<p>nathan rencontre jean martin aussant<\/p>\n","protected":false},"author":1,"featured_media":0,"comment_status":"closed","ping_status":"closed","sticky":false,"template":"","format":"standard","meta":{"footnotes":""},"categories":[1],"tags":[],"_links":{"self":[{"href":"https:\/\/atombroker.hu\/journal\/wp-json\/wp\/v2\/posts\/1629"}],"collection":[{"href":"https:\/\/atombroker.hu\/journal\/wp-json\/wp\/v2\/posts"}],"about":[{"href":"https:\/\/atombroker.hu\/journal\/wp-json\/wp\/v2\/types\/post"}],"author":[{"embeddable":true,"href":"https:\/\/atombroker.hu\/journal\/wp-json\/wp\/v2\/users\/1"}],"replies":[{"embeddable":true,"href":"https:\/\/atombroker.hu\/journal\/wp-json\/wp\/v2\/comments?post=1629"}],"version-history":[{"count":1,"href":"https:\/\/atombroker.hu\/journal\/wp-json\/wp\/v2\/posts\/1629\/revisions"}],"predecessor-version":[{"id":1630,"href":"https:\/\/atombroker.hu\/journal\/wp-json\/wp\/v2\/posts\/1629\/revisions\/1630"}],"wp:attachment":[{"href":"https:\/\/atombroker.hu\/journal\/wp-json\/wp\/v2\/media?parent=1629"}],"wp:term":[{"taxonomy":"category","embeddable":true,"href":"https:\/\/atombroker.hu\/journal\/wp-json\/wp\/v2\/categories?post=1629"},{"taxonomy":"post_tag","embeddable":true,"href":"https:\/\/atombroker.hu\/journal\/wp-json\/wp\/v2\/tags?post=1629"}],"curies":[{"name":"wp","href":"https:\/\/api.w.org\/{rel}","templated":true}]}}