{"id":1559,"date":"2020-09-21T11:59:49","date_gmt":"2020-09-21T11:59:49","guid":{"rendered":"http:\/\/atombroker.hu\/journal\/?p=1559"},"modified":"2020-09-20T12:04:26","modified_gmt":"2020-09-20T12:04:26","slug":"rencontre-entre-juana-et-felipe","status":"publish","type":"post","link":"https:\/\/atombroker.hu\/journal\/2020\/09\/21\/rencontre-entre-juana-et-felipe\/","title":{"rendered":"Rencontre Entre Juana Et Felipe"},"content":{"rendered":"<p>Spoli at ion en lui assurant une l\u00e9gitimit\u00e9 traditionnelle, a \u00e9t\u00e9 assum\u00e9e par les Chefs de la Maison Royale de Franc e depu is l e roi Philippe IV le Bel jus qu au r oi Charles X.  Le roi de France c\u00e8de \u00e0 sa ni\u00e8ce les droits dynastiques sur le Royaume de Naples et lui conc\u00e8de le titre de roi de J\u00e9rusalem, droits qui doivent revenir \u00e0 la France si le mariage reste sans descendance 58. Manuel HERRERO S\u00c2NCHEZ, El acercamiento., op. Cit, p 194-195. Loi Moyano rendant obligatoire la scolarit\u00e9 entre 6 et 9 ans. 19 \u00e9v\u00e9nements affich\u00e9s, le premier en 1469-le dernier en 1578 Des r\u00e9formes sont lanc\u00e9es \u00e0 Naples par le vice-roi comte de Lemos, et en Sicile par le vice-roi duc dOsuna, afin dadapter les institutions \u00e0 ces nouvelles configurations. Il sagit principalement de r\u00e9server une partie du revenu des royaumes aux d\u00e9penses militaires en affectant les entr\u00e9es d\u00e9sign\u00e9es \u00e0 cet effet \u00e0 des caisses s\u00e9par\u00e9es, afin de bien d\u00e9gager les priorit\u00e9s d\u00e9sormais signal\u00e9es aux royaumes. Des mesures sont prises en direction des universit\u00e9s pour \u00e9viter les faillites de plus en plus mena\u00e7antes. \u00c0 partir de 1624, \u00e0 Naples une junte dirig\u00e9e par le r\u00e9gent du Collat\u00e9ral Carlo Tapia, jusqu\u00e0 r\u00e9cemment r\u00e9gent du Conseil dItalie, se fait envoyer les livres de comptes des universit\u00e9s et r\u00e9organise leurs finances. Les nouveaux emprunts sont interdits sans autorisation du Collat\u00e9ral, les anciens cr\u00e9dits ren\u00e9goci\u00e9s et leurs taux dint\u00e9r\u00eat v\u00e9rifi\u00e9s. Il sagit dune \u00e9norme op\u00e9ration de transformation de la dette flottante en dette consolid\u00e9e. Ce qui reste de contributions directes est converti en gabelles et les universit\u00e9s sont encourag\u00e9es \u00e0 payer prioritairement les fiscali. En Sicile aussi, les universit\u00e9s sont ainsi mises sous tutelle \u00e0 loccasion de tourn\u00e9es organis\u00e9es par les percepteurs. La junte de Carlo Tapia a le temps de traiter les dossiers de plus de la moiti\u00e9 des universit\u00e9s du royaume avant la nouvelle banqueroute espagnole de 1627 S. De Mox\u00f3, El auge de la nobleza urbana en Castilla y su proyecci\u00f3n en el \u00e1mbito administrativo y rural a comienzos de la Baja Edad Moderna, Bolet\u00edn de la Real Academia de la Historia 178, 1981, p 407-518.  <img decoding=\"async\" src=\"http:\/\/s1.dmcdn.net\/Fs5l8\/x240-skr.jpg\" alt=\"rencontre entre juana et felipe\" align=\"right\"> Artemis Fowl, Thor, Cendrillon : 3 univers magiques revisit\u00e9s par Kenneth Branagh sur Disney Toutes les actus Cin\u00e9ma 14 octobre Loi damnistie g\u00e9n\u00e9rale sur les d\u00e9lits politiques depuis 1939. Ce courant historiographique majeur de lhistoire italienne souligne donc fortement les connexions entre laffirmation des groupes aristocratiques et lorganisation des appareils institutionnels publics. En novembre, il se rend \u00e0 Naples. Il y peint le portrait de linfante Marie, s\u0153ur de philippe IV, mais aussi La Tunique de Joseph et La Forge de Vulcain repr\u00e9sent\u00e9e ci-dessous. <img decoding=\"async\" src=\"http:\/\/media.ldscdn.org\/images\/videos\/missionary\/2018-mormonorg\/2018-01-2800-welcome-mormonorg-768x432-still.jpg\" alt=\"rencontre entre juana et felipe\" align=\"center\"> 88 M. Fern\u00e1ndez \u00e1lvarez, op. Cit, II, p. 32-43 et 44-45. Ditin\u00e9raires q ui emp\u00eachent lacc\u00e8s \u00e0 lenseignem en t sup \u00e9ri eur et met en concurren ce les \u00e9t ablis sements pour un e cou rse vers l exce llence. <img decoding=\"async\" src=\"http:\/\/spkuny.pl\/wp-content\/uploads\/2016\/12\/DSC04095.jpg\" alt=\"rencontre entre juana et felipe\" align=\"left\"> 9Le deuxi\u00e8me parti est compos\u00e9 des fid\u00e8les du roi Ferdinand dAragon parti aragonais ou ferdinandien fig 3. Bien que, politiquement, ses membres affichent une rigoureuse unit\u00e9, son nom nen r\u00e9v\u00e8le pas moins une composition tr\u00e8s h\u00e9t\u00e9rog\u00e8ne. Le c\u0153ur de ce parti est constitu\u00e9 de serviteurs aragonais dorigine jud\u00e9o-convers. Une large partie dentre eux sest form\u00e9e au sein de la maison du roi Jean II, le p\u00e8re de Ferdinand le Catholique, et sest install\u00e9e en Castille quand le Roi Catholique a vu son pouvoir confirm\u00e9. Dans ce groupe, on trouve Luis de Sant\u00e1ngel, secr\u00e9taire aux comptes du royaume dAragon, le converso Gabriel S\u00e1nchez, tr\u00e9sorier g\u00e9n\u00e9ral dAragon il joue un r\u00f4le dans lassassinat de linquisiteur Pedro de Arbu\u00e9s qui meurt \u00e0 S\u00e9govie en 1505. Son fils, Luis, h\u00e9rite de la charge et lexerce jusqu\u00e0 sa mort en 1530. Elle est ensuite transmise \u00e0 son fr\u00e8re Gabriel S\u00e1nchez comme si la fonction \u00e9tait devenue attach\u00e9e \u00e0 la famille. On trouve \u00e9galement dans ce groupe Juan Coloma, originaire de Borja, qui apr\u00e8s avoir int\u00e9gr\u00e9 le service de Jean II dAragon, participe \u00e0 la guerre de Grenade aux c\u00f4t\u00e9s du Ferdinand et assure le contr\u00f4le financier des gr\u00e2ces royales octroy\u00e9es ; Miguel P\u00e9rez de Almaz\u00e1n, natif de Catalayud, ainsi que son prot\u00e9g\u00e9 Pedro de Quintana qui, \u00e0 son tour, favorise lascension de son neveu, Lope de Conchillos. De plus, Quintana a pour beau-p\u00e8re Jaime Ferrer, le corregidor de Tol\u00e8de, dont le fr\u00e8re, Luis, \u00e9tait limplacable gardien de prison de la reine do\u00f1a Juana \u00e0 Tordesillas. Parmi les prot\u00e9g\u00e9s de P\u00e9rez de Almaz\u00e1n figurent Juan Ruiz Calcena ainsi quun jeune homme andalou, Francisco de Los Cobos. Attir\u00e9 par les promesses de richesses, il quitte sa ville natale d\u00dabeda pour rejoindre la Cour. Une deuxi\u00e8me branche du parti aragonais est compos\u00e9e de serviteurs castillans qui, depuis larriv\u00e9e de Ferdinand en Castille, soutiennent le jeune prince aragonais. On compte parmi eux le fr\u00e8re Diego de Deza, un brillant professeur de luniversit\u00e9 de Salamanque qui est recommand\u00e9 au roi par son oncle, Rodrigo de Ulloa regidor de Toro, en 1480. Le parrainage de son oncle porte ses fruits. Peu de temps apr\u00e8s son intervention en sa faveur, il est appel\u00e9 \u00e0 la Cour comme pr\u00e9cepteur du prince. Apr\u00e8s la mort du prince, Deza int\u00e8gre le parti de Ferdinand. En 1505, lannonce de la venue de Jeanne et de Philippe le Beau en Castille se confirmant, il fait venir \u00e0 la Cour son neveu, Juan Pardo Tavera, un jeune professeur de lUniversit\u00e9 de Salamanque. Antonio de Fonseca, nomm\u00e9 par les Rois Catholiques le 15 mai 1499, occupe la fonction de majordome majeur de la princesse Marguerite l\u00e9pouse du prince Juan. Depuis l\u00e9viction du serviteur dIsabelle, \u00c1lvaro de Portugal en 1503, il exerce la charge de contador mayor, cest-\u00e0-dire de contr\u00f4leur g\u00e9n\u00e9ral des finances de Castille. Son fr\u00e8re, Juan Rodr\u00edguez Fonseca, qui a la mainmise sur les affaires des Indes, compte \u00e9galement parmi les partisans de Ferdinand. Signe de son influence, il accompagne, en 1501, linfante Catalina en Angleterre, deux ans apr\u00e8s avoir \u00e9t\u00e9 ordonn\u00e9 \u00e9v\u00eaque de Cordoue. Apr\u00e8s la mort dIsabelle la Catholique, le roi Ferdinand le promeut au rang de comte de Pern\u00eda et lui offre l\u00e9v\u00each\u00e9 de Palencia en \u00e9change de son intervention en Flandres aux c\u00f4t\u00e9s de Lope de Conchillos o\u00f9 il a la d\u00e9licate mission de r\u00e9colter des informations sur l\u00e9tat mental de Jeanne et de la dissuader de venir en Castille. Les autres membres importants de ce groupe sont Gal\u00edndez de Carvajal, membre du Conseil Royal depuis 1502, Hernando de Vega, Francisco de Los Cobos, Sancho de Matienzo, etc. Enfin, il faut rappeler la pr\u00e9sence dans ce parti dun petit nombre de nobles. Ils avaient t\u00e9moign\u00e9 \u00e0 Ferdinand dun fervent soutien d\u00e8s son arriv\u00e9e en Castille pour y c\u00e9l\u00e9brer son mariage avec Isabelle. Les principales figures sont le comte de Alba, don Bernardo de Rojas, marquis de Denia, son majordome, don Diego de Mendo\u00e7a et don Ioan de Mendo\u00e7a, son fr\u00e8re ; don Hernando de Tol\u00e8de, le fr\u00e8re du duc dAlva, don \u00c1lvaro de Luna ainsi que don Hernando de Rojas. 28 ao\u00fbt Prise de Lille par les troupes fran\u00e7aises. .<\/p>\n","protected":false},"excerpt":{"rendered":"<p>rencontre entre juana et felipe<\/p>\n","protected":false},"author":1,"featured_media":0,"comment_status":"closed","ping_status":"closed","sticky":false,"template":"","format":"standard","meta":{"footnotes":""},"categories":[1],"tags":[],"_links":{"self":[{"href":"https:\/\/atombroker.hu\/journal\/wp-json\/wp\/v2\/posts\/1559"}],"collection":[{"href":"https:\/\/atombroker.hu\/journal\/wp-json\/wp\/v2\/posts"}],"about":[{"href":"https:\/\/atombroker.hu\/journal\/wp-json\/wp\/v2\/types\/post"}],"author":[{"embeddable":true,"href":"https:\/\/atombroker.hu\/journal\/wp-json\/wp\/v2\/users\/1"}],"replies":[{"embeddable":true,"href":"https:\/\/atombroker.hu\/journal\/wp-json\/wp\/v2\/comments?post=1559"}],"version-history":[{"count":1,"href":"https:\/\/atombroker.hu\/journal\/wp-json\/wp\/v2\/posts\/1559\/revisions"}],"predecessor-version":[{"id":1560,"href":"https:\/\/atombroker.hu\/journal\/wp-json\/wp\/v2\/posts\/1559\/revisions\/1560"}],"wp:attachment":[{"href":"https:\/\/atombroker.hu\/journal\/wp-json\/wp\/v2\/media?parent=1559"}],"wp:term":[{"taxonomy":"category","embeddable":true,"href":"https:\/\/atombroker.hu\/journal\/wp-json\/wp\/v2\/categories?post=1559"},{"taxonomy":"post_tag","embeddable":true,"href":"https:\/\/atombroker.hu\/journal\/wp-json\/wp\/v2\/tags?post=1559"}],"curies":[{"name":"wp","href":"https:\/\/api.w.org\/{rel}","templated":true}]}}